{"id":460347,"date":"2022-12-18T20:00:05","date_gmt":"2022-12-19T02:00:05","guid":{"rendered":"https:\/\/www.zunoticia.com\/noticias-de-hidalgo\/?p=460347"},"modified":"2022-12-18T20:00:05","modified_gmt":"2022-12-19T02:00:05","slug":"herido-en-choque-entre-camioneta-y-motocicleta","status":"publish","type":"post","link":"https:\/\/www.zunoticia.com\/noticias-de-hidalgo\/2022\/12\/18\/herido-en-choque-entre-camioneta-y-motocicleta\/","title":{"rendered":"Herido en choque entre camioneta y motocicleta"},"content":{"rendered":"<aside class=\"mashsb-container mashsb-main mashsb-stretched\"><div class=\"mashsb-box\"><div class=\"mashsb-count mash-large\" style=\"float:left\"><div class=\"counts mashsbcount\">25<\/div><span class=\"mashsb-sharetext\">SHARES<\/span><\/div><div class=\"mashsb-buttons\"><a class=\"mashicon-facebook mash-large mash-center mashsb-noshadow\" href=\"https:\/\/www.facebook.com\/sharer.php?u=https%3A%2F%2Fwww.zunoticia.com%2Fnoticias-de-hidalgo%2F2022%2F12%2F18%2Fherido-en-choque-entre-camioneta-y-motocicleta%2F\" target=\"_top\" rel=\"nofollow\"><span class=\"icon\"><\/span><span class=\"text\">Share<\/span><\/a><a class=\"mashicon-twitter mash-large mash-center mashsb-noshadow\" href=\"https:\/\/twitter.com\/intent\/tweet?text=&amp;url=https:\/\/www.zunoticia.com\/noticias-de-hidalgo\/2022\/12\/18\/herido-en-choque-entre-camioneta-y-motocicleta\/\" target=\"_top\" rel=\"nofollow\"><span class=\"icon\"><\/span><span class=\"text\">Tweet<\/span><\/a><div class=\"onoffswitch2 mash-large mashsb-noshadow\" style=\"display:none\"><\/div><\/div>\n            <\/div>\n                <div style=\"clear:both\"><\/div><div class=\"mashsb-toggle-container\"><\/div><\/aside>\n            <!-- Share buttons by mashshare.net - Version: 4.0.47-->\n<p><em>Por Redacci\u00f3n\/Zunoticia<\/em><\/p>\n\n\n\n<p><strong>Atlapexco, Hgo.-<\/strong> Un fuerte choque entre una camioneta y una motocicleta que se registr\u00f3 este fin de semana en la carretera estatal Atlapexco \u2013 Calnali, a la altura de la localidad de Tecolotitla, perteneciente a este municipio, dej\u00f3 como saldo una persona lesionada.<\/p>\n\n\n\n<figure class=\"wp-block-image size-large\"><img fetchpriority=\"high\" decoding=\"async\" width=\"1024\" height=\"950\" src=\"https:\/\/www.zunoticia.com\/noticias-de-hidalgo\/wp-content\/uploads\/2022\/12\/Imagen-de-WhatsApp-2022-12-18-a-las-19.08.50-1024x950.jpg\" alt=\"\" class=\"wp-image-460341\" srcset=\"https:\/\/www.zunoticia.com\/noticias-de-hidalgo\/wp-content\/uploads\/2022\/12\/Imagen-de-WhatsApp-2022-12-18-a-las-19.08.50-1024x950.jpg 1024w, https:\/\/www.zunoticia.com\/noticias-de-hidalgo\/wp-content\/uploads\/2022\/12\/Imagen-de-WhatsApp-2022-12-18-a-las-19.08.50-300x278.jpg 300w, https:\/\/www.zunoticia.com\/noticias-de-hidalgo\/wp-content\/uploads\/2022\/12\/Imagen-de-WhatsApp-2022-12-18-a-las-19.08.50-768x713.jpg 768w, https:\/\/www.zunoticia.com\/noticias-de-hidalgo\/wp-content\/uploads\/2022\/12\/Imagen-de-WhatsApp-2022-12-18-a-las-19.08.50.jpg 1280w\" sizes=\"(max-width: 1024px) 100vw, 1024px\" \/><\/figure>\n\n\n\n<p>El accidente presuntamente fue provocado por un veh\u00edculo de la marca Ford de color azul, con placas de circulaci\u00f3n HR-7848-E del estado de Hidalgo, el cual se impact\u00f3 contra una moto, cuyo conductor sali\u00f3 disparado y result\u00f3 con m\u00faltiples lesiones en su humanidad.<\/p>\n\n\n\n<p>El percance de tr\u00e1nsito terrestre moviliz\u00f3 a las autoridades polic\u00edacas y personal de Protecci\u00f3n Civil, quienes atendieron al herido de nombre Omar H. G., de 45 a\u00f1os, a quien trasladaron al Hospital Integral de Atlapexco, para que recibiera atenci\u00f3n m\u00e9dica, mientras que el presunto responsable y las unidades involucradas en el incidente, fueron llevadas a la comandancia para el deslinde de responsabilidades.<\/p>\n","protected":false},"excerpt":{"rendered":"<p>Por Redacci\u00f3n\/Zunoticia Atlapexco, Hgo.- Un fuerte choque entre una camioneta y una motocicleta que se registr\u00f3 este fin de semana en la carretera estatal Atlapexco \u2013 Calnali, a la altura de la localidad de Tecolotitla, perteneciente a este municipio, dej\u00f3 como saldo una persona lesionada. El accidente presuntamente fue provocado por un veh\u00edculo de la&hellip; <a class=\"more-link\" href=\"https:\/\/www.zunoticia.com\/noticias-de-hidalgo\/2022\/12\/18\/herido-en-choque-entre-camioneta-y-motocicleta\/\">Seguir leyendo <span class=\"screen-reader-text\">Herido en choque entre camioneta y motocicleta<\/span><\/a><\/p>\n","protected":false},"author":12,"featured_media":460342,"comment_status":"closed","ping_status":"open","sticky":false,"template":"","format":"standard","meta":{"rop_custom_images_group":[],"rop_custom_messages_group":[],"rop_publish_now":"initial","rop_publish_now_accounts":{"facebook_10159540855086992_322828327761733":""},"rop_publish_now_history":[],"rop_publish_now_status":"pending","footnotes":""},"categories":[178],"tags":[259],"class_list":["post-460347","post","type-post","status-publish","format-standard","has-post-thumbnail","hentry","category-policiaca","tag-policiaca","entry"],"_links":{"self":[{"href":"https:\/\/www.zunoticia.com\/noticias-de-hidalgo\/wp-json\/wp\/v2\/posts\/460347","targetHints":{"allow":["GET"]}}],"collection":[{"href":"https:\/\/www.zunoticia.com\/noticias-de-hidalgo\/wp-json\/wp\/v2\/posts"}],"about":[{"href":"https:\/\/www.zunoticia.com\/noticias-de-hidalgo\/wp-json\/wp\/v2\/types\/post"}],"author":[{"embeddable":true,"href":"https:\/\/www.zunoticia.com\/noticias-de-hidalgo\/wp-json\/wp\/v2\/users\/12"}],"replies":[{"embeddable":true,"href":"https:\/\/www.zunoticia.com\/noticias-de-hidalgo\/wp-json\/wp\/v2\/comments?post=460347"}],"version-history":[{"count":1,"href":"https:\/\/www.zunoticia.com\/noticias-de-hidalgo\/wp-json\/wp\/v2\/posts\/460347\/revisions"}],"predecessor-version":[{"id":460348,"href":"https:\/\/www.zunoticia.com\/noticias-de-hidalgo\/wp-json\/wp\/v2\/posts\/460347\/revisions\/460348"}],"wp:featuredmedia":[{"embeddable":true,"href":"https:\/\/www.zunoticia.com\/noticias-de-hidalgo\/wp-json\/wp\/v2\/media\/460342"}],"wp:attachment":[{"href":"https:\/\/www.zunoticia.com\/noticias-de-hidalgo\/wp-json\/wp\/v2\/media?parent=460347"}],"wp:term":[{"taxonomy":"category","embeddable":true,"href":"https:\/\/www.zunoticia.com\/noticias-de-hidalgo\/wp-json\/wp\/v2\/categories?post=460347"},{"taxonomy":"post_tag","embeddable":true,"href":"https:\/\/www.zunoticia.com\/noticias-de-hidalgo\/wp-json\/wp\/v2\/tags?post=460347"}],"curies":[{"name":"wp","href":"https:\/\/api.w.org\/{rel}","templated":true}]}}