{"id":460349,"date":"2022-12-18T20:03:19","date_gmt":"2022-12-19T02:03:19","guid":{"rendered":"https:\/\/www.zunoticia.com\/noticias-de-hidalgo\/?p=460349"},"modified":"2022-12-18T20:03:21","modified_gmt":"2022-12-19T02:03:21","slug":"personal-del-mp-y-juzgados-en-periodo-vacacional","status":"publish","type":"post","link":"https:\/\/www.zunoticia.com\/noticias-de-hidalgo\/2022\/12\/18\/personal-del-mp-y-juzgados-en-periodo-vacacional\/","title":{"rendered":"Personal del MP y Juzgados en periodo vacacional"},"content":{"rendered":"<aside class=\"mashsb-container mashsb-main mashsb-stretched\"><div class=\"mashsb-box\"><div class=\"mashsb-count mash-large\" style=\"float:left\"><div class=\"counts mashsbcount\">49<\/div><span class=\"mashsb-sharetext\">SHARES<\/span><\/div><div class=\"mashsb-buttons\"><a class=\"mashicon-facebook mash-large mash-center mashsb-noshadow\" href=\"https:\/\/www.facebook.com\/sharer.php?u=https%3A%2F%2Fwww.zunoticia.com%2Fnoticias-de-hidalgo%2F2022%2F12%2F18%2Fpersonal-del-mp-y-juzgados-en-periodo-vacacional%2F\" target=\"_top\" rel=\"nofollow\"><span class=\"icon\"><\/span><span class=\"text\">Share<\/span><\/a><a class=\"mashicon-twitter mash-large mash-center mashsb-noshadow\" href=\"https:\/\/twitter.com\/intent\/tweet?text=&amp;url=https:\/\/www.zunoticia.com\/noticias-de-hidalgo\/2022\/12\/18\/personal-del-mp-y-juzgados-en-periodo-vacacional\/\" target=\"_top\" rel=\"nofollow\"><span class=\"icon\"><\/span><span class=\"text\">Tweet<\/span><\/a><div class=\"onoffswitch2 mash-large mashsb-noshadow\" style=\"display:none\"><\/div><\/div>\n            <\/div>\n                <div style=\"clear:both\"><\/div><div class=\"mashsb-toggle-container\"><\/div><\/aside>\n            <!-- Share buttons by mashshare.net - Version: 4.0.47-->\n<ul class=\"wp-block-list\"><li>Suspenden actividades normales y solo hay personal de guardia.<\/li><\/ul>\n\n\n\n<p><em>Por Redacci\u00f3n\/Zunoticia<\/em><\/p>\n\n\n\n<p><strong>Huejutla, Hgo.-<\/strong> Personal de la agencia del Ministerio P\u00fablico de este Distrito Judicial y Juzgados Civil y Familiar, a partir de este lunes 19 de diciembre estar\u00e1 en periodo vacacional.<\/p>\n\n\n\n<p>Personal de la Procuradur\u00eda General de Justicia del Estado, dio a conocer que, por instrucciones de sus superiores, no se suspender\u00e1n actividades totalmente, ya que habr\u00e1 guardia permanente a trav\u00e9s de un rol de las mesas mixtas y del Centro de Atenci\u00f3n Temprana (CAT), para brindar servicio a la poblaci\u00f3n que requiera poner alguna denuncia en esta dependencia.<\/p>\n\n\n\n<p>El personal de la agencia y juzgados permanecer\u00e1n en periodo vacacional del 19 de diciembre al 6 de enero de 2023 y estos regresar\u00e1n a sus labores normales hasta el pr\u00f3ximo 9 de enero, no obstante, siempre habr\u00e1 guardias para atender las denuncias o tr\u00e1mites urgentes que requiera realizar la ciudadan\u00eda.<\/p>\n","protected":false},"excerpt":{"rendered":"<p>Suspenden actividades normales y solo hay personal de guardia. Por Redacci\u00f3n\/Zunoticia Huejutla, Hgo.- Personal de la agencia del Ministerio P\u00fablico de este Distrito Judicial y Juzgados Civil y Familiar, a partir de este lunes 19 de diciembre estar\u00e1 en periodo vacacional. Personal de la Procuradur\u00eda General de Justicia del Estado, dio a conocer que, por&hellip; <a class=\"more-link\" href=\"https:\/\/www.zunoticia.com\/noticias-de-hidalgo\/2022\/12\/18\/personal-del-mp-y-juzgados-en-periodo-vacacional\/\">Seguir leyendo <span class=\"screen-reader-text\">Personal del MP y Juzgados en periodo vacacional<\/span><\/a><\/p>\n","protected":false},"author":12,"featured_media":460350,"comment_status":"closed","ping_status":"open","sticky":false,"template":"","format":"standard","meta":{"rop_custom_images_group":[],"rop_custom_messages_group":[],"rop_publish_now":"initial","rop_publish_now_accounts":{"facebook_10159540855086992_322828327761733":""},"rop_publish_now_history":[],"rop_publish_now_status":"pending","footnotes":""},"categories":[178],"tags":[259],"class_list":["post-460349","post","type-post","status-publish","format-standard","has-post-thumbnail","hentry","category-policiaca","tag-policiaca","entry"],"_links":{"self":[{"href":"https:\/\/www.zunoticia.com\/noticias-de-hidalgo\/wp-json\/wp\/v2\/posts\/460349","targetHints":{"allow":["GET"]}}],"collection":[{"href":"https:\/\/www.zunoticia.com\/noticias-de-hidalgo\/wp-json\/wp\/v2\/posts"}],"about":[{"href":"https:\/\/www.zunoticia.com\/noticias-de-hidalgo\/wp-json\/wp\/v2\/types\/post"}],"author":[{"embeddable":true,"href":"https:\/\/www.zunoticia.com\/noticias-de-hidalgo\/wp-json\/wp\/v2\/users\/12"}],"replies":[{"embeddable":true,"href":"https:\/\/www.zunoticia.com\/noticias-de-hidalgo\/wp-json\/wp\/v2\/comments?post=460349"}],"version-history":[{"count":1,"href":"https:\/\/www.zunoticia.com\/noticias-de-hidalgo\/wp-json\/wp\/v2\/posts\/460349\/revisions"}],"predecessor-version":[{"id":460351,"href":"https:\/\/www.zunoticia.com\/noticias-de-hidalgo\/wp-json\/wp\/v2\/posts\/460349\/revisions\/460351"}],"wp:featuredmedia":[{"embeddable":true,"href":"https:\/\/www.zunoticia.com\/noticias-de-hidalgo\/wp-json\/wp\/v2\/media\/460350"}],"wp:attachment":[{"href":"https:\/\/www.zunoticia.com\/noticias-de-hidalgo\/wp-json\/wp\/v2\/media?parent=460349"}],"wp:term":[{"taxonomy":"category","embeddable":true,"href":"https:\/\/www.zunoticia.com\/noticias-de-hidalgo\/wp-json\/wp\/v2\/categories?post=460349"},{"taxonomy":"post_tag","embeddable":true,"href":"https:\/\/www.zunoticia.com\/noticias-de-hidalgo\/wp-json\/wp\/v2\/tags?post=460349"}],"curies":[{"name":"wp","href":"https:\/\/api.w.org\/{rel}","templated":true}]}}