{"id":460507,"date":"2022-12-20T12:29:42","date_gmt":"2022-12-20T18:29:42","guid":{"rendered":"https:\/\/www.zunoticia.com\/noticias-de-hidalgo\/?p=460507"},"modified":"2022-12-20T13:14:15","modified_gmt":"2022-12-20T19:14:15","slug":"ebrio-automovilista-ocasiono-choque","status":"publish","type":"post","link":"https:\/\/www.zunoticia.com\/noticias-de-hidalgo\/2022\/12\/20\/ebrio-automovilista-ocasiono-choque\/","title":{"rendered":"Ebrio automovilista ocasion\u00f3 choque"},"content":{"rendered":"<aside class=\"mashsb-container mashsb-main mashsb-stretched\"><div class=\"mashsb-box\"><div class=\"mashsb-count mash-large\" style=\"float:left\"><div class=\"counts mashsbcount\">24<\/div><span class=\"mashsb-sharetext\">SHARES<\/span><\/div><div class=\"mashsb-buttons\"><a class=\"mashicon-facebook mash-large mash-center mashsb-noshadow\" href=\"https:\/\/www.facebook.com\/sharer.php?u=https%3A%2F%2Fwww.zunoticia.com%2Fnoticias-de-hidalgo%2F2022%2F12%2F20%2Febrio-automovilista-ocasiono-choque%2F\" target=\"_top\" rel=\"nofollow\"><span class=\"icon\"><\/span><span class=\"text\">Share<\/span><\/a><a class=\"mashicon-twitter mash-large mash-center mashsb-noshadow\" href=\"https:\/\/twitter.com\/intent\/tweet?text=&amp;url=https:\/\/www.zunoticia.com\/noticias-de-hidalgo\/2022\/12\/20\/ebrio-automovilista-ocasiono-choque\/\" target=\"_top\" rel=\"nofollow\"><span class=\"icon\"><\/span><span class=\"text\">Tweet<\/span><\/a><div class=\"onoffswitch2 mash-large mashsb-noshadow\" style=\"display:none\"><\/div><\/div>\n            <\/div>\n                <div style=\"clear:both\"><\/div><div class=\"mashsb-toggle-container\"><\/div><\/aside>\n            <!-- Share buttons by mashshare.net - Version: 4.0.47-->\n<p><em>Por Redacci\u00f3n\/Zunoticia<\/em><\/p>\n\n\n\n<p><strong>Huejutla, Hgo. &#8211;<\/strong> Irresponsable automovilista que presuntamente conduc\u00eda bajo los efectos de las bebidas embriagantes, provoc\u00f3 un choque al circular sobre el bulevar Adolfo L\u00f3pez Mateos de la colonia Aviaci\u00f3n Civil de esta ciudad.<\/p>\n\n\n\n<p>El percance fue ocasionado por un veh\u00edculo Contour color guinda, cuyo conductor supuestamente intent\u00f3 rebasar y se impact\u00f3 contra una unidad del servicio de transporte p\u00fablico en su modalidad de taxi identificado con el n\u00famero econ\u00f3mico 116.<\/p>\n\n\n\n<figure class=\"wp-block-image size-full\"><img fetchpriority=\"high\" decoding=\"async\" width=\"720\" height=\"482\" src=\"https:\/\/www.zunoticia.com\/noticias-de-hidalgo\/wp-content\/uploads\/2022\/12\/WhatsApp-Image-2022-12-20-at-11.02.47-AM-1.jpeg\" alt=\"\" class=\"wp-image-460509\" srcset=\"https:\/\/www.zunoticia.com\/noticias-de-hidalgo\/wp-content\/uploads\/2022\/12\/WhatsApp-Image-2022-12-20-at-11.02.47-AM-1.jpeg 720w, https:\/\/www.zunoticia.com\/noticias-de-hidalgo\/wp-content\/uploads\/2022\/12\/WhatsApp-Image-2022-12-20-at-11.02.47-AM-1-300x201.jpeg 300w\" sizes=\"(max-width: 720px) 100vw, 720px\" \/><figcaption><em>Ebrio automovilista provoc\u00f3 percance.<\/em><\/figcaption><\/figure>\n\n\n\n<p>De los hechos tomaron conocimiento elementos de la Polic\u00eda Estatal y Secretar\u00eda de Seguridad P\u00fablica Municipal, quienes detuvieron al ebrio conductor, mientras que el coche lo remolcaron al corral\u00f3n con el apoyo de una gr\u00faa particular.<\/p>\n\n\n\n<p>Finalmente se informa que en el incidente no hubo personas lesionadas, solo da\u00f1os materiales, informaron las autoridades polic\u00edacas.<\/p>\n","protected":false},"excerpt":{"rendered":"<p>Por Redacci\u00f3n\/Zunoticia Huejutla, Hgo. &#8211; Irresponsable automovilista que presuntamente conduc\u00eda bajo los efectos de las bebidas embriagantes, provoc\u00f3 un choque al circular sobre el bulevar Adolfo L\u00f3pez Mateos de la colonia Aviaci\u00f3n Civil de esta ciudad. El percance fue ocasionado por un veh\u00edculo Contour color guinda, cuyo conductor supuestamente intent\u00f3 rebasar y se impact\u00f3 contra&hellip; <a class=\"more-link\" href=\"https:\/\/www.zunoticia.com\/noticias-de-hidalgo\/2022\/12\/20\/ebrio-automovilista-ocasiono-choque\/\">Seguir leyendo <span class=\"screen-reader-text\">Ebrio automovilista ocasion\u00f3 choque<\/span><\/a><\/p>\n","protected":false},"author":12,"featured_media":460508,"comment_status":"closed","ping_status":"open","sticky":false,"template":"","format":"standard","meta":{"rop_custom_images_group":[],"rop_custom_messages_group":[],"rop_publish_now":"initial","rop_publish_now_accounts":{"facebook_10159540855086992_322828327761733":""},"rop_publish_now_history":[],"rop_publish_now_status":"pending","footnotes":""},"categories":[178],"tags":[121],"class_list":["post-460507","post","type-post","status-publish","format-standard","has-post-thumbnail","hentry","category-policiaca","tag-huejutla","entry"],"_links":{"self":[{"href":"https:\/\/www.zunoticia.com\/noticias-de-hidalgo\/wp-json\/wp\/v2\/posts\/460507","targetHints":{"allow":["GET"]}}],"collection":[{"href":"https:\/\/www.zunoticia.com\/noticias-de-hidalgo\/wp-json\/wp\/v2\/posts"}],"about":[{"href":"https:\/\/www.zunoticia.com\/noticias-de-hidalgo\/wp-json\/wp\/v2\/types\/post"}],"author":[{"embeddable":true,"href":"https:\/\/www.zunoticia.com\/noticias-de-hidalgo\/wp-json\/wp\/v2\/users\/12"}],"replies":[{"embeddable":true,"href":"https:\/\/www.zunoticia.com\/noticias-de-hidalgo\/wp-json\/wp\/v2\/comments?post=460507"}],"version-history":[{"count":1,"href":"https:\/\/www.zunoticia.com\/noticias-de-hidalgo\/wp-json\/wp\/v2\/posts\/460507\/revisions"}],"predecessor-version":[{"id":460510,"href":"https:\/\/www.zunoticia.com\/noticias-de-hidalgo\/wp-json\/wp\/v2\/posts\/460507\/revisions\/460510"}],"wp:featuredmedia":[{"embeddable":true,"href":"https:\/\/www.zunoticia.com\/noticias-de-hidalgo\/wp-json\/wp\/v2\/media\/460508"}],"wp:attachment":[{"href":"https:\/\/www.zunoticia.com\/noticias-de-hidalgo\/wp-json\/wp\/v2\/media?parent=460507"}],"wp:term":[{"taxonomy":"category","embeddable":true,"href":"https:\/\/www.zunoticia.com\/noticias-de-hidalgo\/wp-json\/wp\/v2\/categories?post=460507"},{"taxonomy":"post_tag","embeddable":true,"href":"https:\/\/www.zunoticia.com\/noticias-de-hidalgo\/wp-json\/wp\/v2\/tags?post=460507"}],"curies":[{"name":"wp","href":"https:\/\/api.w.org\/{rel}","templated":true}]}}