{"id":460606,"date":"2022-12-20T17:21:13","date_gmt":"2022-12-20T23:21:13","guid":{"rendered":"https:\/\/www.zunoticia.com\/noticias-de-hidalgo\/?p=460606"},"modified":"2022-12-20T17:21:15","modified_gmt":"2022-12-20T23:21:15","slug":"alfredo-san-roman-ante-miles-rinde-protesta-como-subsecretario-de-catem","status":"publish","type":"post","link":"https:\/\/www.zunoticia.com\/noticias-de-hidalgo\/2022\/12\/20\/alfredo-san-roman-ante-miles-rinde-protesta-como-subsecretario-de-catem\/","title":{"rendered":"Alfredo San Rom\u00e1n, ante miles, rinde protesta como Subsecretario de CATEM"},"content":{"rendered":"<aside class=\"mashsb-container mashsb-main mashsb-stretched\"><div class=\"mashsb-box\"><div class=\"mashsb-count mash-large\" style=\"float:left\"><div class=\"counts mashsbcount\">29<\/div><span class=\"mashsb-sharetext\">SHARES<\/span><\/div><div class=\"mashsb-buttons\"><a class=\"mashicon-facebook mash-large mash-center mashsb-noshadow\" href=\"https:\/\/www.facebook.com\/sharer.php?u=https%3A%2F%2Fwww.zunoticia.com%2Fnoticias-de-hidalgo%2F2022%2F12%2F20%2Falfredo-san-roman-ante-miles-rinde-protesta-como-subsecretario-de-catem%2F\" target=\"_top\" rel=\"nofollow\"><span class=\"icon\"><\/span><span class=\"text\">Share<\/span><\/a><a class=\"mashicon-twitter mash-large mash-center mashsb-noshadow\" href=\"https:\/\/twitter.com\/intent\/tweet?text=&amp;url=https:\/\/www.zunoticia.com\/noticias-de-hidalgo\/2022\/12\/20\/alfredo-san-roman-ante-miles-rinde-protesta-como-subsecretario-de-catem\/\" target=\"_top\" rel=\"nofollow\"><span class=\"icon\"><\/span><span class=\"text\">Tweet<\/span><\/a><div class=\"onoffswitch2 mash-large mashsb-noshadow\" style=\"display:none\"><\/div><\/div>\n            <\/div>\n                <div style=\"clear:both\"><\/div><div class=\"mashsb-toggle-container\"><\/div><\/aside>\n            <!-- Share buttons by mashshare.net - Version: 4.0.47-->\n<p><em>Por Salvador Altamirano\/Zunoticia<\/em><\/p>\n\n\n\n<p><strong>Huejutla, Hgo.<\/strong> &#8211; M\u00e1s de cuatro mil personas provenientes de diferentes municipios de la Sierra y Huasteca, acudieron este d\u00eda a la toma de protesta del Sub Secretario de la Confederaci\u00f3n Aut\u00f3noma de Trabajadores y Empleados de M\u00e9xico (CATEM), Alfredo San Rom\u00e1n Duval.<\/p>\n\n\n\n<figure class=\"wp-block-image size-large\"><img fetchpriority=\"high\" decoding=\"async\" width=\"1024\" height=\"576\" src=\"https:\/\/www.zunoticia.com\/noticias-de-hidalgo\/wp-content\/uploads\/2022\/12\/WhatsApp-Image-2022-12-20-at-5.03.42-PM-1024x576.jpeg\" alt=\"\" class=\"wp-image-460610\" srcset=\"https:\/\/www.zunoticia.com\/noticias-de-hidalgo\/wp-content\/uploads\/2022\/12\/WhatsApp-Image-2022-12-20-at-5.03.42-PM-1024x576.jpeg 1024w, https:\/\/www.zunoticia.com\/noticias-de-hidalgo\/wp-content\/uploads\/2022\/12\/WhatsApp-Image-2022-12-20-at-5.03.42-PM-300x169.jpeg 300w, https:\/\/www.zunoticia.com\/noticias-de-hidalgo\/wp-content\/uploads\/2022\/12\/WhatsApp-Image-2022-12-20-at-5.03.42-PM-768x432.jpeg 768w, https:\/\/www.zunoticia.com\/noticias-de-hidalgo\/wp-content\/uploads\/2022\/12\/WhatsApp-Image-2022-12-20-at-5.03.42-PM.jpeg 1280w\" sizes=\"(max-width: 1024px) 100vw, 1024px\" \/><\/figure>\n\n\n\n<p>Durante el evento, que tuvo efecto aproximadamente a las 13:00 horas en un auditorio improvisado en las inmediaciones de la colonia Parque de Poblamiento, tambi\u00e9n se les tom\u00f3 protesta a los comit\u00e9s municipales de Huejutla; Huautla; Tlanchinol y Tepehuac\u00e1n de Guerrero, lo cual estuvo a cargo de Jos\u00e9 Alberto Mart\u00ednez Guzm\u00e1n, Secretario General de la CATEM en el Estado de Hidalgo.<\/p>\n\n\n\n<p>Durante su intervenci\u00f3n, el dirigente estatal enfatiz\u00f3 que el l\u00edder nacional de la referida organizaci\u00f3n, el Senador Pedro Haces Barba, est\u00e1 recorriendo el pa\u00eds para informar sobre el importante crecimiento que est\u00e1 teniendo la CATEM, quien en esta ocasi\u00f3n no pudo asistir enviando en su presentaci\u00f3n al ex- diputado federal Fortunato Gonz\u00e1lez Castillo.<\/p>\n\n\n\n<p>Al hacer uso de la palabra ante miles de asistentes que le profesaban su &#8220;respaldo y cari\u00f1o&#8221;, Alfredo San Rom\u00e1n Duval detall\u00f3 en primer t\u00e9rmino su esfuerzo y lucha por beneficiar a la ciudadan\u00eda, en particular a la de Huejutla, la cual inici\u00f3 -rememor\u00f3-, hace veinte a\u00f1os cuando fue por primera vez elegido gobernante de este municipio y posteriormente durante su segundo trienio.<\/p>\n\n\n\n<figure class=\"wp-block-image size-large\"><img decoding=\"async\" width=\"1024\" height=\"576\" src=\"https:\/\/www.zunoticia.com\/noticias-de-hidalgo\/wp-content\/uploads\/2022\/12\/WhatsApp-Image-2022-12-20-at-5.03.42-PM-2-1024x576.jpeg\" alt=\"\" class=\"wp-image-460608\" srcset=\"https:\/\/www.zunoticia.com\/noticias-de-hidalgo\/wp-content\/uploads\/2022\/12\/WhatsApp-Image-2022-12-20-at-5.03.42-PM-2-1024x576.jpeg 1024w, https:\/\/www.zunoticia.com\/noticias-de-hidalgo\/wp-content\/uploads\/2022\/12\/WhatsApp-Image-2022-12-20-at-5.03.42-PM-2-300x169.jpeg 300w, https:\/\/www.zunoticia.com\/noticias-de-hidalgo\/wp-content\/uploads\/2022\/12\/WhatsApp-Image-2022-12-20-at-5.03.42-PM-2-768x432.jpeg 768w, https:\/\/www.zunoticia.com\/noticias-de-hidalgo\/wp-content\/uploads\/2022\/12\/WhatsApp-Image-2022-12-20-at-5.03.42-PM-2.jpeg 1280w\" sizes=\"(max-width: 1024px) 100vw, 1024px\" \/><\/figure>\n\n\n\n<p>Para m\u00ed -enfatiz\u00f3-, hoy es una gran responsabilidad formar parte de la CATEM, que es una organizaci\u00f3n afiliada al Movimiento de Regeneraci\u00f3n Nacional (MORENA), me siento muy honrado con esta distinci\u00f3n, pero tambi\u00e9n comprometido, por lo que voy a rendir mi m\u00e1ximo esfuerzo para que a la gente de la Sierra y la Huasteca le vaya bien.<\/p>\n\n\n\n<p>Agreg\u00f3 que: hacen falta muchas cosas por hacer, las necesidades apremian, por lo que les refrendo mi compromiso -acentu\u00f3-, pero sobre todo les doy mi palabra, que voy a seguir trabajando en beneficio de la ciudadan\u00eda hasta el d\u00eda en que me muera.<\/p>\n\n\n\n<figure class=\"wp-block-image size-large\"><img decoding=\"async\" width=\"1024\" height=\"576\" src=\"https:\/\/www.zunoticia.com\/noticias-de-hidalgo\/wp-content\/uploads\/2022\/12\/WhatsApp-Image-2022-12-20-at-5.03.42-PM-1-1024x576.jpeg\" alt=\"\" class=\"wp-image-460609\" srcset=\"https:\/\/www.zunoticia.com\/noticias-de-hidalgo\/wp-content\/uploads\/2022\/12\/WhatsApp-Image-2022-12-20-at-5.03.42-PM-1-1024x576.jpeg 1024w, https:\/\/www.zunoticia.com\/noticias-de-hidalgo\/wp-content\/uploads\/2022\/12\/WhatsApp-Image-2022-12-20-at-5.03.42-PM-1-300x169.jpeg 300w, https:\/\/www.zunoticia.com\/noticias-de-hidalgo\/wp-content\/uploads\/2022\/12\/WhatsApp-Image-2022-12-20-at-5.03.42-PM-1-768x432.jpeg 768w, https:\/\/www.zunoticia.com\/noticias-de-hidalgo\/wp-content\/uploads\/2022\/12\/WhatsApp-Image-2022-12-20-at-5.03.42-PM-1.jpeg 1280w\" sizes=\"(max-width: 1024px) 100vw, 1024px\" \/><\/figure>\n\n\n\n<p>Es oportuno destacar, que en el evento hubo una asistencia muy notoria de habitantes de colonias y comunidades de Huejutla, quienes coincid\u00edan en la expresi\u00f3n: &#8220;Hemos venido apoyar a nuestro amigo Alfredo San Rom\u00e1n Duval&#8221;, lo cual patentizaban en carteles que esgrim\u00edan.<\/p>\n","protected":false},"excerpt":{"rendered":"<p>Por Salvador Altamirano\/Zunoticia Huejutla, Hgo. &#8211; M\u00e1s de cuatro mil personas provenientes de diferentes municipios de la Sierra y Huasteca, acudieron este d\u00eda a la toma de protesta del Sub Secretario de la Confederaci\u00f3n Aut\u00f3noma de Trabajadores y Empleados de M\u00e9xico (CATEM), Alfredo San Rom\u00e1n Duval. Durante el evento, que tuvo efecto aproximadamente a las&hellip; <a class=\"more-link\" href=\"https:\/\/www.zunoticia.com\/noticias-de-hidalgo\/2022\/12\/20\/alfredo-san-roman-ante-miles-rinde-protesta-como-subsecretario-de-catem\/\">Seguir leyendo <span class=\"screen-reader-text\">Alfredo San Rom\u00e1n, ante miles, rinde protesta como Subsecretario de CATEM<\/span><\/a><\/p>\n","protected":false},"author":12,"featured_media":460607,"comment_status":"closed","ping_status":"open","sticky":false,"template":"","format":"standard","meta":{"rop_custom_images_group":[],"rop_custom_messages_group":[],"rop_publish_now":"initial","rop_publish_now_accounts":{"facebook_10159540855086992_322828327761733":""},"rop_publish_now_history":[],"rop_publish_now_status":"pending","footnotes":""},"categories":[181],"tags":[121],"class_list":["post-460606","post","type-post","status-publish","format-standard","has-post-thumbnail","hentry","category-huejutla","tag-huejutla","entry"],"_links":{"self":[{"href":"https:\/\/www.zunoticia.com\/noticias-de-hidalgo\/wp-json\/wp\/v2\/posts\/460606","targetHints":{"allow":["GET"]}}],"collection":[{"href":"https:\/\/www.zunoticia.com\/noticias-de-hidalgo\/wp-json\/wp\/v2\/posts"}],"about":[{"href":"https:\/\/www.zunoticia.com\/noticias-de-hidalgo\/wp-json\/wp\/v2\/types\/post"}],"author":[{"embeddable":true,"href":"https:\/\/www.zunoticia.com\/noticias-de-hidalgo\/wp-json\/wp\/v2\/users\/12"}],"replies":[{"embeddable":true,"href":"https:\/\/www.zunoticia.com\/noticias-de-hidalgo\/wp-json\/wp\/v2\/comments?post=460606"}],"version-history":[{"count":1,"href":"https:\/\/www.zunoticia.com\/noticias-de-hidalgo\/wp-json\/wp\/v2\/posts\/460606\/revisions"}],"predecessor-version":[{"id":460611,"href":"https:\/\/www.zunoticia.com\/noticias-de-hidalgo\/wp-json\/wp\/v2\/posts\/460606\/revisions\/460611"}],"wp:featuredmedia":[{"embeddable":true,"href":"https:\/\/www.zunoticia.com\/noticias-de-hidalgo\/wp-json\/wp\/v2\/media\/460607"}],"wp:attachment":[{"href":"https:\/\/www.zunoticia.com\/noticias-de-hidalgo\/wp-json\/wp\/v2\/media?parent=460606"}],"wp:term":[{"taxonomy":"category","embeddable":true,"href":"https:\/\/www.zunoticia.com\/noticias-de-hidalgo\/wp-json\/wp\/v2\/categories?post=460606"},{"taxonomy":"post_tag","embeddable":true,"href":"https:\/\/www.zunoticia.com\/noticias-de-hidalgo\/wp-json\/wp\/v2\/tags?post=460606"}],"curies":[{"name":"wp","href":"https:\/\/api.w.org\/{rel}","templated":true}]}}