{"id":460616,"date":"2022-12-20T18:00:11","date_gmt":"2022-12-21T00:00:11","guid":{"rendered":"https:\/\/www.zunoticia.com\/noticias-de-hidalgo\/?p=460616"},"modified":"2022-12-20T18:00:12","modified_gmt":"2022-12-21T00:00:12","slug":"exhortan-a-dignificar-con-nombres-de-calles-a-huastecos-distinguidos","status":"publish","type":"post","link":"https:\/\/www.zunoticia.com\/noticias-de-hidalgo\/2022\/12\/20\/exhortan-a-dignificar-con-nombres-de-calles-a-huastecos-distinguidos\/","title":{"rendered":"Exhortan a dignificar con nombres de calles a huastecos distinguidos"},"content":{"rendered":"<aside class=\"mashsb-container mashsb-main mashsb-stretched\"><div class=\"mashsb-box\"><div class=\"mashsb-count mash-large\" style=\"float:left\"><div class=\"counts mashsbcount\">17<\/div><span class=\"mashsb-sharetext\">SHARES<\/span><\/div><div class=\"mashsb-buttons\"><a class=\"mashicon-facebook mash-large mash-center mashsb-noshadow\" href=\"https:\/\/www.facebook.com\/sharer.php?u=https%3A%2F%2Fwww.zunoticia.com%2Fnoticias-de-hidalgo%2F2022%2F12%2F20%2Fexhortan-a-dignificar-con-nombres-de-calles-a-huastecos-distinguidos%2F\" target=\"_top\" rel=\"nofollow\"><span class=\"icon\"><\/span><span class=\"text\">Share<\/span><\/a><a class=\"mashicon-twitter mash-large mash-center mashsb-noshadow\" href=\"https:\/\/twitter.com\/intent\/tweet?text=&amp;url=https:\/\/www.zunoticia.com\/noticias-de-hidalgo\/2022\/12\/20\/exhortan-a-dignificar-con-nombres-de-calles-a-huastecos-distinguidos\/\" target=\"_top\" rel=\"nofollow\"><span class=\"icon\"><\/span><span class=\"text\">Tweet<\/span><\/a><div class=\"onoffswitch2 mash-large mashsb-noshadow\" style=\"display:none\"><\/div><\/div>\n            <\/div>\n                <div style=\"clear:both\"><\/div><div class=\"mashsb-toggle-container\"><\/div><\/aside>\n            <!-- Share buttons by mashshare.net - Version: 4.0.47-->\n<p><em>Por Salvador Altamirano\/Zunoticia<\/em><\/p>\n\n\n\n<p><strong>Huejutla, Hgo. &#8211;<\/strong> Habitantes de la poblaci\u00f3n, opinaron que es injusto que calles y colonias de Huejutla ostenten nombres de pol\u00edticos y no de huastecos distinguidos, entre ellos el escritor y poeta Francisco Neumann Lara, quien escribi\u00f3 la historia de la regi\u00f3n en verso.<\/p>\n\n\n\n<p>No obstante, reconocieron que hay nombres de avenidas que perpet\u00faan la memoria de personajes que encabezaron movimientos transcendentales que dieron gloria a la naci\u00f3n, como Benito Ju\u00e1rez; Jos\u00e9 Mar\u00eda Morelos y Miguel Hidalgo, entre otros pocos que es meritorio enaltecer.<\/p>\n\n\n\n<p>Pero hay otras -subrayaron-, calles y colonias que tienen nombres de pol\u00edticos, estatales y nacionales, que han da\u00f1ado y averg\u00fcenzan la memoria hist\u00f3rica del pa\u00eds, y perpetuarlos es una ofensa para la ciudadan\u00eda.<\/p>\n\n\n\n<p>Por tal motivo, quien responde al nombre de Jos\u00e9 Castillo Reyes, coment\u00f3 que cambiarle nombres a calles y colonias es facultad de la H. Asamblea Municipal, por lo que ser\u00eda pertinente que valoraran el requerimiento ciudadano, el cual est\u00e1 fundado en una realidad irrebatible.<\/p>\n\n\n\n<p>Para concluir, manifest\u00f3 que anta\u00f1o las calles del primer cuadro de la poblaci\u00f3n ostentaban nombres de diferentes estados de la Rep\u00fablica, pero a mediados del siglo pasado, los regidores de esas fechas les cambiaron nombres, posiblemente, tambi\u00e9n por una solicitud ciudadana.<\/p>\n","protected":false},"excerpt":{"rendered":"<p>Por Salvador Altamirano\/Zunoticia Huejutla, Hgo. &#8211; Habitantes de la poblaci\u00f3n, opinaron que es injusto que calles y colonias de Huejutla ostenten nombres de pol\u00edticos y no de huastecos distinguidos, entre ellos el escritor y poeta Francisco Neumann Lara, quien escribi\u00f3 la historia de la regi\u00f3n en verso. No obstante, reconocieron que hay nombres de avenidas&hellip; <a class=\"more-link\" href=\"https:\/\/www.zunoticia.com\/noticias-de-hidalgo\/2022\/12\/20\/exhortan-a-dignificar-con-nombres-de-calles-a-huastecos-distinguidos\/\">Seguir leyendo <span class=\"screen-reader-text\">Exhortan a dignificar con nombres de calles a huastecos distinguidos<\/span><\/a><\/p>\n","protected":false},"author":12,"featured_media":460617,"comment_status":"closed","ping_status":"open","sticky":false,"template":"","format":"standard","meta":{"rop_custom_images_group":[],"rop_custom_messages_group":[],"rop_publish_now":"initial","rop_publish_now_accounts":{"facebook_10159540855086992_322828327761733":""},"rop_publish_now_history":[],"rop_publish_now_status":"pending","footnotes":""},"categories":[181],"tags":[121],"class_list":["post-460616","post","type-post","status-publish","format-standard","has-post-thumbnail","hentry","category-huejutla","tag-huejutla","entry"],"_links":{"self":[{"href":"https:\/\/www.zunoticia.com\/noticias-de-hidalgo\/wp-json\/wp\/v2\/posts\/460616","targetHints":{"allow":["GET"]}}],"collection":[{"href":"https:\/\/www.zunoticia.com\/noticias-de-hidalgo\/wp-json\/wp\/v2\/posts"}],"about":[{"href":"https:\/\/www.zunoticia.com\/noticias-de-hidalgo\/wp-json\/wp\/v2\/types\/post"}],"author":[{"embeddable":true,"href":"https:\/\/www.zunoticia.com\/noticias-de-hidalgo\/wp-json\/wp\/v2\/users\/12"}],"replies":[{"embeddable":true,"href":"https:\/\/www.zunoticia.com\/noticias-de-hidalgo\/wp-json\/wp\/v2\/comments?post=460616"}],"version-history":[{"count":1,"href":"https:\/\/www.zunoticia.com\/noticias-de-hidalgo\/wp-json\/wp\/v2\/posts\/460616\/revisions"}],"predecessor-version":[{"id":460618,"href":"https:\/\/www.zunoticia.com\/noticias-de-hidalgo\/wp-json\/wp\/v2\/posts\/460616\/revisions\/460618"}],"wp:featuredmedia":[{"embeddable":true,"href":"https:\/\/www.zunoticia.com\/noticias-de-hidalgo\/wp-json\/wp\/v2\/media\/460617"}],"wp:attachment":[{"href":"https:\/\/www.zunoticia.com\/noticias-de-hidalgo\/wp-json\/wp\/v2\/media?parent=460616"}],"wp:term":[{"taxonomy":"category","embeddable":true,"href":"https:\/\/www.zunoticia.com\/noticias-de-hidalgo\/wp-json\/wp\/v2\/categories?post=460616"},{"taxonomy":"post_tag","embeddable":true,"href":"https:\/\/www.zunoticia.com\/noticias-de-hidalgo\/wp-json\/wp\/v2\/tags?post=460616"}],"curies":[{"name":"wp","href":"https:\/\/api.w.org\/{rel}","templated":true}]}}