{"id":460652,"date":"2022-12-20T21:31:17","date_gmt":"2022-12-21T03:31:17","guid":{"rendered":"https:\/\/www.zunoticia.com\/noticias-de-hidalgo\/?p=460652"},"modified":"2022-12-20T21:31:19","modified_gmt":"2022-12-21T03:31:19","slug":"espejeando-por-perseo-503","status":"publish","type":"post","link":"https:\/\/www.zunoticia.com\/noticias-de-hidalgo\/2022\/12\/20\/espejeando-por-perseo-503\/","title":{"rendered":"ESPEJEANDO por Perseo"},"content":{"rendered":"<aside class=\"mashsb-container mashsb-main mashsb-stretched\"><div class=\"mashsb-box\"><div class=\"mashsb-count mash-large\" style=\"float:left\"><div class=\"counts mashsbcount\">24<\/div><span class=\"mashsb-sharetext\">SHARES<\/span><\/div><div class=\"mashsb-buttons\"><a class=\"mashicon-facebook mash-large mash-center mashsb-noshadow\" href=\"https:\/\/www.facebook.com\/sharer.php?u=https%3A%2F%2Fwww.zunoticia.com%2Fnoticias-de-hidalgo%2F2022%2F12%2F20%2Fespejeando-por-perseo-503%2F\" target=\"_top\" rel=\"nofollow\"><span class=\"icon\"><\/span><span class=\"text\">Share<\/span><\/a><a class=\"mashicon-twitter mash-large mash-center mashsb-noshadow\" href=\"https:\/\/twitter.com\/intent\/tweet?text=&amp;url=https:\/\/www.zunoticia.com\/noticias-de-hidalgo\/2022\/12\/20\/espejeando-por-perseo-503\/\" target=\"_top\" rel=\"nofollow\"><span class=\"icon\"><\/span><span class=\"text\">Tweet<\/span><\/a><div class=\"onoffswitch2 mash-large mashsb-noshadow\" style=\"display:none\"><\/div><\/div>\n            <\/div>\n                <div style=\"clear:both\"><\/div><div class=\"mashsb-toggle-container\"><\/div><\/aside>\n            <!-- Share buttons by mashshare.net - Version: 4.0.47-->\n<p>\u2022 Jos\u00e9 Alfredo San Rom\u00e1n Duval es el coordinador de sierra y huasteca de la Confederaci\u00f3n Aut\u00f3noma de Trabajadores y Empleados de M\u00e9xico (CATEM), a un a\u00f1o y medio de que vengan los procesos electorales llega un espacio, sin duda, por dem\u00e1s importante; el dos veces alcalde es un atractivo electoral, lo saben propios y extra\u00f1os y lo lamentan sus adversarios que lo aprecian caminando s\u00f3lido, y como no, las lecturas que manda este evento no son para menos; por cierto en el siguiente proceso electoral Morena, PT, Verde y Nueva Alianza lo \u00fanico que buscan es voto ciudadano, recordemos que el siguiente proyecto a Presidencia de la Rep\u00fablica acordar\u00e1 votos, no expectativas, sobre todo teniendo a la 4T en la ruta de la continuidad y el mensaje de CATEM dice mucho.<\/p>\n\n\n\n<p>\u2022 Morena tiene m\u00e1s proyectos j\u00f3venes que ya se aprecian, estar\u00e1n levantando la mano, como Gabriel Ramos Moguel, Emilio Badillo o el mismo Ra\u00fal Badillo que se quiere medir, o el ciudadano empresario comerciante respetable Omegar Barrag\u00e1n o su hija Paloma Barrag\u00e1n, adem\u00e1s del joven titular de la UTHH Miguel Acosta y algunos m\u00e1s que se podr\u00edan apuntar.<\/p>\n\n\n\n<p>\u2022\u2022 El Consejo Pol\u00edtico Nacional (CPN) del Partido Revolucionario Institucional (PRI) aprob\u00f3 la&nbsp;suscripci\u00f3n de convenios de coalici\u00f3n&nbsp;con el Partido Acci\u00f3n Nacional (PAN) y el Partido de la Revoluci\u00f3n Democr\u00e1tica (PRD) para las&nbsp;elecciones del 2023&nbsp;en el&nbsp;Estado de M\u00e9xico&nbsp;y&nbsp;Coahuila, adem\u00e1s de la publicaci\u00f3n de las convocatorias para seleccionar las candidaturas a ambos gobiernos, y le extendieron a Alejandro Moreno hasta 2024 para que encabece la dirigencia nacional lo que inevitablemente gener\u00f3 mucho ruido a los grupos que esperan su salida una vez cumplidos los plazos.<\/p>\n\n\n\n<p>\u2022\u2022 Ya hay negocios entre conservadores, la alianza con el PAN y el PRD para el proceso electoral 2022-2023 como del 2024 estar\u00edan a cargo del presidente del Comit\u00e9 Ejecutivo Nacional (CEN) del PRI, Alejandro Moreno C\u00e1rdenas, que ya autoriz\u00f3 el CPN en sesi\u00f3n extraordinaria.<\/p>\n\n\n\n<p>La Coalici\u00f3n Va por M\u00e9xico, se mantiene en la lucha porque el PRI mantenga sus espacios.<\/p>\n\n\n\n<p>\u2022\u2022 El dirigente nacional del PRI cuantific\u00f3 como freno a la aprobaci\u00f3n de la Reforma El\u00e9ctrica y la Reforma Electoral, y que con ello, cierra la posibilidad de que Morena pudiera realizar cambios constitucionales; el tema tiene sus matices, por muchas razones, pues ambos aliados han perdido los espacios pol\u00edticos en juego y por este acuerdo pareciera necesario caminar juntos a donde por separado no podr\u00edan. Habr\u00e1 que ver si el factor Alito, que se prolonga m\u00e1s all\u00e1 de su mandato, cuando hubo voces que desde antes buscaban retirarlo del cargo en el PRI, les funciona.<\/p>\n\n\n\n<p>\u2022\u2022 Mientras en Hidalgo los pri\u00edstas tienen cartas marcadas, pues los integrantes de quienes fueron gobierno y que buscan figurar en un proyecto pol\u00edtico, tendr\u00e1n que buscar alternativas para acceder a espacios tras la derrota y ser congruentes, de no entrometer la funci\u00f3n p\u00fablica con la pol\u00edtica, como lo hizo Omar Fayad\u00a0 pues\u00a0 su gobierno se blind\u00f3 evitando meter las manos, eso implica pagar el costo natural, pues no hacer lo tradicional sin duda trajo consecuencias, no solo perder el PRI el gobierno, tambi\u00e9n una etiqueta que le puso la excandidata a gobernador; pero eso no termin\u00f3 ah\u00ed, pues perdi\u00f3 la Secretar\u00eda Nacional del PRI, por ende con la sart\u00e9n en la mano hasta los ayuntamientos comienzan a valorar la nueva ruta, pues la br\u00fajula pol\u00edtica sigue dando vueltas sin sentido. Lo que si tiene cierto sentido es que para la senadur\u00eda que estar\u00e1 en juego est\u00e1n apuntados Omar Fayad, Jos\u00e9 Antonio Rojo, Julio Valera y Carolina Viggiano. Ah\u00ed es donde cobra sentido el prolongar el mandato de Alito.<\/p>\n\n\n\n<figure class=\"wp-block-image size-large\"><img fetchpriority=\"high\" decoding=\"async\" width=\"1024\" height=\"764\" src=\"https:\/\/www.zunoticia.com\/noticias-de-hidalgo\/wp-content\/uploads\/2022\/12\/Imagen-de-WhatsApp-2022-12-20-a-las-21.18.19-1024x764.jpg\" alt=\"\" class=\"wp-image-460653\" srcset=\"https:\/\/www.zunoticia.com\/noticias-de-hidalgo\/wp-content\/uploads\/2022\/12\/Imagen-de-WhatsApp-2022-12-20-a-las-21.18.19-1024x764.jpg 1024w, https:\/\/www.zunoticia.com\/noticias-de-hidalgo\/wp-content\/uploads\/2022\/12\/Imagen-de-WhatsApp-2022-12-20-a-las-21.18.19-300x224.jpg 300w, https:\/\/www.zunoticia.com\/noticias-de-hidalgo\/wp-content\/uploads\/2022\/12\/Imagen-de-WhatsApp-2022-12-20-a-las-21.18.19-768x573.jpg 768w, https:\/\/www.zunoticia.com\/noticias-de-hidalgo\/wp-content\/uploads\/2022\/12\/Imagen-de-WhatsApp-2022-12-20-a-las-21.18.19.jpg 1042w\" sizes=\"(max-width: 1024px) 100vw, 1024px\" \/><\/figure>\n","protected":false},"excerpt":{"rendered":"<p>\u2022 Jos\u00e9 Alfredo San Rom\u00e1n Duval es el coordinador de sierra y huasteca de la Confederaci\u00f3n Aut\u00f3noma de Trabajadores y Empleados de M\u00e9xico (CATEM), a un a\u00f1o y medio de que vengan los procesos electorales llega un espacio, sin duda, por dem\u00e1s importante; el dos veces alcalde es un atractivo electoral, lo saben propios y&hellip; <a class=\"more-link\" href=\"https:\/\/www.zunoticia.com\/noticias-de-hidalgo\/2022\/12\/20\/espejeando-por-perseo-503\/\">Seguir leyendo <span class=\"screen-reader-text\">ESPEJEANDO por Perseo<\/span><\/a><\/p>\n","protected":false},"author":12,"featured_media":460654,"comment_status":"closed","ping_status":"open","sticky":false,"template":"","format":"standard","meta":{"rop_custom_images_group":[],"rop_custom_messages_group":[],"rop_publish_now":"initial","rop_publish_now_accounts":{"facebook_10159540855086992_322828327761733":""},"rop_publish_now_history":[],"rop_publish_now_status":"pending","footnotes":""},"categories":[176],"tags":[205],"class_list":["post-460652","post","type-post","status-publish","format-standard","has-post-thumbnail","hentry","category-espejeando","tag-espejeando","entry"],"_links":{"self":[{"href":"https:\/\/www.zunoticia.com\/noticias-de-hidalgo\/wp-json\/wp\/v2\/posts\/460652","targetHints":{"allow":["GET"]}}],"collection":[{"href":"https:\/\/www.zunoticia.com\/noticias-de-hidalgo\/wp-json\/wp\/v2\/posts"}],"about":[{"href":"https:\/\/www.zunoticia.com\/noticias-de-hidalgo\/wp-json\/wp\/v2\/types\/post"}],"author":[{"embeddable":true,"href":"https:\/\/www.zunoticia.com\/noticias-de-hidalgo\/wp-json\/wp\/v2\/users\/12"}],"replies":[{"embeddable":true,"href":"https:\/\/www.zunoticia.com\/noticias-de-hidalgo\/wp-json\/wp\/v2\/comments?post=460652"}],"version-history":[{"count":1,"href":"https:\/\/www.zunoticia.com\/noticias-de-hidalgo\/wp-json\/wp\/v2\/posts\/460652\/revisions"}],"predecessor-version":[{"id":460655,"href":"https:\/\/www.zunoticia.com\/noticias-de-hidalgo\/wp-json\/wp\/v2\/posts\/460652\/revisions\/460655"}],"wp:featuredmedia":[{"embeddable":true,"href":"https:\/\/www.zunoticia.com\/noticias-de-hidalgo\/wp-json\/wp\/v2\/media\/460654"}],"wp:attachment":[{"href":"https:\/\/www.zunoticia.com\/noticias-de-hidalgo\/wp-json\/wp\/v2\/media?parent=460652"}],"wp:term":[{"taxonomy":"category","embeddable":true,"href":"https:\/\/www.zunoticia.com\/noticias-de-hidalgo\/wp-json\/wp\/v2\/categories?post=460652"},{"taxonomy":"post_tag","embeddable":true,"href":"https:\/\/www.zunoticia.com\/noticias-de-hidalgo\/wp-json\/wp\/v2\/tags?post=460652"}],"curies":[{"name":"wp","href":"https:\/\/api.w.org\/{rel}","templated":true}]}}