{"id":460969,"date":"2022-12-23T09:33:42","date_gmt":"2022-12-23T15:33:42","guid":{"rendered":"https:\/\/www.zunoticia.com\/noticias-de-hidalgo\/?p=460969"},"modified":"2022-12-23T09:33:43","modified_gmt":"2022-12-23T15:33:43","slug":"prensado-en-choque","status":"publish","type":"post","link":"https:\/\/www.zunoticia.com\/noticias-de-hidalgo\/2022\/12\/23\/prensado-en-choque\/","title":{"rendered":"Prensado en choque"},"content":{"rendered":"<aside class=\"mashsb-container mashsb-main mashsb-stretched\"><div class=\"mashsb-box\"><div class=\"mashsb-count mash-large\" style=\"float:left\"><div class=\"counts mashsbcount\">8<\/div><span class=\"mashsb-sharetext\">SHARES<\/span><\/div><div class=\"mashsb-buttons\"><a class=\"mashicon-facebook mash-large mash-center mashsb-noshadow\" href=\"https:\/\/www.facebook.com\/sharer.php?u=https%3A%2F%2Fwww.zunoticia.com%2Fnoticias-de-hidalgo%2F2022%2F12%2F23%2Fprensado-en-choque%2F\" target=\"_top\" rel=\"nofollow\"><span class=\"icon\"><\/span><span class=\"text\">Share<\/span><\/a><a class=\"mashicon-twitter mash-large mash-center mashsb-noshadow\" href=\"https:\/\/twitter.com\/intent\/tweet?text=&amp;url=https:\/\/www.zunoticia.com\/noticias-de-hidalgo\/2022\/12\/23\/prensado-en-choque\/\" target=\"_top\" rel=\"nofollow\"><span class=\"icon\"><\/span><span class=\"text\">Tweet<\/span><\/a><div class=\"onoffswitch2 mash-large mashsb-noshadow\" style=\"display:none\"><\/div><\/div>\n            <\/div>\n                <div style=\"clear:both\"><\/div><div class=\"mashsb-toggle-container\"><\/div><\/aside>\n            <!-- Share buttons by mashshare.net - Version: 4.0.47-->\n<p><em>Por Redacci\u00f3n\/Zunoticia<\/em><\/p>\n\n\n\n<p><strong>Huejutla, Hgo. &#8211;<\/strong> Persona del sexo masculino que presuntamente conduc\u00eda su autom\u00f3vil a exceso de velocidad, qued\u00f3 prensado en el interior del coche tras chocar contra un veh\u00edculo estacionado en la v\u00eda federal M\u00e9xico-Tampico, a la altura del poblado de Tehuetl\u00e1n, perteneciente a este municipio.<\/p>\n\n\n\n<p>El accidente sucedi\u00f3 la noche del jueves, en las inmediaciones del barrio La Garita de Tehuetl\u00e1n, donde un auto compacto de la<br>marca Nissan tipo Sentra, de color azul, que era conducido por Isa\u00edas N., de 44 a\u00f1os de edad, con domicilio en la localidad de Atlaltipa Mirador, perteneciente al municipio de Atlapexco, se estamp\u00f3 en la parte trasera de una camioneta.<\/p>\n\n\n\n<figure class=\"wp-block-image size-full\"><img fetchpriority=\"high\" decoding=\"async\" width=\"550\" height=\"430\" src=\"https:\/\/www.zunoticia.com\/noticias-de-hidalgo\/wp-content\/uploads\/2022\/12\/IMG-20221223-WA0005.jpg\" alt=\"\" class=\"wp-image-460971\" srcset=\"https:\/\/www.zunoticia.com\/noticias-de-hidalgo\/wp-content\/uploads\/2022\/12\/IMG-20221223-WA0005.jpg 550w, https:\/\/www.zunoticia.com\/noticias-de-hidalgo\/wp-content\/uploads\/2022\/12\/IMG-20221223-WA0005-300x235.jpg 300w\" sizes=\"(max-width: 550px) 100vw, 550px\" \/><\/figure>\n\n\n\n<p>El hombre qued\u00f3 atrapado en el interior de su unidad motora y al sitio arribaron param\u00e9dicos de la Cruz Roja Mexicana y rescatistas del Heroico Cuerpo de Bomberos, as\u00ef como las autoridades policiacas para tomar conocimiento de lo sucedido.<\/p>\n\n\n\n<p>El conductor del auto fue trasladado al Hospital Regional de la Huasteca, debido que presentaba golpes contusos y lesiones en diversas partes del cuerpo.<\/p>\n\n\n\n<p>Asimismo oficiales de la Guardia Nacional Divisi\u00f3n Caminos, se movilizaron al sitio donde ocurri\u00f3 el percance, para realizar el peritaje de tr\u00e1nsito terrestre y deslinde de responsabilidades.<\/p>\n","protected":false},"excerpt":{"rendered":"<p>Por Redacci\u00f3n\/Zunoticia Huejutla, Hgo. &#8211; Persona del sexo masculino que presuntamente conduc\u00eda su autom\u00f3vil a exceso de velocidad, qued\u00f3 prensado en el interior del coche tras chocar contra un veh\u00edculo estacionado en la v\u00eda federal M\u00e9xico-Tampico, a la altura del poblado de Tehuetl\u00e1n, perteneciente a este municipio. El accidente sucedi\u00f3 la noche del jueves, en&hellip; <a class=\"more-link\" href=\"https:\/\/www.zunoticia.com\/noticias-de-hidalgo\/2022\/12\/23\/prensado-en-choque\/\">Seguir leyendo <span class=\"screen-reader-text\">Prensado en choque<\/span><\/a><\/p>\n","protected":false},"author":12,"featured_media":460970,"comment_status":"closed","ping_status":"open","sticky":false,"template":"","format":"standard","meta":{"rop_custom_images_group":[],"rop_custom_messages_group":[],"rop_publish_now":"initial","rop_publish_now_accounts":{"facebook_10159540855086992_322828327761733":""},"rop_publish_now_history":[],"rop_publish_now_status":"pending","footnotes":""},"categories":[178],"tags":[121],"class_list":["post-460969","post","type-post","status-publish","format-standard","has-post-thumbnail","hentry","category-policiaca","tag-huejutla","entry"],"_links":{"self":[{"href":"https:\/\/www.zunoticia.com\/noticias-de-hidalgo\/wp-json\/wp\/v2\/posts\/460969","targetHints":{"allow":["GET"]}}],"collection":[{"href":"https:\/\/www.zunoticia.com\/noticias-de-hidalgo\/wp-json\/wp\/v2\/posts"}],"about":[{"href":"https:\/\/www.zunoticia.com\/noticias-de-hidalgo\/wp-json\/wp\/v2\/types\/post"}],"author":[{"embeddable":true,"href":"https:\/\/www.zunoticia.com\/noticias-de-hidalgo\/wp-json\/wp\/v2\/users\/12"}],"replies":[{"embeddable":true,"href":"https:\/\/www.zunoticia.com\/noticias-de-hidalgo\/wp-json\/wp\/v2\/comments?post=460969"}],"version-history":[{"count":1,"href":"https:\/\/www.zunoticia.com\/noticias-de-hidalgo\/wp-json\/wp\/v2\/posts\/460969\/revisions"}],"predecessor-version":[{"id":460972,"href":"https:\/\/www.zunoticia.com\/noticias-de-hidalgo\/wp-json\/wp\/v2\/posts\/460969\/revisions\/460972"}],"wp:featuredmedia":[{"embeddable":true,"href":"https:\/\/www.zunoticia.com\/noticias-de-hidalgo\/wp-json\/wp\/v2\/media\/460970"}],"wp:attachment":[{"href":"https:\/\/www.zunoticia.com\/noticias-de-hidalgo\/wp-json\/wp\/v2\/media?parent=460969"}],"wp:term":[{"taxonomy":"category","embeddable":true,"href":"https:\/\/www.zunoticia.com\/noticias-de-hidalgo\/wp-json\/wp\/v2\/categories?post=460969"},{"taxonomy":"post_tag","embeddable":true,"href":"https:\/\/www.zunoticia.com\/noticias-de-hidalgo\/wp-json\/wp\/v2\/tags?post=460969"}],"curies":[{"name":"wp","href":"https:\/\/api.w.org\/{rel}","templated":true}]}}