{"id":460979,"date":"2022-12-23T12:57:00","date_gmt":"2022-12-23T18:57:00","guid":{"rendered":"https:\/\/www.zunoticia.com\/noticias-de-hidalgo\/?p=460979"},"modified":"2022-12-23T12:57:02","modified_gmt":"2022-12-23T18:57:02","slug":"incrementaron-situaciones-legales-en-dos-anos-de-contingencia","status":"publish","type":"post","link":"https:\/\/www.zunoticia.com\/noticias-de-hidalgo\/2022\/12\/23\/incrementaron-situaciones-legales-en-dos-anos-de-contingencia\/","title":{"rendered":"Incrementaron situaciones legales en dos a\u00f1os de contingencia"},"content":{"rendered":"<aside class=\"mashsb-container mashsb-main mashsb-stretched\"><div class=\"mashsb-box\"><div class=\"mashsb-count mash-large\" style=\"float:left\"><div class=\"counts mashsbcount\">28<\/div><span class=\"mashsb-sharetext\">SHARES<\/span><\/div><div class=\"mashsb-buttons\"><a class=\"mashicon-facebook mash-large mash-center mashsb-noshadow\" href=\"https:\/\/www.facebook.com\/sharer.php?u=https%3A%2F%2Fwww.zunoticia.com%2Fnoticias-de-hidalgo%2F2022%2F12%2F23%2Fincrementaron-situaciones-legales-en-dos-anos-de-contingencia%2F\" target=\"_top\" rel=\"nofollow\"><span class=\"icon\"><\/span><span class=\"text\">Share<\/span><\/a><a class=\"mashicon-twitter mash-large mash-center mashsb-noshadow\" href=\"https:\/\/twitter.com\/intent\/tweet?text=&amp;url=https:\/\/www.zunoticia.com\/noticias-de-hidalgo\/2022\/12\/23\/incrementaron-situaciones-legales-en-dos-anos-de-contingencia\/\" target=\"_top\" rel=\"nofollow\"><span class=\"icon\"><\/span><span class=\"text\">Tweet<\/span><\/a><div class=\"onoffswitch2 mash-large mashsb-noshadow\" style=\"display:none\"><\/div><\/div>\n            <\/div>\n                <div style=\"clear:both\"><\/div><div class=\"mashsb-toggle-container\"><\/div><\/aside>\n            <!-- Share buttons by mashshare.net - Version: 4.0.47-->\n<p><em>Por Enedino Hern\u00e1ndez\/Zunoticia<\/em><\/p>\n\n\n\n<p><strong>Huejutla, Hgo. &#8211;<\/strong> A ra\u00edz de la contingencia sanitaria que inici\u00f3 hace dos a\u00f1os, desde el punto de vista jur\u00eddico se ha observado el incremento de las situaciones legales relacionadas con los divorcios, y la desintegraci\u00f3n de los n\u00facleos familiares.<\/p>\n\n\n\n<p>El Secretario General de la Asociaci\u00f3n de Abogados de la Huasteca Hidalguense, Oscar Esquivel Vera, explica que mientras en algunos tipos de delitos seg\u00fan las estad\u00edsticas que se tienen reflejan hay una disminuci\u00f3n de los mismos.<\/p>\n\n\n\n<p>Se\u00f1al\u00f3 que algunos delitos disminuyeron considerablemente, pero algunos otros incrementaron como son las situaciones relacionadas con los divorcios y dem\u00e1s problemas al interior de los n\u00facleos familiares.<\/p>\n\n\n\n<p>Por otro lado, Oscar Esquivel Vera; conf\u00edo que con el nuevo gobierno que se tiene en el estado de Hidalgo se espera que el desarrollo de los municipios avance de una manera positiva.<\/p>\n","protected":false},"excerpt":{"rendered":"<p>Por Enedino Hern\u00e1ndez\/Zunoticia Huejutla, Hgo. &#8211; A ra\u00edz de la contingencia sanitaria que inici\u00f3 hace dos a\u00f1os, desde el punto de vista jur\u00eddico se ha observado el incremento de las situaciones legales relacionadas con los divorcios, y la desintegraci\u00f3n de los n\u00facleos familiares. El Secretario General de la Asociaci\u00f3n de Abogados de la Huasteca Hidalguense,&hellip; <a class=\"more-link\" href=\"https:\/\/www.zunoticia.com\/noticias-de-hidalgo\/2022\/12\/23\/incrementaron-situaciones-legales-en-dos-anos-de-contingencia\/\">Seguir leyendo <span class=\"screen-reader-text\">Incrementaron situaciones legales en dos a\u00f1os de contingencia<\/span><\/a><\/p>\n","protected":false},"author":12,"featured_media":460980,"comment_status":"closed","ping_status":"open","sticky":false,"template":"","format":"standard","meta":{"rop_custom_images_group":[],"rop_custom_messages_group":[],"rop_publish_now":"initial","rop_publish_now_accounts":{"facebook_10159540855086992_322828327761733":""},"rop_publish_now_history":[],"rop_publish_now_status":"pending","footnotes":""},"categories":[181],"tags":[],"class_list":["post-460979","post","type-post","status-publish","format-standard","has-post-thumbnail","hentry","category-huejutla","entry"],"_links":{"self":[{"href":"https:\/\/www.zunoticia.com\/noticias-de-hidalgo\/wp-json\/wp\/v2\/posts\/460979","targetHints":{"allow":["GET"]}}],"collection":[{"href":"https:\/\/www.zunoticia.com\/noticias-de-hidalgo\/wp-json\/wp\/v2\/posts"}],"about":[{"href":"https:\/\/www.zunoticia.com\/noticias-de-hidalgo\/wp-json\/wp\/v2\/types\/post"}],"author":[{"embeddable":true,"href":"https:\/\/www.zunoticia.com\/noticias-de-hidalgo\/wp-json\/wp\/v2\/users\/12"}],"replies":[{"embeddable":true,"href":"https:\/\/www.zunoticia.com\/noticias-de-hidalgo\/wp-json\/wp\/v2\/comments?post=460979"}],"version-history":[{"count":1,"href":"https:\/\/www.zunoticia.com\/noticias-de-hidalgo\/wp-json\/wp\/v2\/posts\/460979\/revisions"}],"predecessor-version":[{"id":460981,"href":"https:\/\/www.zunoticia.com\/noticias-de-hidalgo\/wp-json\/wp\/v2\/posts\/460979\/revisions\/460981"}],"wp:featuredmedia":[{"embeddable":true,"href":"https:\/\/www.zunoticia.com\/noticias-de-hidalgo\/wp-json\/wp\/v2\/media\/460980"}],"wp:attachment":[{"href":"https:\/\/www.zunoticia.com\/noticias-de-hidalgo\/wp-json\/wp\/v2\/media?parent=460979"}],"wp:term":[{"taxonomy":"category","embeddable":true,"href":"https:\/\/www.zunoticia.com\/noticias-de-hidalgo\/wp-json\/wp\/v2\/categories?post=460979"},{"taxonomy":"post_tag","embeddable":true,"href":"https:\/\/www.zunoticia.com\/noticias-de-hidalgo\/wp-json\/wp\/v2\/tags?post=460979"}],"curies":[{"name":"wp","href":"https:\/\/api.w.org\/{rel}","templated":true}]}}