{"id":460993,"date":"2022-12-23T14:13:24","date_gmt":"2022-12-23T20:13:24","guid":{"rendered":"https:\/\/www.zunoticia.com\/noticias-de-hidalgo\/?p=460993"},"modified":"2022-12-23T14:13:25","modified_gmt":"2022-12-23T20:13:25","slug":"este-ano-no-incremento-precio-del-kilo-de-pollo-por-navidad","status":"publish","type":"post","link":"https:\/\/www.zunoticia.com\/noticias-de-hidalgo\/2022\/12\/23\/este-ano-no-incremento-precio-del-kilo-de-pollo-por-navidad\/","title":{"rendered":"Este a\u00f1o no increment\u00f3 precio del kilo de pollo por Navidad"},"content":{"rendered":"<aside class=\"mashsb-container mashsb-main mashsb-stretched\"><div class=\"mashsb-box\"><div class=\"mashsb-count mash-large\" style=\"float:left\"><div class=\"counts mashsbcount\">32<\/div><span class=\"mashsb-sharetext\">SHARES<\/span><\/div><div class=\"mashsb-buttons\"><a class=\"mashicon-facebook mash-large mash-center mashsb-noshadow\" href=\"https:\/\/www.facebook.com\/sharer.php?u=https%3A%2F%2Fwww.zunoticia.com%2Fnoticias-de-hidalgo%2F2022%2F12%2F23%2Feste-ano-no-incremento-precio-del-kilo-de-pollo-por-navidad%2F\" target=\"_top\" rel=\"nofollow\"><span class=\"icon\"><\/span><span class=\"text\">Share<\/span><\/a><a class=\"mashicon-twitter mash-large mash-center mashsb-noshadow\" href=\"https:\/\/twitter.com\/intent\/tweet?text=&amp;url=https:\/\/www.zunoticia.com\/noticias-de-hidalgo\/2022\/12\/23\/este-ano-no-incremento-precio-del-kilo-de-pollo-por-navidad\/\" target=\"_top\" rel=\"nofollow\"><span class=\"icon\"><\/span><span class=\"text\">Tweet<\/span><\/a><div class=\"onoffswitch2 mash-large mashsb-noshadow\" style=\"display:none\"><\/div><\/div>\n            <\/div>\n                <div style=\"clear:both\"><\/div><div class=\"mashsb-toggle-container\"><\/div><\/aside>\n            <!-- Share buttons by mashshare.net - Version: 4.0.47-->\n<ul class=\"wp-block-list\"><li>Al referido producto por tradici\u00f3n los introductores les suben de precio en tres \u00e9pocas del a\u00f1o.<\/li><\/ul>\n\n\n\n<p><em>Por Salvador Altamirano\/Zunoticia<\/em><\/p>\n\n\n\n<p><strong>Huejutla, Hgo. &#8211;<\/strong> Vendedores del giro de carne de pollo fresco establecidos en el mercado municipal y calles de la periferia, coincidieron al expresar que al referido producto por tradici\u00f3n los introductores les suben de precio en tres \u00e9pocas del a\u00f1o: Semana Santa; periodos de clausuras escolares y festejos de fin de a\u00f1o.<\/p>\n\n\n\n<p>Agregaron que, no obstante, en esta ocasi\u00f3n por muchos a\u00f1os, esta Navidad, la cual tendr\u00e1 efecto ma\u00f1ana, el precio del kilo de carne blanca al consumidor sigue estable, o sea, con el costo anterior. Si no nos incrementan -acentuaron-, tampoco nosotros.<\/p>\n\n\n\n<p>A pregunta formulada, detallaron que, en la mayor\u00eda de los establecimientos del mercado municipal, ya que en realidad no hay un precio est\u00e1ndar, el poder adquisitivo del kilo de carne contin\u00faa siendo de $70.00 surtido y $90.00 maciza.<\/p>\n\n\n\n<p>Esperemos -enfatizaron-, que los introductores no vayan a tener la feliz idea que para el festejo de Fin de A\u00f1o ya habr\u00e1 alza de precio, lo cual nos afecta tanto a los vendedores como a los consumidores, ya que la demanda disminuye.<\/p>\n\n\n\n<p>Para finalizar, comentaron que la carne de pollo es de car\u00e1cter consumible todo el a\u00f1o, pero lo que les afecta es la competencia, ya que sin exageraci\u00f3n alguna en el interior del mercado y los locales y puestos en calles de la periferia, hay por lo menos doscientas personas que no dedicamos al giro.<\/p>\n","protected":false},"excerpt":{"rendered":"<p>Al referido producto por tradici\u00f3n los introductores les suben de precio en tres \u00e9pocas del a\u00f1o. Por Salvador Altamirano\/Zunoticia Huejutla, Hgo. &#8211; Vendedores del giro de carne de pollo fresco establecidos en el mercado municipal y calles de la periferia, coincidieron al expresar que al referido producto por tradici\u00f3n los introductores les suben de precio&hellip; <a class=\"more-link\" href=\"https:\/\/www.zunoticia.com\/noticias-de-hidalgo\/2022\/12\/23\/este-ano-no-incremento-precio-del-kilo-de-pollo-por-navidad\/\">Seguir leyendo <span class=\"screen-reader-text\">Este a\u00f1o no increment\u00f3 precio del kilo de pollo por Navidad<\/span><\/a><\/p>\n","protected":false},"author":12,"featured_media":460994,"comment_status":"closed","ping_status":"open","sticky":false,"template":"","format":"standard","meta":{"rop_custom_images_group":[],"rop_custom_messages_group":[],"rop_publish_now":"initial","rop_publish_now_accounts":{"facebook_10159540855086992_322828327761733":""},"rop_publish_now_history":[],"rop_publish_now_status":"pending","footnotes":""},"categories":[181],"tags":[121],"class_list":["post-460993","post","type-post","status-publish","format-standard","has-post-thumbnail","hentry","category-huejutla","tag-huejutla","entry"],"_links":{"self":[{"href":"https:\/\/www.zunoticia.com\/noticias-de-hidalgo\/wp-json\/wp\/v2\/posts\/460993","targetHints":{"allow":["GET"]}}],"collection":[{"href":"https:\/\/www.zunoticia.com\/noticias-de-hidalgo\/wp-json\/wp\/v2\/posts"}],"about":[{"href":"https:\/\/www.zunoticia.com\/noticias-de-hidalgo\/wp-json\/wp\/v2\/types\/post"}],"author":[{"embeddable":true,"href":"https:\/\/www.zunoticia.com\/noticias-de-hidalgo\/wp-json\/wp\/v2\/users\/12"}],"replies":[{"embeddable":true,"href":"https:\/\/www.zunoticia.com\/noticias-de-hidalgo\/wp-json\/wp\/v2\/comments?post=460993"}],"version-history":[{"count":1,"href":"https:\/\/www.zunoticia.com\/noticias-de-hidalgo\/wp-json\/wp\/v2\/posts\/460993\/revisions"}],"predecessor-version":[{"id":460995,"href":"https:\/\/www.zunoticia.com\/noticias-de-hidalgo\/wp-json\/wp\/v2\/posts\/460993\/revisions\/460995"}],"wp:featuredmedia":[{"embeddable":true,"href":"https:\/\/www.zunoticia.com\/noticias-de-hidalgo\/wp-json\/wp\/v2\/media\/460994"}],"wp:attachment":[{"href":"https:\/\/www.zunoticia.com\/noticias-de-hidalgo\/wp-json\/wp\/v2\/media?parent=460993"}],"wp:term":[{"taxonomy":"category","embeddable":true,"href":"https:\/\/www.zunoticia.com\/noticias-de-hidalgo\/wp-json\/wp\/v2\/categories?post=460993"},{"taxonomy":"post_tag","embeddable":true,"href":"https:\/\/www.zunoticia.com\/noticias-de-hidalgo\/wp-json\/wp\/v2\/tags?post=460993"}],"curies":[{"name":"wp","href":"https:\/\/api.w.org\/{rel}","templated":true}]}}