{"id":460996,"date":"2022-12-23T14:33:18","date_gmt":"2022-12-23T20:33:18","guid":{"rendered":"https:\/\/www.zunoticia.com\/noticias-de-hidalgo\/?p=460996"},"modified":"2022-12-23T14:33:20","modified_gmt":"2022-12-23T20:33:20","slug":"piden-comerciantes-mayor-vigilancia-por-la-temporada-decembrina","status":"publish","type":"post","link":"https:\/\/www.zunoticia.com\/noticias-de-hidalgo\/2022\/12\/23\/piden-comerciantes-mayor-vigilancia-por-la-temporada-decembrina\/","title":{"rendered":"Piden comerciantes mayor vigilancia por la temporada decembrina"},"content":{"rendered":"<aside class=\"mashsb-container mashsb-main mashsb-stretched\"><div class=\"mashsb-box\"><div class=\"mashsb-count mash-large\" style=\"float:left\"><div class=\"counts mashsbcount\">1<\/div><span class=\"mashsb-sharetext\">SHARES<\/span><\/div><div class=\"mashsb-buttons\"><a class=\"mashicon-facebook mash-large mash-center mashsb-noshadow\" href=\"https:\/\/www.facebook.com\/sharer.php?u=https%3A%2F%2Fwww.zunoticia.com%2Fnoticias-de-hidalgo%2F2022%2F12%2F23%2Fpiden-comerciantes-mayor-vigilancia-por-la-temporada-decembrina%2F\" target=\"_top\" rel=\"nofollow\"><span class=\"icon\"><\/span><span class=\"text\">Share<\/span><\/a><a class=\"mashicon-twitter mash-large mash-center mashsb-noshadow\" href=\"https:\/\/twitter.com\/intent\/tweet?text=&amp;url=https:\/\/www.zunoticia.com\/noticias-de-hidalgo\/2022\/12\/23\/piden-comerciantes-mayor-vigilancia-por-la-temporada-decembrina\/\" target=\"_top\" rel=\"nofollow\"><span class=\"icon\"><\/span><span class=\"text\">Tweet<\/span><\/a><div class=\"onoffswitch2 mash-large mashsb-noshadow\" style=\"display:none\"><\/div><\/div>\n            <\/div>\n                <div style=\"clear:both\"><\/div><div class=\"mashsb-toggle-container\"><\/div><\/aside>\n            <!-- Share buttons by mashshare.net - Version: 4.0.47-->\n<p><em>Por Enedino Hern\u00e1ndez\/Zunoticia<\/em><\/p>\n\n\n\n<p><strong>Huejutla, Hgo. &#8211;<\/strong> Los socios comerciantes del Mercado de Huejutla requerimos en esta temporada decembrina de una mayor seguridad, es por ello; que pedimos a las autoridades competentes para que se enfoquen en fortalecer una mayor vigilancia en esta zona para que los comerciantes y los clientes estemos con una mayor tranquilidad, se\u00f1ala el comerciante del mercado, Pr\u00f3spero Hern\u00e1ndez.<\/p>\n\n\n\n<p>\u201cPor favor que manden m\u00e1s vigilancia, que los polic\u00edas est\u00e9n al tiro del diario vigilando, hay muchas personas que vienen a comprar y en estos tiempos decembrinos queremos que haya una mejor seguridad que el a\u00f1o pasado.<\/p>\n\n\n\n<p>Antes hab\u00eda robos, ahorita no se ha escuchado nada, por ello; queremos que haya vigilancia de parte de los polic\u00edas, para que vengan los visitantes a comprar, nosotros vamos atender a esta gente que viene a comprar, ya que sin ellos nosotros no somos nada\u201d.<\/p>\n\n\n\n<p>Insisti\u00f3 en su llamado a las autoridades competentes para que redoblen la vigilancia en la zona del mercado, principalmente en el transcurso del d\u00eda que es cuando se tiene un mayor movimiento de las personas.<\/p>\n\n\n\n<p>Finalmente, dijo que los comerciantes esperan una mayor seguridad y vigilancia en el mercado \u201cpara que nos vaya un poco mejor en las ventas, para que la gente que viene al mercado tenga m\u00e1s confianza de venir a comprar y aportar algo para nosotros los comerciantes; nosotros vamos atenderlos como se merecen\u201d.<\/p>\n","protected":false},"excerpt":{"rendered":"<p>Por Enedino Hern\u00e1ndez\/Zunoticia Huejutla, Hgo. &#8211; Los socios comerciantes del Mercado de Huejutla requerimos en esta temporada decembrina de una mayor seguridad, es por ello; que pedimos a las autoridades competentes para que se enfoquen en fortalecer una mayor vigilancia en esta zona para que los comerciantes y los clientes estemos con una mayor tranquilidad,&hellip; <a class=\"more-link\" href=\"https:\/\/www.zunoticia.com\/noticias-de-hidalgo\/2022\/12\/23\/piden-comerciantes-mayor-vigilancia-por-la-temporada-decembrina\/\">Seguir leyendo <span class=\"screen-reader-text\">Piden comerciantes mayor vigilancia por la temporada decembrina<\/span><\/a><\/p>\n","protected":false},"author":12,"featured_media":461000,"comment_status":"closed","ping_status":"open","sticky":false,"template":"","format":"standard","meta":{"rop_custom_images_group":[],"rop_custom_messages_group":[],"rop_publish_now":"initial","rop_publish_now_accounts":{"facebook_10159540855086992_322828327761733":""},"rop_publish_now_history":[],"rop_publish_now_status":"pending","footnotes":""},"categories":[181],"tags":[121],"class_list":["post-460996","post","type-post","status-publish","format-standard","has-post-thumbnail","hentry","category-huejutla","tag-huejutla","entry"],"_links":{"self":[{"href":"https:\/\/www.zunoticia.com\/noticias-de-hidalgo\/wp-json\/wp\/v2\/posts\/460996","targetHints":{"allow":["GET"]}}],"collection":[{"href":"https:\/\/www.zunoticia.com\/noticias-de-hidalgo\/wp-json\/wp\/v2\/posts"}],"about":[{"href":"https:\/\/www.zunoticia.com\/noticias-de-hidalgo\/wp-json\/wp\/v2\/types\/post"}],"author":[{"embeddable":true,"href":"https:\/\/www.zunoticia.com\/noticias-de-hidalgo\/wp-json\/wp\/v2\/users\/12"}],"replies":[{"embeddable":true,"href":"https:\/\/www.zunoticia.com\/noticias-de-hidalgo\/wp-json\/wp\/v2\/comments?post=460996"}],"version-history":[{"count":1,"href":"https:\/\/www.zunoticia.com\/noticias-de-hidalgo\/wp-json\/wp\/v2\/posts\/460996\/revisions"}],"predecessor-version":[{"id":461001,"href":"https:\/\/www.zunoticia.com\/noticias-de-hidalgo\/wp-json\/wp\/v2\/posts\/460996\/revisions\/461001"}],"wp:featuredmedia":[{"embeddable":true,"href":"https:\/\/www.zunoticia.com\/noticias-de-hidalgo\/wp-json\/wp\/v2\/media\/461000"}],"wp:attachment":[{"href":"https:\/\/www.zunoticia.com\/noticias-de-hidalgo\/wp-json\/wp\/v2\/media?parent=460996"}],"wp:term":[{"taxonomy":"category","embeddable":true,"href":"https:\/\/www.zunoticia.com\/noticias-de-hidalgo\/wp-json\/wp\/v2\/categories?post=460996"},{"taxonomy":"post_tag","embeddable":true,"href":"https:\/\/www.zunoticia.com\/noticias-de-hidalgo\/wp-json\/wp\/v2\/tags?post=460996"}],"curies":[{"name":"wp","href":"https:\/\/api.w.org\/{rel}","templated":true}]}}