{"id":461006,"date":"2022-12-23T15:30:42","date_gmt":"2022-12-23T21:30:42","guid":{"rendered":"https:\/\/www.zunoticia.com\/noticias-de-hidalgo\/?p=461006"},"modified":"2022-12-23T15:30:44","modified_gmt":"2022-12-23T21:30:44","slug":"fuerte-presencia-de-neblina-en-la-sierra","status":"publish","type":"post","link":"https:\/\/www.zunoticia.com\/noticias-de-hidalgo\/2022\/12\/23\/fuerte-presencia-de-neblina-en-la-sierra\/","title":{"rendered":"Fuerte presencia de neblina en la sierra"},"content":{"rendered":"<aside class=\"mashsb-container mashsb-main mashsb-stretched\"><div class=\"mashsb-box\"><div class=\"mashsb-count mash-large\" style=\"float:left\"><div class=\"counts mashsbcount\">55<\/div><span class=\"mashsb-sharetext\">SHARES<\/span><\/div><div class=\"mashsb-buttons\"><a class=\"mashicon-facebook mash-large mash-center mashsb-noshadow\" href=\"https:\/\/www.facebook.com\/sharer.php?u=https%3A%2F%2Fwww.zunoticia.com%2Fnoticias-de-hidalgo%2F2022%2F12%2F23%2Ffuerte-presencia-de-neblina-en-la-sierra%2F\" target=\"_top\" rel=\"nofollow\"><span class=\"icon\"><\/span><span class=\"text\">Share<\/span><\/a><a class=\"mashicon-twitter mash-large mash-center mashsb-noshadow\" href=\"https:\/\/twitter.com\/intent\/tweet?text=&amp;url=https:\/\/www.zunoticia.com\/noticias-de-hidalgo\/2022\/12\/23\/fuerte-presencia-de-neblina-en-la-sierra\/\" target=\"_top\" rel=\"nofollow\"><span class=\"icon\"><\/span><span class=\"text\">Tweet<\/span><\/a><div class=\"onoffswitch2 mash-large mashsb-noshadow\" style=\"display:none\"><\/div><\/div>\n            <\/div>\n                <div style=\"clear:both\"><\/div><div class=\"mashsb-toggle-container\"><\/div><\/aside>\n            <!-- Share buttons by mashshare.net - Version: 4.0.47-->\n<p><em>Por Pedro Luciano\/Zunoticia<\/em><\/p>\n\n\n\n<p><strong>Tlanchinol, Hgo. &#8211;<\/strong> Derivado de las bajas temperaturas que se presentan en la regi\u00f3n, ha provocado que se observ\u00e9 una espesa neblina en la regi\u00f3n, la cual genera riesgo sobre aquellas personas que transitan con sus veh\u00edculos en las diversas carreteras del municipio, es por lo anterior que se necesita extremar precauciones.<\/p>\n\n\n\n<p>Lo anterior referido por el C. Catalino Baltazar Concepci\u00f3n director del \u00e1rea de Protecci\u00f3n Civil, quien a su vez a compartido que, derivado de las bajas temperaturas y la presencia de lluvias, es necesario que los mismos conductores prevengan accidentes, pues la espesa neblina provoca dificultad al momento de transitar, sumando los baches y el deterioro de la cinta asf\u00e1ltica.<\/p>\n\n\n\n<p>De igual forma se invita a aquellas personas que caminen a horillas de la carretera o que sufran fallas t\u00e9cnicas en sus veh\u00edculos y se mantengan orillados, de igual forma mantengan precauci\u00f3n al momento de transitar sobre las orillas de las carreteras, pues la poca visibilidad trae como consecuencia que no se logren visibilizar f\u00e1cilmente por los conductores.<\/p>\n\n\n\n<p>Concluy\u00f3 asegurando que tomar las precauciones al transitar sobre las carreteras ayudar\u00e1 a evitar accidentes donde se presenten da\u00f1os materiales o lesiones en estas temporadas de fr\u00edo, lluvias y neblina.<\/p>\n","protected":false},"excerpt":{"rendered":"<p>Por Pedro Luciano\/Zunoticia Tlanchinol, Hgo. &#8211; Derivado de las bajas temperaturas que se presentan en la regi\u00f3n, ha provocado que se observ\u00e9 una espesa neblina en la regi\u00f3n, la cual genera riesgo sobre aquellas personas que transitan con sus veh\u00edculos en las diversas carreteras del municipio, es por lo anterior que se necesita extremar precauciones.&hellip; <a class=\"more-link\" href=\"https:\/\/www.zunoticia.com\/noticias-de-hidalgo\/2022\/12\/23\/fuerte-presencia-de-neblina-en-la-sierra\/\">Seguir leyendo <span class=\"screen-reader-text\">Fuerte presencia de neblina en la sierra<\/span><\/a><\/p>\n","protected":false},"author":12,"featured_media":461010,"comment_status":"closed","ping_status":"open","sticky":false,"template":"","format":"standard","meta":{"rop_custom_images_group":[],"rop_custom_messages_group":[],"rop_publish_now":"initial","rop_publish_now_accounts":{"facebook_10159540855086992_322828327761733":""},"rop_publish_now_history":[],"rop_publish_now_status":"pending","footnotes":""},"categories":[219,201],"tags":[127],"class_list":["post-461006","post","type-post","status-publish","format-standard","has-post-thumbnail","hentry","category-sierra","category-tlanchinol","tag-tlanchinol","entry"],"_links":{"self":[{"href":"https:\/\/www.zunoticia.com\/noticias-de-hidalgo\/wp-json\/wp\/v2\/posts\/461006","targetHints":{"allow":["GET"]}}],"collection":[{"href":"https:\/\/www.zunoticia.com\/noticias-de-hidalgo\/wp-json\/wp\/v2\/posts"}],"about":[{"href":"https:\/\/www.zunoticia.com\/noticias-de-hidalgo\/wp-json\/wp\/v2\/types\/post"}],"author":[{"embeddable":true,"href":"https:\/\/www.zunoticia.com\/noticias-de-hidalgo\/wp-json\/wp\/v2\/users\/12"}],"replies":[{"embeddable":true,"href":"https:\/\/www.zunoticia.com\/noticias-de-hidalgo\/wp-json\/wp\/v2\/comments?post=461006"}],"version-history":[{"count":1,"href":"https:\/\/www.zunoticia.com\/noticias-de-hidalgo\/wp-json\/wp\/v2\/posts\/461006\/revisions"}],"predecessor-version":[{"id":461011,"href":"https:\/\/www.zunoticia.com\/noticias-de-hidalgo\/wp-json\/wp\/v2\/posts\/461006\/revisions\/461011"}],"wp:featuredmedia":[{"embeddable":true,"href":"https:\/\/www.zunoticia.com\/noticias-de-hidalgo\/wp-json\/wp\/v2\/media\/461010"}],"wp:attachment":[{"href":"https:\/\/www.zunoticia.com\/noticias-de-hidalgo\/wp-json\/wp\/v2\/media?parent=461006"}],"wp:term":[{"taxonomy":"category","embeddable":true,"href":"https:\/\/www.zunoticia.com\/noticias-de-hidalgo\/wp-json\/wp\/v2\/categories?post=461006"},{"taxonomy":"post_tag","embeddable":true,"href":"https:\/\/www.zunoticia.com\/noticias-de-hidalgo\/wp-json\/wp\/v2\/tags?post=461006"}],"curies":[{"name":"wp","href":"https:\/\/api.w.org\/{rel}","templated":true}]}}