{"id":461019,"date":"2022-12-23T16:19:36","date_gmt":"2022-12-23T22:19:36","guid":{"rendered":"https:\/\/www.zunoticia.com\/noticias-de-hidalgo\/?p=461019"},"modified":"2022-12-23T16:19:38","modified_gmt":"2022-12-23T22:19:38","slug":"vision-prospectiva-de-la-educacion-en-hidalgo-educar-para-trasformar","status":"publish","type":"post","link":"https:\/\/www.zunoticia.com\/noticias-de-hidalgo\/2022\/12\/23\/vision-prospectiva-de-la-educacion-en-hidalgo-educar-para-trasformar\/","title":{"rendered":"Visi\u00f3n prospectiva de la educaci\u00f3n en Hidalgo: educar para trasformar"},"content":{"rendered":"<aside class=\"mashsb-container mashsb-main mashsb-stretched\"><div class=\"mashsb-box\"><div class=\"mashsb-count mash-large\" style=\"float:left\"><div class=\"counts mashsbcount\">25<\/div><span class=\"mashsb-sharetext\">SHARES<\/span><\/div><div class=\"mashsb-buttons\"><a class=\"mashicon-facebook mash-large mash-center mashsb-noshadow\" href=\"https:\/\/www.facebook.com\/sharer.php?u=https%3A%2F%2Fwww.zunoticia.com%2Fnoticias-de-hidalgo%2F2022%2F12%2F23%2Fvision-prospectiva-de-la-educacion-en-hidalgo-educar-para-trasformar%2F\" target=\"_top\" rel=\"nofollow\"><span class=\"icon\"><\/span><span class=\"text\">Share<\/span><\/a><a class=\"mashicon-twitter mash-large mash-center mashsb-noshadow\" href=\"https:\/\/twitter.com\/intent\/tweet?text=&amp;url=https:\/\/www.zunoticia.com\/noticias-de-hidalgo\/2022\/12\/23\/vision-prospectiva-de-la-educacion-en-hidalgo-educar-para-trasformar\/\" target=\"_top\" rel=\"nofollow\"><span class=\"icon\"><\/span><span class=\"text\">Tweet<\/span><\/a><div class=\"onoffswitch2 mash-large mashsb-noshadow\" style=\"display:none\"><\/div><\/div>\n            <\/div>\n                <div style=\"clear:both\"><\/div><div class=\"mashsb-toggle-container\"><\/div><\/aside>\n            <!-- Share buttons by mashshare.net - Version: 4.0.47-->\n<p><em>Por Redacci\u00f3n\/Zunoticia<\/em><\/p>\n\n\n\n<p><strong>Pachuca de Soto, Hgo.-<\/strong> Como resultado de las acciones sectoriales para la formulaci\u00f3n del Plan Estatal para la Transformaci\u00f3n de Hidalgo 2022-2028 y con la oportunidad de acercamiento que brindaron los di\u00e1logos ciudadanos, la Secretar\u00eda de Educaci\u00f3n P\u00fablica de Hidalgo (SEPH) ha identificado los distintos subsistemas, retos, \u00e1reas de oportunidad y con ello pensar y dise\u00f1ar mecanismos para fortalecer al sector.<\/p>\n\n\n\n<p>Durante estos primeros d\u00edas de la administraci\u00f3n del gobernador Julio Menchaca Salazar, la tarea del sector educativo en Hidalgo, que encabeza el titular de la SEPH, Natividad Castrej\u00f3n Valdez, ha sido mejorar la realidad educativa de las ni\u00f1as, ni\u00f1os, adolescentes y j\u00f3venes de Hidalgo.<\/p>\n\n\n\n<p>El trabajo ha sido enfocado en concretar soluciones a corto, mediano y largo plazo, partiendo de la problem\u00e1tica que ha afectado a este sector durante d\u00e9cadas, como lo es: el abandono y rezago escolar, la falta de infraestructura f\u00edsica educativa y el desarrollo de estrategias puntuales para atender las afectaciones socioemocionales de las y los alumnos.<\/p>\n\n\n\n<p>Las primeras acciones en beneficio del sector educativo han sido: garantizar los derechos del magisterio, actualizando de esta manera su estatus laboral; reconocimiento a pr\u00e1cticas educativas innovadoras y resilientes, durante la emergencia sanitaria; entrega de infraestructura escolar, equipamiento, movilidad y material de rehabilitaci\u00f3n, priorizando a los municipios de alta y muy alta marginaci\u00f3n.<\/p>\n\n\n<div class=\"wp-block-image\">\n<figure class=\"aligncenter size-large is-resized\"><img fetchpriority=\"high\" decoding=\"async\" src=\"https:\/\/www.zunoticia.com\/noticias-de-hidalgo\/wp-content\/uploads\/2022\/12\/seph2-1024x538.jpg\" alt=\"\" class=\"wp-image-461020\" width=\"580\" height=\"304\" srcset=\"https:\/\/www.zunoticia.com\/noticias-de-hidalgo\/wp-content\/uploads\/2022\/12\/seph2-1024x538.jpg 1024w, https:\/\/www.zunoticia.com\/noticias-de-hidalgo\/wp-content\/uploads\/2022\/12\/seph2-300x158.jpg 300w, https:\/\/www.zunoticia.com\/noticias-de-hidalgo\/wp-content\/uploads\/2022\/12\/seph2-768x403.jpg 768w, https:\/\/www.zunoticia.com\/noticias-de-hidalgo\/wp-content\/uploads\/2022\/12\/seph2.jpg 1200w\" sizes=\"(max-width: 580px) 100vw, 580px\" \/><\/figure>\n<\/div>\n\n\n<p>Tambi\u00e9n la revisi\u00f3n y adaptaci\u00f3n del marco curricular, conforme a los principios de la Nueva Escuela Mexicana; el inicio de los trabajos para la recuperaci\u00f3n acad\u00e9mica, que servir\u00e1 para reducir la brecha al respecto de la pol\u00edtica p\u00fablica nacional; concretar con ello el Programa Transversal de Salud Socioemocional, para todo el ecosistema educativo, atendiendo los efectos de la contingencia y su impacto en la sociedad.<\/p>\n\n\n\n<p>Con ello, la educaci\u00f3n en Hidalgo ser\u00e1 una pol\u00edtica p\u00fablica transformadora, que sirva como factor de engranaje social, sumando los avances de la ciencia, la tecnolog\u00eda y la pedagog\u00eda humanista.<\/p>\n\n\n\n<p>Es as\u00ed como se construir\u00e1 un entorno comunitario de disfrute pleno de la vida, de sana convivencia, favorecedor del desarrollo y potencial humano, de cada una de las y los hidalguenses.<\/p>\n\n\n\n<p>Esta administraci\u00f3n pone al centro a la persona en el dise\u00f1o de una estrategia integral de trayectoria acad\u00e9mica, asegurando que el paso, desde la Educaci\u00f3n Inicial hasta la Educaci\u00f3n Superior, sea completo, continuo y de excelencia, porque el reto es que Hidalgo sea potencia.<\/p>\n","protected":false},"excerpt":{"rendered":"<p>Por Redacci\u00f3n\/Zunoticia Pachuca de Soto, Hgo.- Como resultado de las acciones sectoriales para la formulaci\u00f3n del Plan Estatal para la Transformaci\u00f3n de Hidalgo 2022-2028 y con la oportunidad de acercamiento que brindaron los di\u00e1logos ciudadanos, la Secretar\u00eda de Educaci\u00f3n P\u00fablica de Hidalgo (SEPH) ha identificado los distintos subsistemas, retos, \u00e1reas de oportunidad y con ello&hellip; <a class=\"more-link\" href=\"https:\/\/www.zunoticia.com\/noticias-de-hidalgo\/2022\/12\/23\/vision-prospectiva-de-la-educacion-en-hidalgo-educar-para-trasformar\/\">Seguir leyendo <span class=\"screen-reader-text\">Visi\u00f3n prospectiva de la educaci\u00f3n en Hidalgo: educar para trasformar<\/span><\/a><\/p>\n","protected":false},"author":13,"featured_media":461021,"comment_status":"closed","ping_status":"open","sticky":false,"template":"","format":"standard","meta":{"rop_custom_images_group":[],"rop_custom_messages_group":[],"rop_publish_now":"initial","rop_publish_now_accounts":{"facebook_10159540855086992_322828327761733":""},"rop_publish_now_history":[],"rop_publish_now_status":"pending","footnotes":""},"categories":[208],"tags":[214],"class_list":["post-461019","post","type-post","status-publish","format-standard","has-post-thumbnail","hentry","category-estado","tag-estado","entry"],"_links":{"self":[{"href":"https:\/\/www.zunoticia.com\/noticias-de-hidalgo\/wp-json\/wp\/v2\/posts\/461019","targetHints":{"allow":["GET"]}}],"collection":[{"href":"https:\/\/www.zunoticia.com\/noticias-de-hidalgo\/wp-json\/wp\/v2\/posts"}],"about":[{"href":"https:\/\/www.zunoticia.com\/noticias-de-hidalgo\/wp-json\/wp\/v2\/types\/post"}],"author":[{"embeddable":true,"href":"https:\/\/www.zunoticia.com\/noticias-de-hidalgo\/wp-json\/wp\/v2\/users\/13"}],"replies":[{"embeddable":true,"href":"https:\/\/www.zunoticia.com\/noticias-de-hidalgo\/wp-json\/wp\/v2\/comments?post=461019"}],"version-history":[{"count":1,"href":"https:\/\/www.zunoticia.com\/noticias-de-hidalgo\/wp-json\/wp\/v2\/posts\/461019\/revisions"}],"predecessor-version":[{"id":461022,"href":"https:\/\/www.zunoticia.com\/noticias-de-hidalgo\/wp-json\/wp\/v2\/posts\/461019\/revisions\/461022"}],"wp:featuredmedia":[{"embeddable":true,"href":"https:\/\/www.zunoticia.com\/noticias-de-hidalgo\/wp-json\/wp\/v2\/media\/461021"}],"wp:attachment":[{"href":"https:\/\/www.zunoticia.com\/noticias-de-hidalgo\/wp-json\/wp\/v2\/media?parent=461019"}],"wp:term":[{"taxonomy":"category","embeddable":true,"href":"https:\/\/www.zunoticia.com\/noticias-de-hidalgo\/wp-json\/wp\/v2\/categories?post=461019"},{"taxonomy":"post_tag","embeddable":true,"href":"https:\/\/www.zunoticia.com\/noticias-de-hidalgo\/wp-json\/wp\/v2\/tags?post=461019"}],"curies":[{"name":"wp","href":"https:\/\/api.w.org\/{rel}","templated":true}]}}