{"id":461028,"date":"2022-12-23T16:57:05","date_gmt":"2022-12-23T22:57:05","guid":{"rendered":"https:\/\/www.zunoticia.com\/noticias-de-hidalgo\/?p=461028"},"modified":"2022-12-23T16:57:07","modified_gmt":"2022-12-23T22:57:07","slug":"por-temporada-invernal-pc-realizara-recorridos","status":"publish","type":"post","link":"https:\/\/www.zunoticia.com\/noticias-de-hidalgo\/2022\/12\/23\/por-temporada-invernal-pc-realizara-recorridos\/","title":{"rendered":"Por temporada invernal PC realizar\u00e1 recorridos"},"content":{"rendered":"<aside class=\"mashsb-container mashsb-main mashsb-stretched\"><div class=\"mashsb-box\"><div class=\"mashsb-count mash-large\" style=\"float:left\"><div class=\"counts mashsbcount\">9<\/div><span class=\"mashsb-sharetext\">SHARES<\/span><\/div><div class=\"mashsb-buttons\"><a class=\"mashicon-facebook mash-large mash-center mashsb-noshadow\" href=\"https:\/\/www.facebook.com\/sharer.php?u=https%3A%2F%2Fwww.zunoticia.com%2Fnoticias-de-hidalgo%2F2022%2F12%2F23%2Fpor-temporada-invernal-pc-realizara-recorridos%2F\" target=\"_top\" rel=\"nofollow\"><span class=\"icon\"><\/span><span class=\"text\">Share<\/span><\/a><a class=\"mashicon-twitter mash-large mash-center mashsb-noshadow\" href=\"https:\/\/twitter.com\/intent\/tweet?text=&amp;url=https:\/\/www.zunoticia.com\/noticias-de-hidalgo\/2022\/12\/23\/por-temporada-invernal-pc-realizara-recorridos\/\" target=\"_top\" rel=\"nofollow\"><span class=\"icon\"><\/span><span class=\"text\">Tweet<\/span><\/a><div class=\"onoffswitch2 mash-large mashsb-noshadow\" style=\"display:none\"><\/div><\/div>\n            <\/div>\n                <div style=\"clear:both\"><\/div><div class=\"mashsb-toggle-container\"><\/div><\/aside>\n            <!-- Share buttons by mashshare.net - Version: 4.0.47-->\n<p><em>Por \u00c1ngel Bautista\/Redacci\u00f3n<\/em><\/p>\n\n\n\n<p><strong>Huejutla, Hgo. &#8211;<\/strong> El director de Protecci\u00f3n Civil Municipal de Huejutla, Otoniel Zenteno Redondo, inform\u00f3 que, al llegar a bajas temperaturas, habilitaran el refugio temporal ubicado en el Auditorio municipal de Huejutla, para resguardar a personal vulnerables con el fr\u00edo.<\/p>\n\n\n\n<p>Indic\u00f3 que durante esta temporada mantendr\u00e1n el operativo invernal, en estas labores se integraron a los Polic\u00edas Municipales, quienes son los que recorren a diario las calles de la ciudad y son quienes tienen puntos ubicados de personas en situaci\u00f3n de calle.<\/p>\n\n\n\n<p>Agrego que existir\u00e1 una coordinaci\u00f3n entre PC y corporaciones de auxilio para brindar el apoyo a quien lo requiera ya que las bajas temperaturas alcanzaran los 6 grados en la regi\u00f3n Huasteca.<\/p>\n\n\n\n<p>Zenteno Redondo dej\u00f3 en claro que a las personas no se les obliga a acudir al refugio temporal, se les pregunta y si acceden, se les brinda el servicio, ya que se cuenta con camas y comida que coordina el DIF municipal.<\/p>\n\n\n\n<p>Es as\u00ed como los elementos de PC estar\u00e1n monitoreando las calles con la finalidad de evitar muertes por las bajas temperaturas.<\/p>\n","protected":false},"excerpt":{"rendered":"<p>Por \u00c1ngel Bautista\/Redacci\u00f3n Huejutla, Hgo. &#8211; El director de Protecci\u00f3n Civil Municipal de Huejutla, Otoniel Zenteno Redondo, inform\u00f3 que, al llegar a bajas temperaturas, habilitaran el refugio temporal ubicado en el Auditorio municipal de Huejutla, para resguardar a personal vulnerables con el fr\u00edo. Indic\u00f3 que durante esta temporada mantendr\u00e1n el operativo invernal, en estas labores&hellip; <a class=\"more-link\" href=\"https:\/\/www.zunoticia.com\/noticias-de-hidalgo\/2022\/12\/23\/por-temporada-invernal-pc-realizara-recorridos\/\">Seguir leyendo <span class=\"screen-reader-text\">Por temporada invernal PC realizar\u00e1 recorridos<\/span><\/a><\/p>\n","protected":false},"author":12,"featured_media":461029,"comment_status":"closed","ping_status":"open","sticky":false,"template":"","format":"standard","meta":{"rop_custom_images_group":[],"rop_custom_messages_group":[],"rop_publish_now":"initial","rop_publish_now_accounts":{"facebook_10159540855086992_322828327761733":""},"rop_publish_now_history":[],"rop_publish_now_status":"pending","footnotes":""},"categories":[181],"tags":[121],"class_list":["post-461028","post","type-post","status-publish","format-standard","has-post-thumbnail","hentry","category-huejutla","tag-huejutla","entry"],"_links":{"self":[{"href":"https:\/\/www.zunoticia.com\/noticias-de-hidalgo\/wp-json\/wp\/v2\/posts\/461028","targetHints":{"allow":["GET"]}}],"collection":[{"href":"https:\/\/www.zunoticia.com\/noticias-de-hidalgo\/wp-json\/wp\/v2\/posts"}],"about":[{"href":"https:\/\/www.zunoticia.com\/noticias-de-hidalgo\/wp-json\/wp\/v2\/types\/post"}],"author":[{"embeddable":true,"href":"https:\/\/www.zunoticia.com\/noticias-de-hidalgo\/wp-json\/wp\/v2\/users\/12"}],"replies":[{"embeddable":true,"href":"https:\/\/www.zunoticia.com\/noticias-de-hidalgo\/wp-json\/wp\/v2\/comments?post=461028"}],"version-history":[{"count":1,"href":"https:\/\/www.zunoticia.com\/noticias-de-hidalgo\/wp-json\/wp\/v2\/posts\/461028\/revisions"}],"predecessor-version":[{"id":461030,"href":"https:\/\/www.zunoticia.com\/noticias-de-hidalgo\/wp-json\/wp\/v2\/posts\/461028\/revisions\/461030"}],"wp:featuredmedia":[{"embeddable":true,"href":"https:\/\/www.zunoticia.com\/noticias-de-hidalgo\/wp-json\/wp\/v2\/media\/461029"}],"wp:attachment":[{"href":"https:\/\/www.zunoticia.com\/noticias-de-hidalgo\/wp-json\/wp\/v2\/media?parent=461028"}],"wp:term":[{"taxonomy":"category","embeddable":true,"href":"https:\/\/www.zunoticia.com\/noticias-de-hidalgo\/wp-json\/wp\/v2\/categories?post=461028"},{"taxonomy":"post_tag","embeddable":true,"href":"https:\/\/www.zunoticia.com\/noticias-de-hidalgo\/wp-json\/wp\/v2\/tags?post=461028"}],"curies":[{"name":"wp","href":"https:\/\/api.w.org\/{rel}","templated":true}]}}