{"id":461031,"date":"2022-12-23T17:12:23","date_gmt":"2022-12-23T23:12:23","guid":{"rendered":"https:\/\/www.zunoticia.com\/noticias-de-hidalgo\/?p=461031"},"modified":"2022-12-23T17:13:05","modified_gmt":"2022-12-23T23:13:05","slug":"consideran-comerciantes-que-les-pinta-mal-festejos-decembrinos","status":"publish","type":"post","link":"https:\/\/www.zunoticia.com\/noticias-de-hidalgo\/2022\/12\/23\/consideran-comerciantes-que-les-pinta-mal-festejos-decembrinos\/","title":{"rendered":"Consideran comerciantes que les &#8220;pinta mal&#8221; festejos decembrinos"},"content":{"rendered":"<aside class=\"mashsb-container mashsb-main mashsb-stretched\"><div class=\"mashsb-box\"><div class=\"mashsb-count mash-large\" style=\"float:left\"><div class=\"counts mashsbcount\">32<\/div><span class=\"mashsb-sharetext\">SHARES<\/span><\/div><div class=\"mashsb-buttons\"><a class=\"mashicon-facebook mash-large mash-center mashsb-noshadow\" href=\"https:\/\/www.facebook.com\/sharer.php?u=https%3A%2F%2Fwww.zunoticia.com%2Fnoticias-de-hidalgo%2F2022%2F12%2F23%2Fconsideran-comerciantes-que-les-pinta-mal-festejos-decembrinos%2F\" target=\"_top\" rel=\"nofollow\"><span class=\"icon\"><\/span><span class=\"text\">Share<\/span><\/a><a class=\"mashicon-twitter mash-large mash-center mashsb-noshadow\" href=\"https:\/\/twitter.com\/intent\/tweet?text=&amp;url=https:\/\/www.zunoticia.com\/noticias-de-hidalgo\/2022\/12\/23\/consideran-comerciantes-que-les-pinta-mal-festejos-decembrinos\/\" target=\"_top\" rel=\"nofollow\"><span class=\"icon\"><\/span><span class=\"text\">Tweet<\/span><\/a><div class=\"onoffswitch2 mash-large mashsb-noshadow\" style=\"display:none\"><\/div><\/div>\n            <\/div>\n                <div style=\"clear:both\"><\/div><div class=\"mashsb-toggle-container\"><\/div><\/aside>\n            <!-- Share buttons by mashshare.net - Version: 4.0.47-->\n<p><em>Por Salvador Altamirano\/Zunoticia<\/em><\/p>\n\n\n\n<p><strong>Huejutla, Hgo. &#8211;<\/strong> Entrevistados en torno a las expectativas de venta para los festejos de diciembre, Navidad y A\u00f1o Nuevo, comerciantes tianguistas y locatarios del mercado municipal, expresaron que esas fechas siempre han repuesto su econom\u00eda, pero en esta ocasi\u00f3n les &#8220;pinta mal&#8221;.<\/p>\n\n\n\n<p>Explicaron que lo anterior, porque no se ha notado en Huejutla la presencia de visitantes, como en otros a\u00f1os, ni siquiera los que vienen a convivir en esos festejos tradicionales con sus familias, quienes, por alguna raz\u00f3n, generalmente de trabajo, residen en otras latitudes del pa\u00eds.<\/p>\n\n\n\n<p>Agregaron que cuando llegan de inmediato se nota, ya que el primer sitio al que acuden, incluso antes que, a los hogares de sus familias, es el mercado municipal, a comprar productos para obsequio o necesarios para la cena de Navidad, en este caso, pero ahora -dijeron-, no se ha visto ni se ve movimiento.<\/p>\n\n\n\n<figure class=\"wp-block-image size-large\"><img fetchpriority=\"high\" decoding=\"async\" width=\"1024\" height=\"576\" src=\"https:\/\/www.zunoticia.com\/noticias-de-hidalgo\/wp-content\/uploads\/2022\/12\/WhatsApp-Image-2022-12-23-at-3.54.17-PM-1-1024x576.jpeg\" alt=\"\" class=\"wp-image-461034\" srcset=\"https:\/\/www.zunoticia.com\/noticias-de-hidalgo\/wp-content\/uploads\/2022\/12\/WhatsApp-Image-2022-12-23-at-3.54.17-PM-1-1024x576.jpeg 1024w, https:\/\/www.zunoticia.com\/noticias-de-hidalgo\/wp-content\/uploads\/2022\/12\/WhatsApp-Image-2022-12-23-at-3.54.17-PM-1-300x169.jpeg 300w, https:\/\/www.zunoticia.com\/noticias-de-hidalgo\/wp-content\/uploads\/2022\/12\/WhatsApp-Image-2022-12-23-at-3.54.17-PM-1-768x432.jpeg 768w, https:\/\/www.zunoticia.com\/noticias-de-hidalgo\/wp-content\/uploads\/2022\/12\/WhatsApp-Image-2022-12-23-at-3.54.17-PM-1.jpeg 1280w\" sizes=\"(max-width: 1024px) 100vw, 1024px\" \/><\/figure>\n\n\n\n<p>Quien responde al nombre de Anselmo Hern\u00e1ndez, refiri\u00f3 que en los dos d\u00edas que lleva instalado el tianguis navide\u00f1o tampoco hay afluencia de personas como en a\u00f1os anteriores, este d\u00eda por la lluvia -aclaro-, pero ayer tampoco y no llovi\u00f3.<\/p>\n\n\n\n<p>Para concluir, enfatiz\u00f3 que se podr\u00eda justificar que la falta de visitantes es derivada de los estragos econ\u00f3micos que dej\u00f3 la pandemia, lo cual no ser\u00eda cre\u00edble, ya que a dos a\u00f1os de la disminuci\u00f3n de contagios el comercio ya casi ha recobrado su auge, por lo que posiblemente, y ojal\u00e1 y as\u00ed sea, esta pr\u00f3xima semana se acent\u00fae la presencia de visitantes en Huejutla.<\/p>\n","protected":false},"excerpt":{"rendered":"<p>Por Salvador Altamirano\/Zunoticia Huejutla, Hgo. &#8211; Entrevistados en torno a las expectativas de venta para los festejos de diciembre, Navidad y A\u00f1o Nuevo, comerciantes tianguistas y locatarios del mercado municipal, expresaron que esas fechas siempre han repuesto su econom\u00eda, pero en esta ocasi\u00f3n les &#8220;pinta mal&#8221;. Explicaron que lo anterior, porque no se ha notado&hellip; <a class=\"more-link\" href=\"https:\/\/www.zunoticia.com\/noticias-de-hidalgo\/2022\/12\/23\/consideran-comerciantes-que-les-pinta-mal-festejos-decembrinos\/\">Seguir leyendo <span class=\"screen-reader-text\">Consideran comerciantes que les &#8220;pinta mal&#8221; festejos decembrinos<\/span><\/a><\/p>\n","protected":false},"author":12,"featured_media":461032,"comment_status":"closed","ping_status":"open","sticky":false,"template":"","format":"standard","meta":{"rop_custom_images_group":[],"rop_custom_messages_group":[],"rop_publish_now":"initial","rop_publish_now_accounts":{"facebook_10159540855086992_322828327761733":""},"rop_publish_now_history":[],"rop_publish_now_status":"pending","footnotes":""},"categories":[181],"tags":[121],"class_list":["post-461031","post","type-post","status-publish","format-standard","has-post-thumbnail","hentry","category-huejutla","tag-huejutla","entry"],"_links":{"self":[{"href":"https:\/\/www.zunoticia.com\/noticias-de-hidalgo\/wp-json\/wp\/v2\/posts\/461031","targetHints":{"allow":["GET"]}}],"collection":[{"href":"https:\/\/www.zunoticia.com\/noticias-de-hidalgo\/wp-json\/wp\/v2\/posts"}],"about":[{"href":"https:\/\/www.zunoticia.com\/noticias-de-hidalgo\/wp-json\/wp\/v2\/types\/post"}],"author":[{"embeddable":true,"href":"https:\/\/www.zunoticia.com\/noticias-de-hidalgo\/wp-json\/wp\/v2\/users\/12"}],"replies":[{"embeddable":true,"href":"https:\/\/www.zunoticia.com\/noticias-de-hidalgo\/wp-json\/wp\/v2\/comments?post=461031"}],"version-history":[{"count":2,"href":"https:\/\/www.zunoticia.com\/noticias-de-hidalgo\/wp-json\/wp\/v2\/posts\/461031\/revisions"}],"predecessor-version":[{"id":461036,"href":"https:\/\/www.zunoticia.com\/noticias-de-hidalgo\/wp-json\/wp\/v2\/posts\/461031\/revisions\/461036"}],"wp:featuredmedia":[{"embeddable":true,"href":"https:\/\/www.zunoticia.com\/noticias-de-hidalgo\/wp-json\/wp\/v2\/media\/461032"}],"wp:attachment":[{"href":"https:\/\/www.zunoticia.com\/noticias-de-hidalgo\/wp-json\/wp\/v2\/media?parent=461031"}],"wp:term":[{"taxonomy":"category","embeddable":true,"href":"https:\/\/www.zunoticia.com\/noticias-de-hidalgo\/wp-json\/wp\/v2\/categories?post=461031"},{"taxonomy":"post_tag","embeddable":true,"href":"https:\/\/www.zunoticia.com\/noticias-de-hidalgo\/wp-json\/wp\/v2\/tags?post=461031"}],"curies":[{"name":"wp","href":"https:\/\/api.w.org\/{rel}","templated":true}]}}