{"id":461037,"date":"2022-12-23T17:36:53","date_gmt":"2022-12-23T23:36:53","guid":{"rendered":"https:\/\/www.zunoticia.com\/noticias-de-hidalgo\/?p=461037"},"modified":"2022-12-23T17:36:56","modified_gmt":"2022-12-23T23:36:56","slug":"festeja-ayuntamiento-a-sus-policias","status":"publish","type":"post","link":"https:\/\/www.zunoticia.com\/noticias-de-hidalgo\/2022\/12\/23\/festeja-ayuntamiento-a-sus-policias\/","title":{"rendered":"Festeja ayuntamiento a sus polic\u00edas"},"content":{"rendered":"<aside class=\"mashsb-container mashsb-main mashsb-stretched\"><div class=\"mashsb-box\"><div class=\"mashsb-count mash-large\" style=\"float:left\"><div class=\"counts mashsbcount\">35<\/div><span class=\"mashsb-sharetext\">SHARES<\/span><\/div><div class=\"mashsb-buttons\"><a class=\"mashicon-facebook mash-large mash-center mashsb-noshadow\" href=\"https:\/\/www.facebook.com\/sharer.php?u=https%3A%2F%2Fwww.zunoticia.com%2Fnoticias-de-hidalgo%2F2022%2F12%2F23%2Ffesteja-ayuntamiento-a-sus-policias%2F\" target=\"_top\" rel=\"nofollow\"><span class=\"icon\"><\/span><span class=\"text\">Share<\/span><\/a><a class=\"mashicon-twitter mash-large mash-center mashsb-noshadow\" href=\"https:\/\/twitter.com\/intent\/tweet?text=&amp;url=https:\/\/www.zunoticia.com\/noticias-de-hidalgo\/2022\/12\/23\/festeja-ayuntamiento-a-sus-policias\/\" target=\"_top\" rel=\"nofollow\"><span class=\"icon\"><\/span><span class=\"text\">Tweet<\/span><\/a><div class=\"onoffswitch2 mash-large mashsb-noshadow\" style=\"display:none\"><\/div><\/div>\n            <\/div>\n                <div style=\"clear:both\"><\/div><div class=\"mashsb-toggle-container\"><\/div><\/aside>\n            <!-- Share buttons by mashshare.net - Version: 4.0.47-->\n<p><em>Por \u00c1ngel Silverio\/Zunoticia<\/em><\/p>\n\n\n\n<p><strong>San Felipe Orizatl\u00e1n, Hgo. &#8211;<\/strong> C\u00f3mo muestra de reconocimiento a la labor que realizan d\u00eda con d\u00eda, el gobierno municipal que encabeza la alcaldesa Erika Saab Lara, se llev\u00f3 a cabo un ameno convivio por el d\u00eda del polic\u00eda, d\u00f3nde destac\u00f3 la importante tarea ardua por los orizatlense.<\/p>\n\n\n\n<p>El evento tuvo lugar en la unidad deportiva, d\u00f3nde los guardianes del orden p\u00fablico se congregaron para pasar un momento agradable, por la enorme tarea que realizan d\u00eda con d\u00eda y mantener la paz social en el municipio, as\u00ed como atender temas como apoyos y traslados ciudadanos.<\/p>\n\n\n\n<figure class=\"wp-block-image size-large\"><img fetchpriority=\"high\" decoding=\"async\" width=\"1024\" height=\"683\" src=\"https:\/\/www.zunoticia.com\/noticias-de-hidalgo\/wp-content\/uploads\/2022\/12\/WhatsApp-Image-2022-12-23-at-5.35.42-PM-2-1024x683.jpeg\" alt=\"\" class=\"wp-image-461039\" srcset=\"https:\/\/www.zunoticia.com\/noticias-de-hidalgo\/wp-content\/uploads\/2022\/12\/WhatsApp-Image-2022-12-23-at-5.35.42-PM-2-1024x683.jpeg 1024w, https:\/\/www.zunoticia.com\/noticias-de-hidalgo\/wp-content\/uploads\/2022\/12\/WhatsApp-Image-2022-12-23-at-5.35.42-PM-2-300x200.jpeg 300w, https:\/\/www.zunoticia.com\/noticias-de-hidalgo\/wp-content\/uploads\/2022\/12\/WhatsApp-Image-2022-12-23-at-5.35.42-PM-2-768x512.jpeg 768w, https:\/\/www.zunoticia.com\/noticias-de-hidalgo\/wp-content\/uploads\/2022\/12\/WhatsApp-Image-2022-12-23-at-5.35.42-PM-2.jpeg 1080w\" sizes=\"(max-width: 1024px) 100vw, 1024px\" \/><\/figure>\n\n\n\n<p>A nombre de la presidenta, el oficial mayor, Noel Rivera, extern\u00f3 el agradecimiento a los uniformados, as\u00ed como tambi\u00e9n reconoci\u00f3 su trabajo, al mismo tiempo que los conmin\u00f3 a seguir dando lo mejor de s\u00ed, de ser la polic\u00eda municipal que los ciudadanos necesitan.<\/p>\n\n\n\n<p>Posteriormente, compartieron el pan y la sal en un ameno convivio para despu\u00e9s dar paso a las rifas y entregar de premios y reconocimientos a los guardianes del orden p\u00fablico.<\/p>\n","protected":false},"excerpt":{"rendered":"<p>Por \u00c1ngel Silverio\/Zunoticia San Felipe Orizatl\u00e1n, Hgo. &#8211; C\u00f3mo muestra de reconocimiento a la labor que realizan d\u00eda con d\u00eda, el gobierno municipal que encabeza la alcaldesa Erika Saab Lara, se llev\u00f3 a cabo un ameno convivio por el d\u00eda del polic\u00eda, d\u00f3nde destac\u00f3 la importante tarea ardua por los orizatlense. El evento tuvo lugar&hellip; <a class=\"more-link\" href=\"https:\/\/www.zunoticia.com\/noticias-de-hidalgo\/2022\/12\/23\/festeja-ayuntamiento-a-sus-policias\/\">Seguir leyendo <span class=\"screen-reader-text\">Festeja ayuntamiento a sus polic\u00edas<\/span><\/a><\/p>\n","protected":false},"author":12,"featured_media":461038,"comment_status":"closed","ping_status":"open","sticky":false,"template":"","format":"standard","meta":{"rop_custom_images_group":[],"rop_custom_messages_group":[],"rop_publish_now":"initial","rop_publish_now_accounts":{"facebook_10159540855086992_322828327761733":""},"rop_publish_now_history":[],"rop_publish_now_status":"pending","footnotes":""},"categories":[180],"tags":[129],"class_list":["post-461037","post","type-post","status-publish","format-standard","has-post-thumbnail","hentry","category-orizatlan","tag-orizatlan","entry"],"_links":{"self":[{"href":"https:\/\/www.zunoticia.com\/noticias-de-hidalgo\/wp-json\/wp\/v2\/posts\/461037","targetHints":{"allow":["GET"]}}],"collection":[{"href":"https:\/\/www.zunoticia.com\/noticias-de-hidalgo\/wp-json\/wp\/v2\/posts"}],"about":[{"href":"https:\/\/www.zunoticia.com\/noticias-de-hidalgo\/wp-json\/wp\/v2\/types\/post"}],"author":[{"embeddable":true,"href":"https:\/\/www.zunoticia.com\/noticias-de-hidalgo\/wp-json\/wp\/v2\/users\/12"}],"replies":[{"embeddable":true,"href":"https:\/\/www.zunoticia.com\/noticias-de-hidalgo\/wp-json\/wp\/v2\/comments?post=461037"}],"version-history":[{"count":1,"href":"https:\/\/www.zunoticia.com\/noticias-de-hidalgo\/wp-json\/wp\/v2\/posts\/461037\/revisions"}],"predecessor-version":[{"id":461040,"href":"https:\/\/www.zunoticia.com\/noticias-de-hidalgo\/wp-json\/wp\/v2\/posts\/461037\/revisions\/461040"}],"wp:featuredmedia":[{"embeddable":true,"href":"https:\/\/www.zunoticia.com\/noticias-de-hidalgo\/wp-json\/wp\/v2\/media\/461038"}],"wp:attachment":[{"href":"https:\/\/www.zunoticia.com\/noticias-de-hidalgo\/wp-json\/wp\/v2\/media?parent=461037"}],"wp:term":[{"taxonomy":"category","embeddable":true,"href":"https:\/\/www.zunoticia.com\/noticias-de-hidalgo\/wp-json\/wp\/v2\/categories?post=461037"},{"taxonomy":"post_tag","embeddable":true,"href":"https:\/\/www.zunoticia.com\/noticias-de-hidalgo\/wp-json\/wp\/v2\/tags?post=461037"}],"curies":[{"name":"wp","href":"https:\/\/api.w.org\/{rel}","templated":true}]}}