{"id":461087,"date":"2022-12-23T19:33:51","date_gmt":"2022-12-24T01:33:51","guid":{"rendered":"https:\/\/www.zunoticia.com\/noticias-de-hidalgo\/?p=461087"},"modified":"2022-12-23T19:33:53","modified_gmt":"2022-12-24T01:33:53","slug":"depresiones-se-elevan-a-fin-de-ano","status":"publish","type":"post","link":"https:\/\/www.zunoticia.com\/noticias-de-hidalgo\/2022\/12\/23\/depresiones-se-elevan-a-fin-de-ano\/","title":{"rendered":"Depresiones se elevan a fin de a\u00f1o"},"content":{"rendered":"<aside class=\"mashsb-container mashsb-main mashsb-stretched\"><div class=\"mashsb-box\"><div class=\"mashsb-count mash-large\" style=\"float:left\"><div class=\"counts mashsbcount\">12<\/div><span class=\"mashsb-sharetext\">SHARES<\/span><\/div><div class=\"mashsb-buttons\"><a class=\"mashicon-facebook mash-large mash-center mashsb-noshadow\" href=\"https:\/\/www.facebook.com\/sharer.php?u=https%3A%2F%2Fwww.zunoticia.com%2Fnoticias-de-hidalgo%2F2022%2F12%2F23%2Fdepresiones-se-elevan-a-fin-de-ano%2F\" target=\"_top\" rel=\"nofollow\"><span class=\"icon\"><\/span><span class=\"text\">Share<\/span><\/a><a class=\"mashicon-twitter mash-large mash-center mashsb-noshadow\" href=\"https:\/\/twitter.com\/intent\/tweet?text=&amp;url=https:\/\/www.zunoticia.com\/noticias-de-hidalgo\/2022\/12\/23\/depresiones-se-elevan-a-fin-de-ano\/\" target=\"_top\" rel=\"nofollow\"><span class=\"icon\"><\/span><span class=\"text\">Tweet<\/span><\/a><div class=\"onoffswitch2 mash-large mashsb-noshadow\" style=\"display:none\"><\/div><\/div>\n            <\/div>\n                <div style=\"clear:both\"><\/div><div class=\"mashsb-toggle-container\"><\/div><\/aside>\n            <!-- Share buttons by mashshare.net - Version: 4.0.47-->\n<p><em>Por \u00c1ngel Bautista\/Zunoticia<\/em><\/p>\n\n\n\n<p><strong>Huejutla, Hgo.-<\/strong> Diciembre es un mes en el que se incrementa el n\u00famero de suicidios al elevarse las depresiones, por lo que es necesario redoblar esfuerzos para evitar este fen\u00f3meno al t\u00e9rmino del a\u00f1o, se\u00f1al\u00f3 Adelina Solares Vite Licenciada en Psicolog\u00eda.<\/p>\n\n\n\n<p>En este sentido, expuso que el reto es llegar a m\u00e1s personas de todas las edades con mecanismos de prevenci\u00f3n, as\u00ed como a las familias para que detecten conductas depresivas, indicando que son varios los factores que conllevan a esta decisi\u00f3n, resaltando que entre los j\u00f3venes una de las causas principales es el bullying.<\/p>\n\n\n\n<p>Explic\u00f3 que el invierno, aunado a una serie de celebraciones para dar paso a la Navidad y A\u00f1o Nuevo ocasiona un ciclo de emociones encontradas, lo que podr\u00eda derivar en una depresi\u00f3n, o peor a\u00fan, en suicidio.&nbsp;<\/p>\n\n\n\n<p>En la v\u00edspera de concluir el a\u00f1o es com\u00fan que la poblaci\u00f3n haga indirecta o directamente un recuento de lo vivido y es cuando la muerte de un familiar, enfermedades o la falta de dinero se manifiesta a trav\u00e9s de una profunda tristeza.<\/p>\n\n\n\n<p>Por lo que la especialista recomienda extremar precauciones, ser m\u00e1s observadores y emp\u00e1ticos, ya que el estado depresivo y la falta de inter\u00e9s son algunos de los indicadores para llevar acabo un suicidio.<\/p>\n","protected":false},"excerpt":{"rendered":"<p>Por \u00c1ngel Bautista\/Zunoticia Huejutla, Hgo.- Diciembre es un mes en el que se incrementa el n\u00famero de suicidios al elevarse las depresiones, por lo que es necesario redoblar esfuerzos para evitar este fen\u00f3meno al t\u00e9rmino del a\u00f1o, se\u00f1al\u00f3 Adelina Solares Vite Licenciada en Psicolog\u00eda. En este sentido, expuso que el reto es llegar a m\u00e1s&hellip; <a class=\"more-link\" href=\"https:\/\/www.zunoticia.com\/noticias-de-hidalgo\/2022\/12\/23\/depresiones-se-elevan-a-fin-de-ano\/\">Seguir leyendo <span class=\"screen-reader-text\">Depresiones se elevan a fin de a\u00f1o<\/span><\/a><\/p>\n","protected":false},"author":12,"featured_media":461071,"comment_status":"closed","ping_status":"open","sticky":false,"template":"","format":"standard","meta":{"rop_custom_images_group":[],"rop_custom_messages_group":[],"rop_publish_now":"initial","rop_publish_now_accounts":{"facebook_10159540855086992_322828327761733":""},"rop_publish_now_history":[],"rop_publish_now_status":"pending","footnotes":""},"categories":[181],"tags":[121],"class_list":["post-461087","post","type-post","status-publish","format-standard","has-post-thumbnail","hentry","category-huejutla","tag-huejutla","entry"],"_links":{"self":[{"href":"https:\/\/www.zunoticia.com\/noticias-de-hidalgo\/wp-json\/wp\/v2\/posts\/461087","targetHints":{"allow":["GET"]}}],"collection":[{"href":"https:\/\/www.zunoticia.com\/noticias-de-hidalgo\/wp-json\/wp\/v2\/posts"}],"about":[{"href":"https:\/\/www.zunoticia.com\/noticias-de-hidalgo\/wp-json\/wp\/v2\/types\/post"}],"author":[{"embeddable":true,"href":"https:\/\/www.zunoticia.com\/noticias-de-hidalgo\/wp-json\/wp\/v2\/users\/12"}],"replies":[{"embeddable":true,"href":"https:\/\/www.zunoticia.com\/noticias-de-hidalgo\/wp-json\/wp\/v2\/comments?post=461087"}],"version-history":[{"count":1,"href":"https:\/\/www.zunoticia.com\/noticias-de-hidalgo\/wp-json\/wp\/v2\/posts\/461087\/revisions"}],"predecessor-version":[{"id":461088,"href":"https:\/\/www.zunoticia.com\/noticias-de-hidalgo\/wp-json\/wp\/v2\/posts\/461087\/revisions\/461088"}],"wp:featuredmedia":[{"embeddable":true,"href":"https:\/\/www.zunoticia.com\/noticias-de-hidalgo\/wp-json\/wp\/v2\/media\/461071"}],"wp:attachment":[{"href":"https:\/\/www.zunoticia.com\/noticias-de-hidalgo\/wp-json\/wp\/v2\/media?parent=461087"}],"wp:term":[{"taxonomy":"category","embeddable":true,"href":"https:\/\/www.zunoticia.com\/noticias-de-hidalgo\/wp-json\/wp\/v2\/categories?post=461087"},{"taxonomy":"post_tag","embeddable":true,"href":"https:\/\/www.zunoticia.com\/noticias-de-hidalgo\/wp-json\/wp\/v2\/tags?post=461087"}],"curies":[{"name":"wp","href":"https:\/\/api.w.org\/{rel}","templated":true}]}}