{"id":461505,"date":"2022-12-28T13:58:16","date_gmt":"2022-12-28T19:58:16","guid":{"rendered":"https:\/\/www.zunoticia.com\/noticias-de-hidalgo\/?p=461505"},"modified":"2022-12-28T13:58:17","modified_gmt":"2022-12-28T19:58:17","slug":"hidalgo-sede-nacional-de-xxvi-festival-de-la-huasteca","status":"publish","type":"post","link":"https:\/\/www.zunoticia.com\/noticias-de-hidalgo\/2022\/12\/28\/hidalgo-sede-nacional-de-xxvi-festival-de-la-huasteca\/","title":{"rendered":"Hidalgo, sede nacional de XXVI Festival de la Huasteca"},"content":{"rendered":"<aside class=\"mashsb-container mashsb-main mashsb-stretched\"><div class=\"mashsb-box\"><div class=\"mashsb-count mash-large\" style=\"float:left\"><div class=\"counts mashsbcount\">7<\/div><span class=\"mashsb-sharetext\">SHARES<\/span><\/div><div class=\"mashsb-buttons\"><a class=\"mashicon-facebook mash-large mash-center mashsb-noshadow\" href=\"https:\/\/www.facebook.com\/sharer.php?u=https%3A%2F%2Fwww.zunoticia.com%2Fnoticias-de-hidalgo%2F2022%2F12%2F28%2Fhidalgo-sede-nacional-de-xxvi-festival-de-la-huasteca%2F\" target=\"_top\" rel=\"nofollow\"><span class=\"icon\"><\/span><span class=\"text\">Share<\/span><\/a><a class=\"mashicon-twitter mash-large mash-center mashsb-noshadow\" href=\"https:\/\/twitter.com\/intent\/tweet?text=&amp;url=https:\/\/www.zunoticia.com\/noticias-de-hidalgo\/2022\/12\/28\/hidalgo-sede-nacional-de-xxvi-festival-de-la-huasteca\/\" target=\"_top\" rel=\"nofollow\"><span class=\"icon\"><\/span><span class=\"text\">Tweet<\/span><\/a><div class=\"onoffswitch2 mash-large mashsb-noshadow\" style=\"display:none\"><\/div><\/div>\n            <\/div>\n                <div style=\"clear:both\"><\/div><div class=\"mashsb-toggle-container\"><\/div><\/aside>\n            <!-- Share buttons by mashshare.net - Version: 4.0.47-->\n<ul class=\"wp-block-list\"><li>Como parte de los logros alcanzados en los primeros 100 d\u00edas del gobierno de Julio Menchaca Salazar<\/li><li>El encuentro multidisciplinario celebra a la regi\u00f3n que conforman Hidalgo, Puebla, Quer\u00e9taro, San Luis Potos\u00ed, Tamaulipas y Veracruz<\/li><\/ul>\n\n\n\n<p><em>Por Redacci\u00f3n\/Zunoticia<\/em><\/p>\n\n\n\n<p><strong>Pachuca de Soto, Hgo.-<\/strong> La Secretar\u00eda de Cultura, dirigida por Tania Meza Escorza, dio a conocer que uno de los logros alcanzados en los primeros 100 d\u00edas del gobierno de Julio Menchaca Salazar, es que Hidalgo ser\u00e1 la sede nacional del XXVI Festival de la Huasteca, el cual se desarrollar\u00e1 en todos los municipios de la Huasteca hidalguense en 2023.<\/p>\n\n\n\n<p>En cada edici\u00f3n, el encuentro multidisciplinario celebra a esta ancestral y multicultural regi\u00f3n que conforman los estados de Hidalgo, Puebla, Quer\u00e9taro, San Luis Potos\u00ed, Tamaulipas y Veracruz.<\/p>\n\n\n\n<p>Durante la clausura de la edici\u00f3n 25, llevada a cabo en San Luis Potos\u00ed, se entreg\u00f3 el bast\u00f3n de mando al estado de Hidalgo, ya que ser\u00e1 el municipio de Huejutla donde se realice la nueva edici\u00f3n de la fiesta de las Huastecas del pa\u00eds el pr\u00f3ximo a\u00f1o.<\/p>\n\n\n\n<figure class=\"wp-block-image size-large\"><img fetchpriority=\"high\" decoding=\"async\" width=\"1024\" height=\"538\" src=\"https:\/\/www.zunoticia.com\/noticias-de-hidalgo\/wp-content\/uploads\/2022\/12\/festival1-1024x538.jpg\" alt=\"\" class=\"wp-image-461507\" srcset=\"https:\/\/www.zunoticia.com\/noticias-de-hidalgo\/wp-content\/uploads\/2022\/12\/festival1-1024x538.jpg 1024w, https:\/\/www.zunoticia.com\/noticias-de-hidalgo\/wp-content\/uploads\/2022\/12\/festival1-300x158.jpg 300w, https:\/\/www.zunoticia.com\/noticias-de-hidalgo\/wp-content\/uploads\/2022\/12\/festival1-768x403.jpg 768w, https:\/\/www.zunoticia.com\/noticias-de-hidalgo\/wp-content\/uploads\/2022\/12\/festival1.jpg 1200w\" sizes=\"(max-width: 1024px) 100vw, 1024px\" \/><figcaption><em>El encuentro multidisciplinario celebra a la regi\u00f3n que conforman Hidalgo, Puebla, Quer\u00e9taro, San Luis Potos\u00ed, Tamaulipas y Veracruz.<\/em><\/figcaption><\/figure>\n\n\n\n<p>La Direcci\u00f3n General de Culturas Populares, Ind\u00edgenas y Urbanas de la Secretar\u00eda de Cultura del Gobierno de M\u00e9xico, en conjunto con las instituciones de cultura estatales que conforman el Programa de Desarrollo Cultural de la Huasteca, son las \u00e1reas encargadas de realizar el festival que incluye presentaciones de m\u00fasica, baile, danza y cocina tradicional; encuentro de huapangueros, exposiciones y venta de artesan\u00edas; presentaciones de libros, conferencias y talleres.<\/p>\n\n\n\n<p>El Festival de la Huasteca inici\u00f3 en 1995 con el objetivo de transmitir y difundir la cultura de la regi\u00f3n, as\u00ed como reconocer la diversidad de lenguas y tradiciones de cada uno de los estados que la integran.<\/p>\n\n\n\n<p>Por su parte, la Secretar\u00eda de Cultura de Hidalgo revel\u00f3 que con el regreso del Festival de la Huasteca a Hidalgo tambi\u00e9n se trabaja en la descentralizaci\u00f3n de los recursos y el fortalecimiento de la oferta cultural en todo el territorio estatal, que es una prioridad para esta administraci\u00f3n del gobierno de Julio Menchaca Salazar.<\/p>\n","protected":false},"excerpt":{"rendered":"<p>Como parte de los logros alcanzados en los primeros 100 d\u00edas del gobierno de Julio Menchaca Salazar El encuentro multidisciplinario celebra a la regi\u00f3n que conforman Hidalgo, Puebla, Quer\u00e9taro, San Luis Potos\u00ed, Tamaulipas y Veracruz Por Redacci\u00f3n\/Zunoticia Pachuca de Soto, Hgo.- La Secretar\u00eda de Cultura, dirigida por Tania Meza Escorza, dio a conocer que uno&hellip; <a class=\"more-link\" href=\"https:\/\/www.zunoticia.com\/noticias-de-hidalgo\/2022\/12\/28\/hidalgo-sede-nacional-de-xxvi-festival-de-la-huasteca\/\">Seguir leyendo <span class=\"screen-reader-text\">Hidalgo, sede nacional de XXVI Festival de la Huasteca<\/span><\/a><\/p>\n","protected":false},"author":13,"featured_media":461506,"comment_status":"closed","ping_status":"open","sticky":false,"template":"","format":"standard","meta":{"rop_custom_images_group":[],"rop_custom_messages_group":[],"rop_publish_now":"initial","rop_publish_now_accounts":{"facebook_10159540855086992_322828327761733":""},"rop_publish_now_history":[],"rop_publish_now_status":"pending","footnotes":""},"categories":[208],"tags":[214],"class_list":["post-461505","post","type-post","status-publish","format-standard","has-post-thumbnail","hentry","category-estado","tag-estado","entry"],"_links":{"self":[{"href":"https:\/\/www.zunoticia.com\/noticias-de-hidalgo\/wp-json\/wp\/v2\/posts\/461505","targetHints":{"allow":["GET"]}}],"collection":[{"href":"https:\/\/www.zunoticia.com\/noticias-de-hidalgo\/wp-json\/wp\/v2\/posts"}],"about":[{"href":"https:\/\/www.zunoticia.com\/noticias-de-hidalgo\/wp-json\/wp\/v2\/types\/post"}],"author":[{"embeddable":true,"href":"https:\/\/www.zunoticia.com\/noticias-de-hidalgo\/wp-json\/wp\/v2\/users\/13"}],"replies":[{"embeddable":true,"href":"https:\/\/www.zunoticia.com\/noticias-de-hidalgo\/wp-json\/wp\/v2\/comments?post=461505"}],"version-history":[{"count":1,"href":"https:\/\/www.zunoticia.com\/noticias-de-hidalgo\/wp-json\/wp\/v2\/posts\/461505\/revisions"}],"predecessor-version":[{"id":461508,"href":"https:\/\/www.zunoticia.com\/noticias-de-hidalgo\/wp-json\/wp\/v2\/posts\/461505\/revisions\/461508"}],"wp:featuredmedia":[{"embeddable":true,"href":"https:\/\/www.zunoticia.com\/noticias-de-hidalgo\/wp-json\/wp\/v2\/media\/461506"}],"wp:attachment":[{"href":"https:\/\/www.zunoticia.com\/noticias-de-hidalgo\/wp-json\/wp\/v2\/media?parent=461505"}],"wp:term":[{"taxonomy":"category","embeddable":true,"href":"https:\/\/www.zunoticia.com\/noticias-de-hidalgo\/wp-json\/wp\/v2\/categories?post=461505"},{"taxonomy":"post_tag","embeddable":true,"href":"https:\/\/www.zunoticia.com\/noticias-de-hidalgo\/wp-json\/wp\/v2\/tags?post=461505"}],"curies":[{"name":"wp","href":"https:\/\/api.w.org\/{rel}","templated":true}]}}