{"id":461520,"date":"2022-12-28T15:18:38","date_gmt":"2022-12-28T21:18:38","guid":{"rendered":"https:\/\/www.zunoticia.com\/noticias-de-hidalgo\/?p=461520"},"modified":"2022-12-28T15:18:40","modified_gmt":"2022-12-28T21:18:40","slug":"presentan-libro-chalma-veracruz-donde-la-filosofia-y-la-picardia-se-conjugan","status":"publish","type":"post","link":"https:\/\/www.zunoticia.com\/noticias-de-hidalgo\/2022\/12\/28\/presentan-libro-chalma-veracruz-donde-la-filosofia-y-la-picardia-se-conjugan\/","title":{"rendered":"Presentan libro &#8220;Chalma, Veracruz, donde la filosof\u00eda y la picard\u00eda se conjugan&#8221;"},"content":{"rendered":"<aside class=\"mashsb-container mashsb-main mashsb-stretched\"><div class=\"mashsb-box\"><div class=\"mashsb-count mash-large\" style=\"float:left\"><div class=\"counts mashsbcount\">39<\/div><span class=\"mashsb-sharetext\">SHARES<\/span><\/div><div class=\"mashsb-buttons\"><a class=\"mashicon-facebook mash-large mash-center mashsb-noshadow\" href=\"https:\/\/www.facebook.com\/sharer.php?u=https%3A%2F%2Fwww.zunoticia.com%2Fnoticias-de-hidalgo%2F2022%2F12%2F28%2Fpresentan-libro-chalma-veracruz-donde-la-filosofia-y-la-picardia-se-conjugan%2F\" target=\"_top\" rel=\"nofollow\"><span class=\"icon\"><\/span><span class=\"text\">Share<\/span><\/a><a class=\"mashicon-twitter mash-large mash-center mashsb-noshadow\" href=\"https:\/\/twitter.com\/intent\/tweet?text=&amp;url=https:\/\/www.zunoticia.com\/noticias-de-hidalgo\/2022\/12\/28\/presentan-libro-chalma-veracruz-donde-la-filosofia-y-la-picardia-se-conjugan\/\" target=\"_top\" rel=\"nofollow\"><span class=\"icon\"><\/span><span class=\"text\">Tweet<\/span><\/a><div class=\"onoffswitch2 mash-large mashsb-noshadow\" style=\"display:none\"><\/div><\/div>\n            <\/div>\n                <div style=\"clear:both\"><\/div><div class=\"mashsb-toggle-container\"><\/div><\/aside>\n            <!-- Share buttons by mashshare.net - Version: 4.0.47-->\n<p><em>Por Salvador Altamirano\/Zunoticia<\/em><\/p>\n\n\n\n<p><strong>Huejutla, Hgo.-<\/strong> &#8220;Este libro no es de Germ\u00e1n Arguelles Pascual, historias m\u00edas no trae, mi vida no la encierra este documento, encierra la vida de Chalma, l\u00e9anlo, disfr\u00fatenlo, es de ustedes&#8221;.<\/p>\n\n\n\n<p>Esas fueron palabras emotivas del autor del libro titulado &#8220;Chalma, Veracruz, donde la filosof\u00eda y la picard\u00eda se conjugan&#8221;, durante la presentaci\u00f3n que tuvo efecto la ma\u00f1ana de este mi\u00e9rcoles en conocido sal\u00f3n de fiesta, del precitado poblado del norte del Estado de Veracruz.<\/p>\n\n\n\n<p>Agreg\u00f3 que, en la obra literaria describe a plenitud al chalmero: bullicioso; jocoso; dicharachero; al que creen tonto porque se hace, pero que responde como debe de ser cuando es necesario.<\/p>\n\n\n<div class=\"wp-block-image\">\n<figure class=\"aligncenter size-large is-resized\"><img fetchpriority=\"high\" decoding=\"async\" src=\"https:\/\/www.zunoticia.com\/noticias-de-hidalgo\/wp-content\/uploads\/2022\/12\/libro1-1024x538.jpg\" alt=\"\" class=\"wp-image-461522\" width=\"590\" height=\"310\" srcset=\"https:\/\/www.zunoticia.com\/noticias-de-hidalgo\/wp-content\/uploads\/2022\/12\/libro1-1024x538.jpg 1024w, https:\/\/www.zunoticia.com\/noticias-de-hidalgo\/wp-content\/uploads\/2022\/12\/libro1-300x158.jpg 300w, https:\/\/www.zunoticia.com\/noticias-de-hidalgo\/wp-content\/uploads\/2022\/12\/libro1-768x403.jpg 768w, https:\/\/www.zunoticia.com\/noticias-de-hidalgo\/wp-content\/uploads\/2022\/12\/libro1.jpg 1200w\" sizes=\"(max-width: 590px) 100vw, 590px\" \/><\/figure>\n<\/div>\n\n\n<p>C\u00f3mo no hablar de Chalma -subray\u00f3-, c\u00f3mo no recordar sus muchos personajes sobresalientes y t\u00edpicos como el Rajas; Golumbo; Patoche&#8221;; G\u00fcero de Mar\u00eda; Todo y Aldegundo, hablar de ellos es empezar a abrir las hermosas bocas para re\u00edr y re\u00edr.<\/p>\n\n\n\n<p>Para finalizar, Arguelles Pascual manifest\u00f3 que, en su libro figuran muchos personajes que ya est\u00e1n al lado del creador, pero que tambi\u00e9n fueron importantes en el \u00e1mbito local; as\u00ed como dichos, chistes, cuentos, leyendas y palabras exclusivas del chalmero, que hoy est\u00e1n reflejadas de manera formal en el documento.<\/p>\n","protected":false},"excerpt":{"rendered":"<p>Por Salvador Altamirano\/Zunoticia Huejutla, Hgo.- &#8220;Este libro no es de Germ\u00e1n Arguelles Pascual, historias m\u00edas no trae, mi vida no la encierra este documento, encierra la vida de Chalma, l\u00e9anlo, disfr\u00fatenlo, es de ustedes&#8221;. Esas fueron palabras emotivas del autor del libro titulado &#8220;Chalma, Veracruz, donde la filosof\u00eda y la picard\u00eda se conjugan&#8221;, durante la&hellip; <a class=\"more-link\" href=\"https:\/\/www.zunoticia.com\/noticias-de-hidalgo\/2022\/12\/28\/presentan-libro-chalma-veracruz-donde-la-filosofia-y-la-picardia-se-conjugan\/\">Seguir leyendo <span class=\"screen-reader-text\">Presentan libro &#8220;Chalma, Veracruz, donde la filosof\u00eda y la picard\u00eda se conjugan&#8221;<\/span><\/a><\/p>\n","protected":false},"author":13,"featured_media":461521,"comment_status":"closed","ping_status":"open","sticky":false,"template":"","format":"standard","meta":{"rop_custom_images_group":[],"rop_custom_messages_group":[],"rop_publish_now":"initial","rop_publish_now_accounts":{"facebook_10159540855086992_322828327761733":""},"rop_publish_now_history":[],"rop_publish_now_status":"pending","footnotes":""},"categories":[181],"tags":[121],"class_list":["post-461520","post","type-post","status-publish","format-standard","has-post-thumbnail","hentry","category-huejutla","tag-huejutla","entry"],"_links":{"self":[{"href":"https:\/\/www.zunoticia.com\/noticias-de-hidalgo\/wp-json\/wp\/v2\/posts\/461520","targetHints":{"allow":["GET"]}}],"collection":[{"href":"https:\/\/www.zunoticia.com\/noticias-de-hidalgo\/wp-json\/wp\/v2\/posts"}],"about":[{"href":"https:\/\/www.zunoticia.com\/noticias-de-hidalgo\/wp-json\/wp\/v2\/types\/post"}],"author":[{"embeddable":true,"href":"https:\/\/www.zunoticia.com\/noticias-de-hidalgo\/wp-json\/wp\/v2\/users\/13"}],"replies":[{"embeddable":true,"href":"https:\/\/www.zunoticia.com\/noticias-de-hidalgo\/wp-json\/wp\/v2\/comments?post=461520"}],"version-history":[{"count":1,"href":"https:\/\/www.zunoticia.com\/noticias-de-hidalgo\/wp-json\/wp\/v2\/posts\/461520\/revisions"}],"predecessor-version":[{"id":461523,"href":"https:\/\/www.zunoticia.com\/noticias-de-hidalgo\/wp-json\/wp\/v2\/posts\/461520\/revisions\/461523"}],"wp:featuredmedia":[{"embeddable":true,"href":"https:\/\/www.zunoticia.com\/noticias-de-hidalgo\/wp-json\/wp\/v2\/media\/461521"}],"wp:attachment":[{"href":"https:\/\/www.zunoticia.com\/noticias-de-hidalgo\/wp-json\/wp\/v2\/media?parent=461520"}],"wp:term":[{"taxonomy":"category","embeddable":true,"href":"https:\/\/www.zunoticia.com\/noticias-de-hidalgo\/wp-json\/wp\/v2\/categories?post=461520"},{"taxonomy":"post_tag","embeddable":true,"href":"https:\/\/www.zunoticia.com\/noticias-de-hidalgo\/wp-json\/wp\/v2\/tags?post=461520"}],"curies":[{"name":"wp","href":"https:\/\/api.w.org\/{rel}","templated":true}]}}