{"id":461560,"date":"2022-12-28T17:02:09","date_gmt":"2022-12-28T23:02:09","guid":{"rendered":"https:\/\/www.zunoticia.com\/noticias-de-hidalgo\/?p=461560"},"modified":"2022-12-28T17:02:10","modified_gmt":"2022-12-28T23:02:10","slug":"se-reactivaran-los-talleres-culturales","status":"publish","type":"post","link":"https:\/\/www.zunoticia.com\/noticias-de-hidalgo\/2022\/12\/28\/se-reactivaran-los-talleres-culturales\/","title":{"rendered":"Se reactivar\u00e1n los talleres culturales"},"content":{"rendered":"<aside class=\"mashsb-container mashsb-main mashsb-stretched\"><div class=\"mashsb-box\"><div class=\"mashsb-count mash-large\" style=\"float:left\"><div class=\"counts mashsbcount\">10<\/div><span class=\"mashsb-sharetext\">SHARES<\/span><\/div><div class=\"mashsb-buttons\"><a class=\"mashicon-facebook mash-large mash-center mashsb-noshadow\" href=\"https:\/\/www.facebook.com\/sharer.php?u=https%3A%2F%2Fwww.zunoticia.com%2Fnoticias-de-hidalgo%2F2022%2F12%2F28%2Fse-reactivaran-los-talleres-culturales%2F\" target=\"_top\" rel=\"nofollow\"><span class=\"icon\"><\/span><span class=\"text\">Share<\/span><\/a><a class=\"mashicon-twitter mash-large mash-center mashsb-noshadow\" href=\"https:\/\/twitter.com\/intent\/tweet?text=&amp;url=https:\/\/www.zunoticia.com\/noticias-de-hidalgo\/2022\/12\/28\/se-reactivaran-los-talleres-culturales\/\" target=\"_top\" rel=\"nofollow\"><span class=\"icon\"><\/span><span class=\"text\">Tweet<\/span><\/a><div class=\"onoffswitch2 mash-large mashsb-noshadow\" style=\"display:none\"><\/div><\/div>\n            <\/div>\n                <div style=\"clear:both\"><\/div><div class=\"mashsb-toggle-container\"><\/div><\/aside>\n            <!-- Share buttons by mashshare.net - Version: 4.0.47-->\n<p><em>Por Roberto Meza\/Zunoticia<\/em><\/p>\n\n\n\n<p><strong>Huazalingo, Hgo.- <\/strong>El director de Cultura municipal Apolinar Cort\u00e9s, dijo que, en el 2023 se habr\u00e1n de reactivar los talleres culturales para todos los huazalinguenses, por eso ya se est\u00e1n planeando las actividades y estrategias que habr\u00e1n de aplicar para seguir proyectando la cultura, tradiciones y costumbres de este municipio.<\/p>\n\n\n\n<p>El funcionario agreg\u00f3 que se habr\u00e1 de impulsar y proyectar la ense\u00f1anza del uso de los instrumentos de cuerda como el viol\u00edn, jarana y huapanguera, con esto preservar la m\u00fasica de la regi\u00f3n, por eso es que se habr\u00e1n de llevar los tallares tanto en las comunidades como en la cabecera con todas las personas que deseen aprender.<\/p>\n\n\n\n<p>Refiri\u00f3 que el \u00e1rea de Cultura habr\u00e1 de coordinar estas actividades, lo que se busca es llevar este tipo de cursos a todos los huazalinguenses desde ni\u00f1os, j\u00f3venes y personas adultas, por lo que ya se est\u00e1 trabajando para ello, para que a principios del pr\u00f3ximo a\u00f1o se puedan iniciar con estas ense\u00f1anzas para bien de los habitantes.<\/p>\n\n\n\n<p><\/p>\n","protected":false},"excerpt":{"rendered":"<p>Por Roberto Meza\/Zunoticia Huazalingo, Hgo.- El director de Cultura municipal Apolinar Cort\u00e9s, dijo que, en el 2023 se habr\u00e1n de reactivar los talleres culturales para todos los huazalinguenses, por eso ya se est\u00e1n planeando las actividades y estrategias que habr\u00e1n de aplicar para seguir proyectando la cultura, tradiciones y costumbres de este municipio. El funcionario&hellip; <a class=\"more-link\" href=\"https:\/\/www.zunoticia.com\/noticias-de-hidalgo\/2022\/12\/28\/se-reactivaran-los-talleres-culturales\/\">Seguir leyendo <span class=\"screen-reader-text\">Se reactivar\u00e1n los talleres culturales<\/span><\/a><\/p>\n","protected":false},"author":13,"featured_media":461554,"comment_status":"closed","ping_status":"open","sticky":false,"template":"","format":"standard","meta":{"rop_custom_images_group":[],"rop_custom_messages_group":[],"rop_publish_now":"initial","rop_publish_now_accounts":{"facebook_10159540855086992_322828327761733":""},"rop_publish_now_history":[],"rop_publish_now_status":"pending","footnotes":""},"categories":[179,212],"tags":[138],"class_list":["post-461560","post","type-post","status-publish","format-standard","has-post-thumbnail","hentry","category-huasteca","category-huazalingo","tag-huazalingo","entry"],"_links":{"self":[{"href":"https:\/\/www.zunoticia.com\/noticias-de-hidalgo\/wp-json\/wp\/v2\/posts\/461560","targetHints":{"allow":["GET"]}}],"collection":[{"href":"https:\/\/www.zunoticia.com\/noticias-de-hidalgo\/wp-json\/wp\/v2\/posts"}],"about":[{"href":"https:\/\/www.zunoticia.com\/noticias-de-hidalgo\/wp-json\/wp\/v2\/types\/post"}],"author":[{"embeddable":true,"href":"https:\/\/www.zunoticia.com\/noticias-de-hidalgo\/wp-json\/wp\/v2\/users\/13"}],"replies":[{"embeddable":true,"href":"https:\/\/www.zunoticia.com\/noticias-de-hidalgo\/wp-json\/wp\/v2\/comments?post=461560"}],"version-history":[{"count":1,"href":"https:\/\/www.zunoticia.com\/noticias-de-hidalgo\/wp-json\/wp\/v2\/posts\/461560\/revisions"}],"predecessor-version":[{"id":461561,"href":"https:\/\/www.zunoticia.com\/noticias-de-hidalgo\/wp-json\/wp\/v2\/posts\/461560\/revisions\/461561"}],"wp:featuredmedia":[{"embeddable":true,"href":"https:\/\/www.zunoticia.com\/noticias-de-hidalgo\/wp-json\/wp\/v2\/media\/461554"}],"wp:attachment":[{"href":"https:\/\/www.zunoticia.com\/noticias-de-hidalgo\/wp-json\/wp\/v2\/media?parent=461560"}],"wp:term":[{"taxonomy":"category","embeddable":true,"href":"https:\/\/www.zunoticia.com\/noticias-de-hidalgo\/wp-json\/wp\/v2\/categories?post=461560"},{"taxonomy":"post_tag","embeddable":true,"href":"https:\/\/www.zunoticia.com\/noticias-de-hidalgo\/wp-json\/wp\/v2\/tags?post=461560"}],"curies":[{"name":"wp","href":"https:\/\/api.w.org\/{rel}","templated":true}]}}