{"id":461563,"date":"2022-12-28T17:14:18","date_gmt":"2022-12-28T23:14:18","guid":{"rendered":"https:\/\/www.zunoticia.com\/noticias-de-hidalgo\/?p=461563"},"modified":"2022-12-28T17:14:20","modified_gmt":"2022-12-28T23:14:20","slug":"el-dia-de-los-santos-inocentes-se-recuerda-la-matanza-de-los-menores-nacidos-en-belen","status":"publish","type":"post","link":"https:\/\/www.zunoticia.com\/noticias-de-hidalgo\/2022\/12\/28\/el-dia-de-los-santos-inocentes-se-recuerda-la-matanza-de-los-menores-nacidos-en-belen\/","title":{"rendered":"El d\u00eda de los Santos Inocentes se recuerda la matanza de los menores nacidos en Bel\u00e9n"},"content":{"rendered":"<aside class=\"mashsb-container mashsb-main mashsb-stretched\"><div class=\"mashsb-box\"><div class=\"mashsb-count mash-large\" style=\"float:left\"><div class=\"counts mashsbcount\">26<\/div><span class=\"mashsb-sharetext\">SHARES<\/span><\/div><div class=\"mashsb-buttons\"><a class=\"mashicon-facebook mash-large mash-center mashsb-noshadow\" href=\"https:\/\/www.facebook.com\/sharer.php?u=https%3A%2F%2Fwww.zunoticia.com%2Fnoticias-de-hidalgo%2F2022%2F12%2F28%2Fel-dia-de-los-santos-inocentes-se-recuerda-la-matanza-de-los-menores-nacidos-en-belen%2F\" target=\"_top\" rel=\"nofollow\"><span class=\"icon\"><\/span><span class=\"text\">Share<\/span><\/a><a class=\"mashicon-twitter mash-large mash-center mashsb-noshadow\" href=\"https:\/\/twitter.com\/intent\/tweet?text=&amp;url=https:\/\/www.zunoticia.com\/noticias-de-hidalgo\/2022\/12\/28\/el-dia-de-los-santos-inocentes-se-recuerda-la-matanza-de-los-menores-nacidos-en-belen\/\" target=\"_top\" rel=\"nofollow\"><span class=\"icon\"><\/span><span class=\"text\">Tweet<\/span><\/a><div class=\"onoffswitch2 mash-large mashsb-noshadow\" style=\"display:none\"><\/div><\/div>\n            <\/div>\n                <div style=\"clear:both\"><\/div><div class=\"mashsb-toggle-container\"><\/div><\/aside>\n            <!-- Share buttons by mashshare.net - Version: 4.0.47-->\n<p><em>Por Enedino Hern\u00e1ndez\/Zunoticia<\/em><\/p>\n\n\n\n<p><strong>Huejutla, Hgo.-<\/strong> Este 28 de diciembre, d\u00eda de los Santos Inocentes, es la conmemoraci\u00f3n de un episodio del cristianismo, con el cual se recuerda la matanza de los ni\u00f1os menores de dos a\u00f1os nacidos en Bel\u00e9n (Judea), ordenada por el Rey Herodes \u201cel Grande\u201d, con el fin de deshacerse del reci\u00e9n nacido Jes\u00fas de Nazaret, expuso el Obispo de la Di\u00f3cesis de Huejutla de Reyes, Jos\u00e9 Hir\u00e1is Acosta Beltr\u00e1n.<\/p>\n\n\n\n<p>Detall\u00f3 que con esta acci\u00f3n Herodes quer\u00eda matar al ni\u00f1o Jes\u00fas, porque le anunciaron que hab\u00eda nacido el Rey de los Jud\u00edos, celoso de su reinado y poder, ordena matarlo, \u201cpor ello, ordena la matanza de los ni\u00f1os menores de 2 a\u00f1os pensando en deshacerse del ni\u00f1o Jes\u00fas\u201d.<\/p>\n\n\n\n<p>Se\u00f1al\u00f3 que San Jos\u00e9 recibi\u00f3 en sue\u00f1os una orden de llevar al ni\u00f1o Jes\u00fas, \u201chuye a Egipto y es de esta manera como el ni\u00f1o Dios es salvado, muchos ni\u00f1os mueren inocentes por esta raz\u00f3n, todo por el ego\u00edsmo y el poder de un hombre que quiere tener el dominio, el poder y el control de todo, y ni le interesa asesinar\u201d.<\/p>\n\n\n\n<p>Afirm\u00f3 \u201cen nuestros tiempos tambi\u00e9n hay muchos inocentes, personas que defienden la vida, que luchan por una causa noble como es la defensa del territorio, el ecosistema y la ecolog\u00eda, que luchan por la justicia, la paz; son personas promotoras de paz, de la fraternidad, la solidaridad, son igualmente perseguidas y perseguidos\u201d.<\/p>\n\n\n\n<p>Insiste que estas personas son inocentes, ya que solo quieren el bien de los dem\u00e1s \u201cpor ello le pedimos a Dios que se hagan presentes en todas aquellas personas inocentes de nuestro tiempo para que los proteja y los ayude, para que vean realizados sus ideales y sus proyectos en bien la humanidad\u201d.<\/p>\n\n\n\n<p>Jos\u00e9 Hir\u00e1is Acosta Beltr\u00e1n, concluy\u00f3 citando que diariamente se puede observar a trav\u00e9s de los medios de comunicaci\u00f3n, como muchas personas famosas trabajan y luchan por la paz, \u201cal igual que nosotros que pasamos desapercibidos pero que vamos trabajando y luchando por un mundo mejor\u201d.<\/p>\n","protected":false},"excerpt":{"rendered":"<p>Por Enedino Hern\u00e1ndez\/Zunoticia Huejutla, Hgo.- Este 28 de diciembre, d\u00eda de los Santos Inocentes, es la conmemoraci\u00f3n de un episodio del cristianismo, con el cual se recuerda la matanza de los ni\u00f1os menores de dos a\u00f1os nacidos en Bel\u00e9n (Judea), ordenada por el Rey Herodes \u201cel Grande\u201d, con el fin de deshacerse del reci\u00e9n nacido&hellip; <a class=\"more-link\" href=\"https:\/\/www.zunoticia.com\/noticias-de-hidalgo\/2022\/12\/28\/el-dia-de-los-santos-inocentes-se-recuerda-la-matanza-de-los-menores-nacidos-en-belen\/\">Seguir leyendo <span class=\"screen-reader-text\">El d\u00eda de los Santos Inocentes se recuerda la matanza de los menores nacidos en Bel\u00e9n<\/span><\/a><\/p>\n","protected":false},"author":13,"featured_media":461553,"comment_status":"closed","ping_status":"open","sticky":false,"template":"","format":"standard","meta":{"rop_custom_images_group":[],"rop_custom_messages_group":[],"rop_publish_now":"initial","rop_publish_now_accounts":{"facebook_10159540855086992_322828327761733":""},"rop_publish_now_history":[],"rop_publish_now_status":"pending","footnotes":""},"categories":[181],"tags":[121],"class_list":["post-461563","post","type-post","status-publish","format-standard","has-post-thumbnail","hentry","category-huejutla","tag-huejutla","entry"],"_links":{"self":[{"href":"https:\/\/www.zunoticia.com\/noticias-de-hidalgo\/wp-json\/wp\/v2\/posts\/461563","targetHints":{"allow":["GET"]}}],"collection":[{"href":"https:\/\/www.zunoticia.com\/noticias-de-hidalgo\/wp-json\/wp\/v2\/posts"}],"about":[{"href":"https:\/\/www.zunoticia.com\/noticias-de-hidalgo\/wp-json\/wp\/v2\/types\/post"}],"author":[{"embeddable":true,"href":"https:\/\/www.zunoticia.com\/noticias-de-hidalgo\/wp-json\/wp\/v2\/users\/13"}],"replies":[{"embeddable":true,"href":"https:\/\/www.zunoticia.com\/noticias-de-hidalgo\/wp-json\/wp\/v2\/comments?post=461563"}],"version-history":[{"count":1,"href":"https:\/\/www.zunoticia.com\/noticias-de-hidalgo\/wp-json\/wp\/v2\/posts\/461563\/revisions"}],"predecessor-version":[{"id":461564,"href":"https:\/\/www.zunoticia.com\/noticias-de-hidalgo\/wp-json\/wp\/v2\/posts\/461563\/revisions\/461564"}],"wp:featuredmedia":[{"embeddable":true,"href":"https:\/\/www.zunoticia.com\/noticias-de-hidalgo\/wp-json\/wp\/v2\/media\/461553"}],"wp:attachment":[{"href":"https:\/\/www.zunoticia.com\/noticias-de-hidalgo\/wp-json\/wp\/v2\/media?parent=461563"}],"wp:term":[{"taxonomy":"category","embeddable":true,"href":"https:\/\/www.zunoticia.com\/noticias-de-hidalgo\/wp-json\/wp\/v2\/categories?post=461563"},{"taxonomy":"post_tag","embeddable":true,"href":"https:\/\/www.zunoticia.com\/noticias-de-hidalgo\/wp-json\/wp\/v2\/tags?post=461563"}],"curies":[{"name":"wp","href":"https:\/\/api.w.org\/{rel}","templated":true}]}}