{"id":461581,"date":"2022-12-28T17:50:56","date_gmt":"2022-12-28T23:50:56","guid":{"rendered":"https:\/\/www.zunoticia.com\/noticias-de-hidalgo\/?p=461581"},"modified":"2022-12-28T17:50:57","modified_gmt":"2022-12-28T23:50:57","slug":"por-temporada-piden-extension-de-horario-del-transporte-publico","status":"publish","type":"post","link":"https:\/\/www.zunoticia.com\/noticias-de-hidalgo\/2022\/12\/28\/por-temporada-piden-extension-de-horario-del-transporte-publico\/","title":{"rendered":"Por temporada, piden extensi\u00f3n de horario del transporte p\u00fablico"},"content":{"rendered":"<aside class=\"mashsb-container mashsb-main mashsb-stretched\"><div class=\"mashsb-box\"><div class=\"mashsb-count mash-large\" style=\"float:left\"><div class=\"counts mashsbcount\">64<\/div><span class=\"mashsb-sharetext\">SHARES<\/span><\/div><div class=\"mashsb-buttons\"><a class=\"mashicon-facebook mash-large mash-center mashsb-noshadow\" href=\"https:\/\/www.facebook.com\/sharer.php?u=https%3A%2F%2Fwww.zunoticia.com%2Fnoticias-de-hidalgo%2F2022%2F12%2F28%2Fpor-temporada-piden-extension-de-horario-del-transporte-publico%2F\" target=\"_top\" rel=\"nofollow\"><span class=\"icon\"><\/span><span class=\"text\">Share<\/span><\/a><a class=\"mashicon-twitter mash-large mash-center mashsb-noshadow\" href=\"https:\/\/twitter.com\/intent\/tweet?text=&amp;url=https:\/\/www.zunoticia.com\/noticias-de-hidalgo\/2022\/12\/28\/por-temporada-piden-extension-de-horario-del-transporte-publico\/\" target=\"_top\" rel=\"nofollow\"><span class=\"icon\"><\/span><span class=\"text\">Tweet<\/span><\/a><div class=\"onoffswitch2 mash-large mashsb-noshadow\" style=\"display:none\"><\/div><\/div>\n            <\/div>\n                <div style=\"clear:both\"><\/div><div class=\"mashsb-toggle-container\"><\/div><\/aside>\n            <!-- Share buttons by mashshare.net - Version: 4.0.47-->\n<p><em>Por \u00c1ngel Silverio\/Zunoticia<\/em><\/p>\n\n\n\n<p><strong>Jaltoc\u00e1n, Hgo.-<\/strong> Debido a la gran afluencia de paisanos y de visitantes en esta temporada de fiestas decembrinas, usuarios del transporte p\u00fablico, hacen el llamado a los representantes de las rutas, as\u00ed como a la de Coacuilco -Jaltoc\u00e1n, a que extiendan su horario de servicio, pues es alta la demanda y pocas las unidades.<\/p>\n\n\n\n<p>Lo anterior, fue mencionado por Isabel Mart\u00ednez, quien precis\u00f3 que es urgente que el trasporte p\u00fablico, ofrezca el servicio un poco m\u00e1s tarde, pues es tanta la demanda que muchos usuarios se tienen que quedar ya sea en Huejutla o Jaltoc\u00e1n, y pagar taxi, el cual es un costo alt\u00edsimo.<\/p>\n\n\n\n<p>&#8220;En pandemia lo que quer\u00edan era usuarios y ahorita que hay solo dan servicio como de costumbre, hacemos la queja aqu\u00ed porque ya se lo comentamos a los choferes y dicen que no es asunto de ellos, si no de los due\u00f1os de las unidades; mucho pasaje se queda despu\u00e9s de las 7:00, y los taxistas tanto de Huejutla como de Jaltoc\u00e1n, son unos abusivos, ojal\u00e1 que lo consideren&#8221; puntualiz\u00f3.<\/p>\n\n\n\n<p>Del mismo modo piden a la ruta de Coacuilco-Jaltoc\u00e1n y Coacuilco-San Felipe, ya que en estas rutas tambi\u00e9n es muy alta la demanda en esta temporada de fiestas.<\/p>\n","protected":false},"excerpt":{"rendered":"<p>Por \u00c1ngel Silverio\/Zunoticia Jaltoc\u00e1n, Hgo.- Debido a la gran afluencia de paisanos y de visitantes en esta temporada de fiestas decembrinas, usuarios del transporte p\u00fablico, hacen el llamado a los representantes de las rutas, as\u00ed como a la de Coacuilco -Jaltoc\u00e1n, a que extiendan su horario de servicio, pues es alta la demanda y pocas&hellip; <a class=\"more-link\" href=\"https:\/\/www.zunoticia.com\/noticias-de-hidalgo\/2022\/12\/28\/por-temporada-piden-extension-de-horario-del-transporte-publico\/\">Seguir leyendo <span class=\"screen-reader-text\">Por temporada, piden extensi\u00f3n de horario del transporte p\u00fablico<\/span><\/a><\/p>\n","protected":false},"author":13,"featured_media":461582,"comment_status":"closed","ping_status":"open","sticky":false,"template":"","format":"standard","meta":{"rop_custom_images_group":[],"rop_custom_messages_group":[],"rop_publish_now":"initial","rop_publish_now_accounts":{"facebook_10159540855086992_322828327761733":""},"rop_publish_now_history":[],"rop_publish_now_status":"pending","footnotes":""},"categories":[179,200],"tags":[131],"class_list":["post-461581","post","type-post","status-publish","format-standard","has-post-thumbnail","hentry","category-huasteca","category-jaltocan","tag-jaltocan","entry"],"_links":{"self":[{"href":"https:\/\/www.zunoticia.com\/noticias-de-hidalgo\/wp-json\/wp\/v2\/posts\/461581","targetHints":{"allow":["GET"]}}],"collection":[{"href":"https:\/\/www.zunoticia.com\/noticias-de-hidalgo\/wp-json\/wp\/v2\/posts"}],"about":[{"href":"https:\/\/www.zunoticia.com\/noticias-de-hidalgo\/wp-json\/wp\/v2\/types\/post"}],"author":[{"embeddable":true,"href":"https:\/\/www.zunoticia.com\/noticias-de-hidalgo\/wp-json\/wp\/v2\/users\/13"}],"replies":[{"embeddable":true,"href":"https:\/\/www.zunoticia.com\/noticias-de-hidalgo\/wp-json\/wp\/v2\/comments?post=461581"}],"version-history":[{"count":1,"href":"https:\/\/www.zunoticia.com\/noticias-de-hidalgo\/wp-json\/wp\/v2\/posts\/461581\/revisions"}],"predecessor-version":[{"id":461583,"href":"https:\/\/www.zunoticia.com\/noticias-de-hidalgo\/wp-json\/wp\/v2\/posts\/461581\/revisions\/461583"}],"wp:featuredmedia":[{"embeddable":true,"href":"https:\/\/www.zunoticia.com\/noticias-de-hidalgo\/wp-json\/wp\/v2\/media\/461582"}],"wp:attachment":[{"href":"https:\/\/www.zunoticia.com\/noticias-de-hidalgo\/wp-json\/wp\/v2\/media?parent=461581"}],"wp:term":[{"taxonomy":"category","embeddable":true,"href":"https:\/\/www.zunoticia.com\/noticias-de-hidalgo\/wp-json\/wp\/v2\/categories?post=461581"},{"taxonomy":"post_tag","embeddable":true,"href":"https:\/\/www.zunoticia.com\/noticias-de-hidalgo\/wp-json\/wp\/v2\/tags?post=461581"}],"curies":[{"name":"wp","href":"https:\/\/api.w.org\/{rel}","templated":true}]}}