{"id":461584,"date":"2022-12-28T17:54:07","date_gmt":"2022-12-28T23:54:07","guid":{"rendered":"https:\/\/www.zunoticia.com\/noticias-de-hidalgo\/?p=461584"},"modified":"2022-12-28T18:10:39","modified_gmt":"2022-12-29T00:10:39","slug":"cambio-de-autoridades-en-ahuatitla-el-8-de-enero","status":"publish","type":"post","link":"https:\/\/www.zunoticia.com\/noticias-de-hidalgo\/2022\/12\/28\/cambio-de-autoridades-en-ahuatitla-el-8-de-enero\/","title":{"rendered":"Cambio de autoridades en Ahuatitla el 7 de enero"},"content":{"rendered":"<aside class=\"mashsb-container mashsb-main mashsb-stretched\"><div class=\"mashsb-box\"><div class=\"mashsb-count mash-large\" style=\"float:left\"><div class=\"counts mashsbcount\">43<\/div><span class=\"mashsb-sharetext\">SHARES<\/span><\/div><div class=\"mashsb-buttons\"><a class=\"mashicon-facebook mash-large mash-center mashsb-noshadow\" href=\"https:\/\/www.facebook.com\/sharer.php?u=https%3A%2F%2Fwww.zunoticia.com%2Fnoticias-de-hidalgo%2F2022%2F12%2F28%2Fcambio-de-autoridades-en-ahuatitla-el-8-de-enero%2F\" target=\"_top\" rel=\"nofollow\"><span class=\"icon\"><\/span><span class=\"text\">Share<\/span><\/a><a class=\"mashicon-twitter mash-large mash-center mashsb-noshadow\" href=\"https:\/\/twitter.com\/intent\/tweet?text=&amp;url=https:\/\/www.zunoticia.com\/noticias-de-hidalgo\/2022\/12\/28\/cambio-de-autoridades-en-ahuatitla-el-8-de-enero\/\" target=\"_top\" rel=\"nofollow\"><span class=\"icon\"><\/span><span class=\"text\">Tweet<\/span><\/a><div class=\"onoffswitch2 mash-large mashsb-noshadow\" style=\"display:none\"><\/div><\/div>\n            <\/div>\n                <div style=\"clear:both\"><\/div><div class=\"mashsb-toggle-container\"><\/div><\/aside>\n            <!-- Share buttons by mashshare.net - Version: 4.0.47-->\n<p><em>Por \u00c1ngel Silverio\/Zunoticia<\/em><\/p>\n\n\n\n<p><strong>San Felipe Orizatl\u00e1n, Hgo.- <\/strong>Todo listo se encuentra para llevar a cabo el cambio de autoridades en la delegaci\u00f3n de Ahuatitla, por lo que se ultiman los detalles, y se hace la invitaci\u00f3n extensa a todos los&nbsp; ciudadanos de esta comunidad a que acudan y sean testigos de este importante evento.<\/p>\n\n\n\n<p>De acuerdo con lo informado por el delegado actual, Oscar Mart\u00ednez Amador, ser\u00e1 este pr\u00f3ximo 7 de enero cuando en asamblea general, estando presentes las autoridades municipales que encabeza Erika Saab Lara, se le entregue el mando al nuevo delegado, quien fue electo a inicios de este mes.<\/p>\n\n\n\n<p>&#8220;Invitamos a todos nuestros vecinos a que sean part\u00edcipes de este importante acto para la comunidad, como ciudadanos debemos de refrendar el compromiso de apoyo a nuestras pr\u00f3ximas autoridades y hacerles saber que estaremos apoy\u00e1ndolos como siempre lo hemos hecho, no dudamos que har\u00e1n un excelente trabajo&#8221; finaliz\u00f3.<\/p>\n\n\n\n<p>Este sentido, agreg\u00f3 que est\u00e1n por confirmar la hora en que se lleve a cabo este evento, el cual es de vital importancia para la historia de la comunidad, por ello la necesidad de la presencia de todos los vecinos.<\/p>\n","protected":false},"excerpt":{"rendered":"<p>Por \u00c1ngel Silverio\/Zunoticia San Felipe Orizatl\u00e1n, Hgo.- Todo listo se encuentra para llevar a cabo el cambio de autoridades en la delegaci\u00f3n de Ahuatitla, por lo que se ultiman los detalles, y se hace la invitaci\u00f3n extensa a todos los&nbsp; ciudadanos de esta comunidad a que acudan y sean testigos de este importante evento. De&hellip; <a class=\"more-link\" href=\"https:\/\/www.zunoticia.com\/noticias-de-hidalgo\/2022\/12\/28\/cambio-de-autoridades-en-ahuatitla-el-8-de-enero\/\">Seguir leyendo <span class=\"screen-reader-text\">Cambio de autoridades en Ahuatitla el 7 de enero<\/span><\/a><\/p>\n","protected":false},"author":13,"featured_media":461585,"comment_status":"closed","ping_status":"open","sticky":false,"template":"","format":"standard","meta":{"rop_custom_images_group":[],"rop_custom_messages_group":[],"rop_publish_now":"initial","rop_publish_now_accounts":{"facebook_10159540855086992_322828327761733":""},"rop_publish_now_history":[],"rop_publish_now_status":"pending","footnotes":""},"categories":[180],"tags":[129],"class_list":["post-461584","post","type-post","status-publish","format-standard","has-post-thumbnail","hentry","category-orizatlan","tag-orizatlan","entry"],"_links":{"self":[{"href":"https:\/\/www.zunoticia.com\/noticias-de-hidalgo\/wp-json\/wp\/v2\/posts\/461584","targetHints":{"allow":["GET"]}}],"collection":[{"href":"https:\/\/www.zunoticia.com\/noticias-de-hidalgo\/wp-json\/wp\/v2\/posts"}],"about":[{"href":"https:\/\/www.zunoticia.com\/noticias-de-hidalgo\/wp-json\/wp\/v2\/types\/post"}],"author":[{"embeddable":true,"href":"https:\/\/www.zunoticia.com\/noticias-de-hidalgo\/wp-json\/wp\/v2\/users\/13"}],"replies":[{"embeddable":true,"href":"https:\/\/www.zunoticia.com\/noticias-de-hidalgo\/wp-json\/wp\/v2\/comments?post=461584"}],"version-history":[{"count":2,"href":"https:\/\/www.zunoticia.com\/noticias-de-hidalgo\/wp-json\/wp\/v2\/posts\/461584\/revisions"}],"predecessor-version":[{"id":461590,"href":"https:\/\/www.zunoticia.com\/noticias-de-hidalgo\/wp-json\/wp\/v2\/posts\/461584\/revisions\/461590"}],"wp:featuredmedia":[{"embeddable":true,"href":"https:\/\/www.zunoticia.com\/noticias-de-hidalgo\/wp-json\/wp\/v2\/media\/461585"}],"wp:attachment":[{"href":"https:\/\/www.zunoticia.com\/noticias-de-hidalgo\/wp-json\/wp\/v2\/media?parent=461584"}],"wp:term":[{"taxonomy":"category","embeddable":true,"href":"https:\/\/www.zunoticia.com\/noticias-de-hidalgo\/wp-json\/wp\/v2\/categories?post=461584"},{"taxonomy":"post_tag","embeddable":true,"href":"https:\/\/www.zunoticia.com\/noticias-de-hidalgo\/wp-json\/wp\/v2\/tags?post=461584"}],"curies":[{"name":"wp","href":"https:\/\/api.w.org\/{rel}","templated":true}]}}