{"id":461591,"date":"2022-12-28T18:38:49","date_gmt":"2022-12-29T00:38:49","guid":{"rendered":"https:\/\/www.zunoticia.com\/noticias-de-hidalgo\/?p=461591"},"modified":"2022-12-28T18:38:51","modified_gmt":"2022-12-29T00:38:51","slug":"se-debe-implementar-uso-de-casco-dicen-ciudadanos","status":"publish","type":"post","link":"https:\/\/www.zunoticia.com\/noticias-de-hidalgo\/2022\/12\/28\/se-debe-implementar-uso-de-casco-dicen-ciudadanos\/","title":{"rendered":"Se debe implementar uso de casco dicen ciudadanos"},"content":{"rendered":"<aside class=\"mashsb-container mashsb-main mashsb-stretched\"><div class=\"mashsb-box\"><div class=\"mashsb-count mash-large\" style=\"float:left\"><div class=\"counts mashsbcount\">50<\/div><span class=\"mashsb-sharetext\">SHARES<\/span><\/div><div class=\"mashsb-buttons\"><a class=\"mashicon-facebook mash-large mash-center mashsb-noshadow\" href=\"https:\/\/www.facebook.com\/sharer.php?u=https%3A%2F%2Fwww.zunoticia.com%2Fnoticias-de-hidalgo%2F2022%2F12%2F28%2Fse-debe-implementar-uso-de-casco-dicen-ciudadanos%2F\" target=\"_top\" rel=\"nofollow\"><span class=\"icon\"><\/span><span class=\"text\">Share<\/span><\/a><a class=\"mashicon-twitter mash-large mash-center mashsb-noshadow\" href=\"https:\/\/twitter.com\/intent\/tweet?text=&amp;url=https:\/\/www.zunoticia.com\/noticias-de-hidalgo\/2022\/12\/28\/se-debe-implementar-uso-de-casco-dicen-ciudadanos\/\" target=\"_top\" rel=\"nofollow\"><span class=\"icon\"><\/span><span class=\"text\">Tweet<\/span><\/a><div class=\"onoffswitch2 mash-large mashsb-noshadow\" style=\"display:none\"><\/div><\/div>\n            <\/div>\n                <div style=\"clear:both\"><\/div><div class=\"mashsb-toggle-container\"><\/div><\/aside>\n            <!-- Share buttons by mashshare.net - Version: 4.0.47-->\n<p><em>Por \u00c1ngel Silverio\/Zunoticia<\/em><\/p>\n\n\n\n<p><strong>Jaltoc\u00e1n, Hgo.-<\/strong> Debido al exceso de velocidad en la que circulan los motociclistas, ciudadanos piden a las autoridades que tomen medidas como el hacer obligatorio el uso de casco y el l\u00edmite&nbsp; de velocidad para circular por la zona Centro y en el tramo Jaltoc\u00e1n \u2013 Vinazco, debido a que hay paso peatonal y escolar.<\/p>\n\n\n\n<p>Gabriela Lara, de la comunidad de Vinazco, se\u00f1al\u00f3 que es necesario que se implementen medidas y sanciones a quienes conducen a exceso de velocidad y sin la protecci\u00f3n adecuada, pues adem\u00e1s de exponerse, son un riesgo para los transe\u00fantes.<\/p>\n\n\n\n<p>&#8220;Pasan a altas velocidades, ya sean conductores de autos o motociclistas, sin casco, sin equipo de protecci\u00f3n, y lejos de exponerse ellos, exponen a nosotros los que caminamos por la orilla o por la acera, ya han atropellado gente y animales, y aun as\u00ed las autoridades no hacen nada al respecto &#8221; indic\u00f3 molesta.<\/p>\n\n\n\n<p>Es importante recalcar que esta petici\u00f3n se suma a la de los comerciantes y transportistas, debido a que en pleno Centro circulan a altas velocidades, sin importarles si atropellan a un ni\u00f1o o a un adulto mayor, por eso la urgencia de aplicar medidas y sanciones.<\/p>\n","protected":false},"excerpt":{"rendered":"<p>Por \u00c1ngel Silverio\/Zunoticia Jaltoc\u00e1n, Hgo.- Debido al exceso de velocidad en la que circulan los motociclistas, ciudadanos piden a las autoridades que tomen medidas como el hacer obligatorio el uso de casco y el l\u00edmite&nbsp; de velocidad para circular por la zona Centro y en el tramo Jaltoc\u00e1n \u2013 Vinazco, debido a que hay paso&hellip; <a class=\"more-link\" href=\"https:\/\/www.zunoticia.com\/noticias-de-hidalgo\/2022\/12\/28\/se-debe-implementar-uso-de-casco-dicen-ciudadanos\/\">Seguir leyendo <span class=\"screen-reader-text\">Se debe implementar uso de casco dicen ciudadanos<\/span><\/a><\/p>\n","protected":false},"author":12,"featured_media":461592,"comment_status":"closed","ping_status":"open","sticky":false,"template":"","format":"standard","meta":{"rop_custom_images_group":[],"rop_custom_messages_group":[],"rop_publish_now":"initial","rop_publish_now_accounts":{"facebook_10159540855086992_322828327761733":""},"rop_publish_now_history":[],"rop_publish_now_status":"pending","footnotes":""},"categories":[179,200],"tags":[131],"class_list":["post-461591","post","type-post","status-publish","format-standard","has-post-thumbnail","hentry","category-huasteca","category-jaltocan","tag-jaltocan","entry"],"_links":{"self":[{"href":"https:\/\/www.zunoticia.com\/noticias-de-hidalgo\/wp-json\/wp\/v2\/posts\/461591","targetHints":{"allow":["GET"]}}],"collection":[{"href":"https:\/\/www.zunoticia.com\/noticias-de-hidalgo\/wp-json\/wp\/v2\/posts"}],"about":[{"href":"https:\/\/www.zunoticia.com\/noticias-de-hidalgo\/wp-json\/wp\/v2\/types\/post"}],"author":[{"embeddable":true,"href":"https:\/\/www.zunoticia.com\/noticias-de-hidalgo\/wp-json\/wp\/v2\/users\/12"}],"replies":[{"embeddable":true,"href":"https:\/\/www.zunoticia.com\/noticias-de-hidalgo\/wp-json\/wp\/v2\/comments?post=461591"}],"version-history":[{"count":1,"href":"https:\/\/www.zunoticia.com\/noticias-de-hidalgo\/wp-json\/wp\/v2\/posts\/461591\/revisions"}],"predecessor-version":[{"id":461593,"href":"https:\/\/www.zunoticia.com\/noticias-de-hidalgo\/wp-json\/wp\/v2\/posts\/461591\/revisions\/461593"}],"wp:featuredmedia":[{"embeddable":true,"href":"https:\/\/www.zunoticia.com\/noticias-de-hidalgo\/wp-json\/wp\/v2\/media\/461592"}],"wp:attachment":[{"href":"https:\/\/www.zunoticia.com\/noticias-de-hidalgo\/wp-json\/wp\/v2\/media?parent=461591"}],"wp:term":[{"taxonomy":"category","embeddable":true,"href":"https:\/\/www.zunoticia.com\/noticias-de-hidalgo\/wp-json\/wp\/v2\/categories?post=461591"},{"taxonomy":"post_tag","embeddable":true,"href":"https:\/\/www.zunoticia.com\/noticias-de-hidalgo\/wp-json\/wp\/v2\/tags?post=461591"}],"curies":[{"name":"wp","href":"https:\/\/api.w.org\/{rel}","templated":true}]}}