{"id":462172,"date":"2023-01-03T17:16:00","date_gmt":"2023-01-03T23:16:00","guid":{"rendered":"https:\/\/www.zunoticia.com\/noticias-de-hidalgo\/?p=462172"},"modified":"2023-01-03T17:16:02","modified_gmt":"2023-01-03T23:16:02","slug":"sin-agua-en-barrios-de-la-cabecera-municipal","status":"publish","type":"post","link":"https:\/\/www.zunoticia.com\/noticias-de-hidalgo\/2023\/01\/03\/sin-agua-en-barrios-de-la-cabecera-municipal\/","title":{"rendered":"Sin agua en barrios de la cabecera municipal"},"content":{"rendered":"<aside class=\"mashsb-container mashsb-main mashsb-stretched\"><div class=\"mashsb-box\"><div class=\"mashsb-count mash-large\" style=\"float:left\"><div class=\"counts mashsbcount\">17<\/div><span class=\"mashsb-sharetext\">SHARES<\/span><\/div><div class=\"mashsb-buttons\"><a class=\"mashicon-facebook mash-large mash-center mashsb-noshadow\" href=\"https:\/\/www.facebook.com\/sharer.php?u=https%3A%2F%2Fwww.zunoticia.com%2Fnoticias-de-hidalgo%2F2023%2F01%2F03%2Fsin-agua-en-barrios-de-la-cabecera-municipal%2F\" target=\"_top\" rel=\"nofollow\"><span class=\"icon\"><\/span><span class=\"text\">Share<\/span><\/a><a class=\"mashicon-twitter mash-large mash-center mashsb-noshadow\" href=\"https:\/\/twitter.com\/intent\/tweet?text=&amp;url=https:\/\/www.zunoticia.com\/noticias-de-hidalgo\/2023\/01\/03\/sin-agua-en-barrios-de-la-cabecera-municipal\/\" target=\"_top\" rel=\"nofollow\"><span class=\"icon\"><\/span><span class=\"text\">Tweet<\/span><\/a><div class=\"onoffswitch2 mash-large mashsb-noshadow\" style=\"display:none\"><\/div><\/div>\n            <\/div>\n                <div style=\"clear:both\"><\/div><div class=\"mashsb-toggle-container\"><\/div><\/aside>\n            <!-- Share buttons by mashshare.net - Version: 4.0.47-->\n<p><em>Por \u00c1ngel Silverio\/Zunoticia<\/em><\/p>\n\n\n\n<p><strong>Jaltoc\u00e1n, Hgo. &#8211;<\/strong>&nbsp; Vecinos de la zona centro de este municipio, hicieron un llamado al alcalde Iv\u00e1n Lara Tovar, para que atienda la falta de agua en este sector, ya que desde las fiestas decembrinas y de inicio de a\u00f1o, se la pasaron sin contar con el servicio del vital l\u00edquido, y hasta el momento contin\u00faan con este problema sin que se les d\u00e9 una respuesta.<\/p>\n\n\n\n<p>De acuerdo con lo mencionado por los habitantes de los barrios de Toltitla y Pahuatitla, est\u00e1n sufriendo por la falta de agua desde hace ya varios d\u00edas, y hasta el momento el gobierno municipal, as\u00ed como los encargados del servicio no ha hecho nada por resolver este problema.<\/p>\n\n\n\n<p>&#8220;Estamos padeciendo este problema desde hace muchos d\u00edas, el agua nada m\u00e1s no llega, navidad y a\u00f1o nuevo nos quedamos sin agua, la gente est\u00e1 molesta que no tiene agua, estamos recibiendo el a\u00f1o sin agua; dicen que el tanque s\u00ed tiene, pero a nosotros no nos est\u00e1 llegando, no sabemos qu\u00e9 est\u00e9 pasando y nadie nos da una soluci\u00f3n &#8221; se\u00f1al\u00f3 Israel Hern\u00e1ndez.<\/p>\n\n\n\n<p>Cabe mencionar que este problema es latente entre los dem\u00e1s barrios de la cabecera municipal, y temen que la situaci\u00f3n se siga agravando en los pr\u00f3ximos d\u00edas.<\/p>\n","protected":false},"excerpt":{"rendered":"<p>Por \u00c1ngel Silverio\/Zunoticia Jaltoc\u00e1n, Hgo. &#8211;&nbsp; Vecinos de la zona centro de este municipio, hicieron un llamado al alcalde Iv\u00e1n Lara Tovar, para que atienda la falta de agua en este sector, ya que desde las fiestas decembrinas y de inicio de a\u00f1o, se la pasaron sin contar con el servicio del vital l\u00edquido, y&hellip; <a class=\"more-link\" href=\"https:\/\/www.zunoticia.com\/noticias-de-hidalgo\/2023\/01\/03\/sin-agua-en-barrios-de-la-cabecera-municipal\/\">Seguir leyendo <span class=\"screen-reader-text\">Sin agua en barrios de la cabecera municipal<\/span><\/a><\/p>\n","protected":false},"author":12,"featured_media":462174,"comment_status":"closed","ping_status":"open","sticky":false,"template":"","format":"standard","meta":{"rop_custom_images_group":[],"rop_custom_messages_group":[],"rop_publish_now":"initial","rop_publish_now_accounts":{"facebook_10159540855086992_322828327761733":""},"rop_publish_now_history":[],"rop_publish_now_status":"pending","footnotes":""},"categories":[179,200],"tags":[131],"class_list":["post-462172","post","type-post","status-publish","format-standard","has-post-thumbnail","hentry","category-huasteca","category-jaltocan","tag-jaltocan","entry"],"_links":{"self":[{"href":"https:\/\/www.zunoticia.com\/noticias-de-hidalgo\/wp-json\/wp\/v2\/posts\/462172","targetHints":{"allow":["GET"]}}],"collection":[{"href":"https:\/\/www.zunoticia.com\/noticias-de-hidalgo\/wp-json\/wp\/v2\/posts"}],"about":[{"href":"https:\/\/www.zunoticia.com\/noticias-de-hidalgo\/wp-json\/wp\/v2\/types\/post"}],"author":[{"embeddable":true,"href":"https:\/\/www.zunoticia.com\/noticias-de-hidalgo\/wp-json\/wp\/v2\/users\/12"}],"replies":[{"embeddable":true,"href":"https:\/\/www.zunoticia.com\/noticias-de-hidalgo\/wp-json\/wp\/v2\/comments?post=462172"}],"version-history":[{"count":1,"href":"https:\/\/www.zunoticia.com\/noticias-de-hidalgo\/wp-json\/wp\/v2\/posts\/462172\/revisions"}],"predecessor-version":[{"id":462175,"href":"https:\/\/www.zunoticia.com\/noticias-de-hidalgo\/wp-json\/wp\/v2\/posts\/462172\/revisions\/462175"}],"wp:featuredmedia":[{"embeddable":true,"href":"https:\/\/www.zunoticia.com\/noticias-de-hidalgo\/wp-json\/wp\/v2\/media\/462174"}],"wp:attachment":[{"href":"https:\/\/www.zunoticia.com\/noticias-de-hidalgo\/wp-json\/wp\/v2\/media?parent=462172"}],"wp:term":[{"taxonomy":"category","embeddable":true,"href":"https:\/\/www.zunoticia.com\/noticias-de-hidalgo\/wp-json\/wp\/v2\/categories?post=462172"},{"taxonomy":"post_tag","embeddable":true,"href":"https:\/\/www.zunoticia.com\/noticias-de-hidalgo\/wp-json\/wp\/v2\/tags?post=462172"}],"curies":[{"name":"wp","href":"https:\/\/api.w.org\/{rel}","templated":true}]}}