{"id":462208,"date":"2023-01-03T17:46:10","date_gmt":"2023-01-03T23:46:10","guid":{"rendered":"https:\/\/www.zunoticia.com\/noticias-de-hidalgo\/?p=462208"},"modified":"2023-01-03T17:46:14","modified_gmt":"2023-01-03T23:46:14","slug":"presentaron-nuevo-delegado-en-ixtlahuac","status":"publish","type":"post","link":"https:\/\/www.zunoticia.com\/noticias-de-hidalgo\/2023\/01\/03\/presentaron-nuevo-delegado-en-ixtlahuac\/","title":{"rendered":"Presentaron nuevo delegado en Ixtlahuac"},"content":{"rendered":"<aside class=\"mashsb-container mashsb-main mashsb-stretched\"><div class=\"mashsb-box\"><div class=\"mashsb-count mash-large\" style=\"float:left\"><div class=\"counts mashsbcount\">15<\/div><span class=\"mashsb-sharetext\">SHARES<\/span><\/div><div class=\"mashsb-buttons\"><a class=\"mashicon-facebook mash-large mash-center mashsb-noshadow\" href=\"https:\/\/www.facebook.com\/sharer.php?u=https%3A%2F%2Fwww.zunoticia.com%2Fnoticias-de-hidalgo%2F2023%2F01%2F03%2Fpresentaron-nuevo-delegado-en-ixtlahuac%2F\" target=\"_top\" rel=\"nofollow\"><span class=\"icon\"><\/span><span class=\"text\">Share<\/span><\/a><a class=\"mashicon-twitter mash-large mash-center mashsb-noshadow\" href=\"https:\/\/twitter.com\/intent\/tweet?text=&amp;url=https:\/\/www.zunoticia.com\/noticias-de-hidalgo\/2023\/01\/03\/presentaron-nuevo-delegado-en-ixtlahuac\/\" target=\"_top\" rel=\"nofollow\"><span class=\"icon\"><\/span><span class=\"text\">Tweet<\/span><\/a><div class=\"onoffswitch2 mash-large mashsb-noshadow\" style=\"display:none\"><\/div><\/div>\n            <\/div>\n                <div style=\"clear:both\"><\/div><div class=\"mashsb-toggle-container\"><\/div><\/aside>\n            <!-- Share buttons by mashshare.net - Version: 4.0.47-->\n<p><em>Por Roberto Meza\/Zunoticia<\/em><\/p>\n\n\n\n<p><strong>Huazalingo, Hgo. &#8211;<\/strong> A fin de seguir coordinando las actividades y llevar las gestiones, presentaron al nuevo delegado de la comunidad de Ixtlahuac; en el acto se les invit\u00f3 a trabajar a todos en la unidad para lograr beneficio para el bien com\u00fan.0<\/p>\n\n\n\n<p>El acto se llev\u00f3 a cabo en la delegaci\u00f3n de esa localidad, donde Manuel Santiago Lara y dem\u00e1s integrantes de la delegaci\u00f3n fueron presentados ante los avecindados y ejidatarios, por lo que despu\u00e9s de ser enflorados se les entreg\u00f3 el bast\u00f3n de mando para que sigan llevando las buenas acciones en bien del pueblo.<\/p>\n\n\n\n<p>Integrantes de la delegaci\u00f3n mencionaron que habr\u00e1n de trabajar de la mano con las autoridades municipales para la lograr beneficios para el pueblo, as\u00ed mismo invitaron a sus vecinos a trabajar en unidad para que se cristalicen todos los beneficios.<\/p>\n","protected":false},"excerpt":{"rendered":"<p>Por Roberto Meza\/Zunoticia Huazalingo, Hgo. &#8211; A fin de seguir coordinando las actividades y llevar las gestiones, presentaron al nuevo delegado de la comunidad de Ixtlahuac; en el acto se les invit\u00f3 a trabajar a todos en la unidad para lograr beneficio para el bien com\u00fan.0 El acto se llev\u00f3 a cabo en la delegaci\u00f3n&hellip; <a class=\"more-link\" href=\"https:\/\/www.zunoticia.com\/noticias-de-hidalgo\/2023\/01\/03\/presentaron-nuevo-delegado-en-ixtlahuac\/\">Seguir leyendo <span class=\"screen-reader-text\">Presentaron nuevo delegado en Ixtlahuac<\/span><\/a><\/p>\n","protected":false},"author":12,"featured_media":462209,"comment_status":"closed","ping_status":"open","sticky":false,"template":"","format":"standard","meta":{"rop_custom_images_group":[],"rop_custom_messages_group":[],"rop_publish_now":"initial","rop_publish_now_accounts":{"facebook_10159540855086992_322828327761733":""},"rop_publish_now_history":[],"rop_publish_now_status":"pending","footnotes":""},"categories":[179,212],"tags":[138],"class_list":["post-462208","post","type-post","status-publish","format-standard","has-post-thumbnail","hentry","category-huasteca","category-huazalingo","tag-huazalingo","entry"],"_links":{"self":[{"href":"https:\/\/www.zunoticia.com\/noticias-de-hidalgo\/wp-json\/wp\/v2\/posts\/462208","targetHints":{"allow":["GET"]}}],"collection":[{"href":"https:\/\/www.zunoticia.com\/noticias-de-hidalgo\/wp-json\/wp\/v2\/posts"}],"about":[{"href":"https:\/\/www.zunoticia.com\/noticias-de-hidalgo\/wp-json\/wp\/v2\/types\/post"}],"author":[{"embeddable":true,"href":"https:\/\/www.zunoticia.com\/noticias-de-hidalgo\/wp-json\/wp\/v2\/users\/12"}],"replies":[{"embeddable":true,"href":"https:\/\/www.zunoticia.com\/noticias-de-hidalgo\/wp-json\/wp\/v2\/comments?post=462208"}],"version-history":[{"count":1,"href":"https:\/\/www.zunoticia.com\/noticias-de-hidalgo\/wp-json\/wp\/v2\/posts\/462208\/revisions"}],"predecessor-version":[{"id":462210,"href":"https:\/\/www.zunoticia.com\/noticias-de-hidalgo\/wp-json\/wp\/v2\/posts\/462208\/revisions\/462210"}],"wp:featuredmedia":[{"embeddable":true,"href":"https:\/\/www.zunoticia.com\/noticias-de-hidalgo\/wp-json\/wp\/v2\/media\/462209"}],"wp:attachment":[{"href":"https:\/\/www.zunoticia.com\/noticias-de-hidalgo\/wp-json\/wp\/v2\/media?parent=462208"}],"wp:term":[{"taxonomy":"category","embeddable":true,"href":"https:\/\/www.zunoticia.com\/noticias-de-hidalgo\/wp-json\/wp\/v2\/categories?post=462208"},{"taxonomy":"post_tag","embeddable":true,"href":"https:\/\/www.zunoticia.com\/noticias-de-hidalgo\/wp-json\/wp\/v2\/tags?post=462208"}],"curies":[{"name":"wp","href":"https:\/\/api.w.org\/{rel}","templated":true}]}}