{"id":462390,"date":"2023-01-04T19:14:27","date_gmt":"2023-01-05T01:14:27","guid":{"rendered":"https:\/\/www.zunoticia.com\/noticias-de-hidalgo\/?p=462390"},"modified":"2023-01-04T19:14:28","modified_gmt":"2023-01-05T01:14:28","slug":"alcaldesa-pone-primera-piedra-de-unidad-basica-de-rehabilitacion","status":"publish","type":"post","link":"https:\/\/www.zunoticia.com\/noticias-de-hidalgo\/2023\/01\/04\/alcaldesa-pone-primera-piedra-de-unidad-basica-de-rehabilitacion\/","title":{"rendered":"Alcaldesa pone primera piedra de Unidad B\u00e1sica de Rehabilitaci\u00f3n"},"content":{"rendered":"<aside class=\"mashsb-container mashsb-main mashsb-stretched\"><div class=\"mashsb-box\"><div class=\"mashsb-count mash-large\" style=\"float:left\"><div class=\"counts mashsbcount\">28<\/div><span class=\"mashsb-sharetext\">SHARES<\/span><\/div><div class=\"mashsb-buttons\"><a class=\"mashicon-facebook mash-large mash-center mashsb-noshadow\" href=\"https:\/\/www.facebook.com\/sharer.php?u=https%3A%2F%2Fwww.zunoticia.com%2Fnoticias-de-hidalgo%2F2023%2F01%2F04%2Falcaldesa-pone-primera-piedra-de-unidad-basica-de-rehabilitacion%2F\" target=\"_top\" rel=\"nofollow\"><span class=\"icon\"><\/span><span class=\"text\">Share<\/span><\/a><a class=\"mashicon-twitter mash-large mash-center mashsb-noshadow\" href=\"https:\/\/twitter.com\/intent\/tweet?text=&amp;url=https:\/\/www.zunoticia.com\/noticias-de-hidalgo\/2023\/01\/04\/alcaldesa-pone-primera-piedra-de-unidad-basica-de-rehabilitacion\/\" target=\"_top\" rel=\"nofollow\"><span class=\"icon\"><\/span><span class=\"text\">Tweet<\/span><\/a><div class=\"onoffswitch2 mash-large mashsb-noshadow\" style=\"display:none\"><\/div><\/div>\n            <\/div>\n                <div style=\"clear:both\"><\/div><div class=\"mashsb-toggle-container\"><\/div><\/aside>\n            <!-- Share buttons by mashshare.net - Version: 4.0.47-->\n<p><em>Por \u00c1ngel Silverio\/Zunoticia<\/em><\/p>\n\n\n\n<p><strong>San Felipe Orizatl\u00e1n, Hgo.-<\/strong> Con una inversi\u00f3n de poco m\u00e1s 8 millones de pesos, la tarde del pasado martes la alcaldesa municipal Erika Saab Lara realiz\u00f3 la colocaci\u00f3n de la primera piedra de lo que ser\u00e1 la Unidad B\u00e1sica de Rehabilitaci\u00f3n.<\/p>\n\n\n\n<p>Acompa\u00f1ada de funcionarios de su administraci\u00f3n, la alcaldesa dio a conocer que se estar\u00e1 llevando a cabo la construcci\u00f3n de la unidad b\u00e1sica, la cual tanta falta hace para atender a cientos de pacientes de esta demarcaci\u00f3n.<\/p>\n\n\n\n<p>&#8220;Es un gran logro que hab\u00edamos venido atesorando desde hace mucho tiempo, hoy se ver\u00e1 reflejado este importante proyecto que esperamos concluir en marzo o abril, sabemos ser\u00e1 de gran utilidad para todos los pacientes y es de vital importancia contar con un espacio digno y lo vamos a hacer&#8221; se\u00f1al\u00f3.<\/p>\n\n\n\n<p>En este sentido, la alcaldesa indic\u00f3 que, as\u00ed como estas obras, se vienen m\u00e1s para este a\u00f1o 2023, por lo que se espera romper las expectativas de los logros en obras y acciones de este a\u00f1o.<\/p>\n","protected":false},"excerpt":{"rendered":"<p>Por \u00c1ngel Silverio\/Zunoticia San Felipe Orizatl\u00e1n, Hgo.- Con una inversi\u00f3n de poco m\u00e1s 8 millones de pesos, la tarde del pasado martes la alcaldesa municipal Erika Saab Lara realiz\u00f3 la colocaci\u00f3n de la primera piedra de lo que ser\u00e1 la Unidad B\u00e1sica de Rehabilitaci\u00f3n. Acompa\u00f1ada de funcionarios de su administraci\u00f3n, la alcaldesa dio a conocer&hellip; <a class=\"more-link\" href=\"https:\/\/www.zunoticia.com\/noticias-de-hidalgo\/2023\/01\/04\/alcaldesa-pone-primera-piedra-de-unidad-basica-de-rehabilitacion\/\">Seguir leyendo <span class=\"screen-reader-text\">Alcaldesa pone primera piedra de Unidad B\u00e1sica de Rehabilitaci\u00f3n<\/span><\/a><\/p>\n","protected":false},"author":12,"featured_media":462379,"comment_status":"closed","ping_status":"open","sticky":false,"template":"","format":"standard","meta":{"rop_custom_images_group":[],"rop_custom_messages_group":[],"rop_publish_now":"initial","rop_publish_now_accounts":{"facebook_10159540855086992_322828327761733":""},"rop_publish_now_history":[],"rop_publish_now_status":"pending","footnotes":""},"categories":[180],"tags":[129],"class_list":["post-462390","post","type-post","status-publish","format-standard","has-post-thumbnail","hentry","category-orizatlan","tag-orizatlan","entry"],"_links":{"self":[{"href":"https:\/\/www.zunoticia.com\/noticias-de-hidalgo\/wp-json\/wp\/v2\/posts\/462390","targetHints":{"allow":["GET"]}}],"collection":[{"href":"https:\/\/www.zunoticia.com\/noticias-de-hidalgo\/wp-json\/wp\/v2\/posts"}],"about":[{"href":"https:\/\/www.zunoticia.com\/noticias-de-hidalgo\/wp-json\/wp\/v2\/types\/post"}],"author":[{"embeddable":true,"href":"https:\/\/www.zunoticia.com\/noticias-de-hidalgo\/wp-json\/wp\/v2\/users\/12"}],"replies":[{"embeddable":true,"href":"https:\/\/www.zunoticia.com\/noticias-de-hidalgo\/wp-json\/wp\/v2\/comments?post=462390"}],"version-history":[{"count":1,"href":"https:\/\/www.zunoticia.com\/noticias-de-hidalgo\/wp-json\/wp\/v2\/posts\/462390\/revisions"}],"predecessor-version":[{"id":462391,"href":"https:\/\/www.zunoticia.com\/noticias-de-hidalgo\/wp-json\/wp\/v2\/posts\/462390\/revisions\/462391"}],"wp:featuredmedia":[{"embeddable":true,"href":"https:\/\/www.zunoticia.com\/noticias-de-hidalgo\/wp-json\/wp\/v2\/media\/462379"}],"wp:attachment":[{"href":"https:\/\/www.zunoticia.com\/noticias-de-hidalgo\/wp-json\/wp\/v2\/media?parent=462390"}],"wp:term":[{"taxonomy":"category","embeddable":true,"href":"https:\/\/www.zunoticia.com\/noticias-de-hidalgo\/wp-json\/wp\/v2\/categories?post=462390"},{"taxonomy":"post_tag","embeddable":true,"href":"https:\/\/www.zunoticia.com\/noticias-de-hidalgo\/wp-json\/wp\/v2\/tags?post=462390"}],"curies":[{"name":"wp","href":"https:\/\/api.w.org\/{rel}","templated":true}]}}