{"id":462679,"date":"2023-01-06T19:42:53","date_gmt":"2023-01-07T01:42:53","guid":{"rendered":"https:\/\/www.zunoticia.com\/noticias-de-hidalgo\/?p=462679"},"modified":"2023-01-06T19:42:55","modified_gmt":"2023-01-07T01:42:55","slug":"reconocen-labor-en-el-dia-de-las-enfermeras","status":"publish","type":"post","link":"https:\/\/www.zunoticia.com\/noticias-de-hidalgo\/2023\/01\/06\/reconocen-labor-en-el-dia-de-las-enfermeras\/","title":{"rendered":"Reconocen labor en el d\u00eda de las enfermeras"},"content":{"rendered":"<aside class=\"mashsb-container mashsb-main mashsb-stretched\"><div class=\"mashsb-box\"><div class=\"mashsb-count mash-large\" style=\"float:left\"><div class=\"counts mashsbcount\">30<\/div><span class=\"mashsb-sharetext\">SHARES<\/span><\/div><div class=\"mashsb-buttons\"><a class=\"mashicon-facebook mash-large mash-center mashsb-noshadow\" href=\"https:\/\/www.facebook.com\/sharer.php?u=https%3A%2F%2Fwww.zunoticia.com%2Fnoticias-de-hidalgo%2F2023%2F01%2F06%2Freconocen-labor-en-el-dia-de-las-enfermeras%2F\" target=\"_top\" rel=\"nofollow\"><span class=\"icon\"><\/span><span class=\"text\">Share<\/span><\/a><a class=\"mashicon-twitter mash-large mash-center mashsb-noshadow\" href=\"https:\/\/twitter.com\/intent\/tweet?text=&amp;url=https:\/\/www.zunoticia.com\/noticias-de-hidalgo\/2023\/01\/06\/reconocen-labor-en-el-dia-de-las-enfermeras\/\" target=\"_top\" rel=\"nofollow\"><span class=\"icon\"><\/span><span class=\"text\">Tweet<\/span><\/a><div class=\"onoffswitch2 mash-large mashsb-noshadow\" style=\"display:none\"><\/div><\/div>\n            <\/div>\n                <div style=\"clear:both\"><\/div><div class=\"mashsb-toggle-container\"><\/div><\/aside>\n            <!-- Share buttons by mashshare.net - Version: 4.0.47-->\n<p><em>Por \u00c1ngel Silverio\/Zunoticia<\/em><\/p>\n\n\n\n<p><strong>Jaltoc\u00e1n, Hgo.-<\/strong> &#8220;Feliz d\u00eda a todos las enfermeras y enfermeros, gracias por ayudarnos a conocer el verdadero rostro de la empat\u00eda, el cuidado y la compasi\u00f3n, sin ustedes nada ser\u00eda lo mismo, son de vital importancia para el cuidado de la salud en los hospitales y de manera particular, hoy y siempre nuestra admiraci\u00f3n &#8220;.<\/p>\n\n\n\n<p>Fueron las palabras de la doctora Adriana Nava Hern\u00e1ndez, regidora con la comisi\u00f3n en salud, quien aprovech\u00f3 para expresar su agradecimiento y reconocimiento a las enfermeras, adem\u00e1s de explicar un poco de esta conmemoraci\u00f3n en el pa\u00eds.<\/p>\n\n\n\n<p>&#8220;Durante 91 a\u00f1os consecutivos, el pa\u00eds ha celebrado este d\u00eda la enorme labor realizada por el personal de enfermer\u00eda en favor de la salud, cada 6 de enero se celebra el D\u00eda de la Enfermera y Enfermero en M\u00e9xico para reconocer la labor que presta este sector en todo el pa\u00eds, son muy importantes en todo lo que hacen, muchas felicidades&#8221; indic\u00f3.<\/p>\n\n\n\n<p>Agreg\u00f3, &#8220;Las palabras y un d\u00eda no bastan para expresar nuestra admiraci\u00f3n a quienes siempre est\u00e1n al lado de los pacientes, luchando por su recuperaci\u00f3n y brind\u00e1ndoles tranquilidad en los momentos m\u00e1s dif\u00edciles, muchas gracias y felicidades a todas&#8221;.<\/p>\n","protected":false},"excerpt":{"rendered":"<p>Por \u00c1ngel Silverio\/Zunoticia Jaltoc\u00e1n, Hgo.- &#8220;Feliz d\u00eda a todos las enfermeras y enfermeros, gracias por ayudarnos a conocer el verdadero rostro de la empat\u00eda, el cuidado y la compasi\u00f3n, sin ustedes nada ser\u00eda lo mismo, son de vital importancia para el cuidado de la salud en los hospitales y de manera particular, hoy y siempre&hellip; <a class=\"more-link\" href=\"https:\/\/www.zunoticia.com\/noticias-de-hidalgo\/2023\/01\/06\/reconocen-labor-en-el-dia-de-las-enfermeras\/\">Seguir leyendo <span class=\"screen-reader-text\">Reconocen labor en el d\u00eda de las enfermeras<\/span><\/a><\/p>\n","protected":false},"author":12,"featured_media":462666,"comment_status":"closed","ping_status":"open","sticky":false,"template":"","format":"standard","meta":{"rop_custom_images_group":[],"rop_custom_messages_group":[],"rop_publish_now":"initial","rop_publish_now_accounts":{"facebook_10159540855086992_322828327761733":""},"rop_publish_now_history":[],"rop_publish_now_status":"pending","footnotes":""},"categories":[200],"tags":[131],"class_list":["post-462679","post","type-post","status-publish","format-standard","has-post-thumbnail","hentry","category-jaltocan","tag-jaltocan","entry"],"_links":{"self":[{"href":"https:\/\/www.zunoticia.com\/noticias-de-hidalgo\/wp-json\/wp\/v2\/posts\/462679","targetHints":{"allow":["GET"]}}],"collection":[{"href":"https:\/\/www.zunoticia.com\/noticias-de-hidalgo\/wp-json\/wp\/v2\/posts"}],"about":[{"href":"https:\/\/www.zunoticia.com\/noticias-de-hidalgo\/wp-json\/wp\/v2\/types\/post"}],"author":[{"embeddable":true,"href":"https:\/\/www.zunoticia.com\/noticias-de-hidalgo\/wp-json\/wp\/v2\/users\/12"}],"replies":[{"embeddable":true,"href":"https:\/\/www.zunoticia.com\/noticias-de-hidalgo\/wp-json\/wp\/v2\/comments?post=462679"}],"version-history":[{"count":1,"href":"https:\/\/www.zunoticia.com\/noticias-de-hidalgo\/wp-json\/wp\/v2\/posts\/462679\/revisions"}],"predecessor-version":[{"id":462680,"href":"https:\/\/www.zunoticia.com\/noticias-de-hidalgo\/wp-json\/wp\/v2\/posts\/462679\/revisions\/462680"}],"wp:featuredmedia":[{"embeddable":true,"href":"https:\/\/www.zunoticia.com\/noticias-de-hidalgo\/wp-json\/wp\/v2\/media\/462666"}],"wp:attachment":[{"href":"https:\/\/www.zunoticia.com\/noticias-de-hidalgo\/wp-json\/wp\/v2\/media?parent=462679"}],"wp:term":[{"taxonomy":"category","embeddable":true,"href":"https:\/\/www.zunoticia.com\/noticias-de-hidalgo\/wp-json\/wp\/v2\/categories?post=462679"},{"taxonomy":"post_tag","embeddable":true,"href":"https:\/\/www.zunoticia.com\/noticias-de-hidalgo\/wp-json\/wp\/v2\/tags?post=462679"}],"curies":[{"name":"wp","href":"https:\/\/api.w.org\/{rel}","templated":true}]}}