{"id":462691,"date":"2023-01-06T20:49:01","date_gmt":"2023-01-07T02:49:01","guid":{"rendered":"https:\/\/www.zunoticia.com\/noticias-de-hidalgo\/?p=462691"},"modified":"2023-01-06T20:49:02","modified_gmt":"2023-01-07T02:49:02","slug":"corredor-artesanal-sigue-siendo-una-prioridad","status":"publish","type":"post","link":"https:\/\/www.zunoticia.com\/noticias-de-hidalgo\/2023\/01\/06\/corredor-artesanal-sigue-siendo-una-prioridad\/","title":{"rendered":"Corredor artesanal sigue siendo una prioridad"},"content":{"rendered":"<aside class=\"mashsb-container mashsb-main mashsb-stretched\"><div class=\"mashsb-box\"><div class=\"mashsb-count mash-large\" style=\"float:left\"><div class=\"counts mashsbcount\">40<\/div><span class=\"mashsb-sharetext\">SHARES<\/span><\/div><div class=\"mashsb-buttons\"><a class=\"mashicon-facebook mash-large mash-center mashsb-noshadow\" href=\"https:\/\/www.facebook.com\/sharer.php?u=https%3A%2F%2Fwww.zunoticia.com%2Fnoticias-de-hidalgo%2F2023%2F01%2F06%2Fcorredor-artesanal-sigue-siendo-una-prioridad%2F\" target=\"_top\" rel=\"nofollow\"><span class=\"icon\"><\/span><span class=\"text\">Share<\/span><\/a><a class=\"mashicon-twitter mash-large mash-center mashsb-noshadow\" href=\"https:\/\/twitter.com\/intent\/tweet?text=&amp;url=https:\/\/www.zunoticia.com\/noticias-de-hidalgo\/2023\/01\/06\/corredor-artesanal-sigue-siendo-una-prioridad\/\" target=\"_top\" rel=\"nofollow\"><span class=\"icon\"><\/span><span class=\"text\">Tweet<\/span><\/a><div class=\"onoffswitch2 mash-large mashsb-noshadow\" style=\"display:none\"><\/div><\/div>\n            <\/div>\n                <div style=\"clear:both\"><\/div><div class=\"mashsb-toggle-container\"><\/div><\/aside>\n            <!-- Share buttons by mashshare.net - Version: 4.0.47-->\n<p><em>Por \u00c1ngel Silverio\/Zunoticia<\/em><\/p>\n\n\n\n<p><strong>Jaltoc\u00e1n, Hgo.-<\/strong> Artesanos de esta demarcaci\u00f3n dieron a conocer que continuar\u00e1n con la insistencia de la creaci\u00f3n de un corredor artesanal, el cual es de suma importancia para ellos, por lo que esperan que dicha propuesta entregada al gobernador del estado se pueda concretar.<\/p>\n\n\n\n<p>Felipe Amador Rivera, del Concejo Cultural Xaltokaj, indic\u00f3 que ya fue presentada la propuesta al gobernador del estado, as\u00ed como tambi\u00e9n en meses pasados se le entreg\u00f3 el proyecto al titular de los pueblos ind\u00edgenas, para que a trav\u00e9s de su conducto pueda reforzar dicha petici\u00f3n.<\/p>\n\n\n\n<p>&#8220;Es una necesidad, el contar con ese corredor artesanal, ser\u00eda un gran impulso para nuestra gente como huaraches, pan, bordadores, alfareros, los que se dedican a la elaboraci\u00f3n como licores de frutas, pan, entre otros, y a ello se pueden sumar Huejutla y San Felipe, ojal\u00e1 que podamos tener eco en esa petici\u00f3n&#8221; precis\u00f3.<\/p>\n\n\n\n<p>Cabe se\u00f1alar que dej\u00f3 en claro que no quitar\u00e1n el dedo del rengl\u00f3n, esperando que al menos tengan una respuesta favorable a esta petici\u00f3n que llevan a\u00f1os solicitando.<\/p>\n","protected":false},"excerpt":{"rendered":"<p>Por \u00c1ngel Silverio\/Zunoticia Jaltoc\u00e1n, Hgo.- Artesanos de esta demarcaci\u00f3n dieron a conocer que continuar\u00e1n con la insistencia de la creaci\u00f3n de un corredor artesanal, el cual es de suma importancia para ellos, por lo que esperan que dicha propuesta entregada al gobernador del estado se pueda concretar. Felipe Amador Rivera, del Concejo Cultural Xaltokaj, indic\u00f3&hellip; <a class=\"more-link\" href=\"https:\/\/www.zunoticia.com\/noticias-de-hidalgo\/2023\/01\/06\/corredor-artesanal-sigue-siendo-una-prioridad\/\">Seguir leyendo <span class=\"screen-reader-text\">Corredor artesanal sigue siendo una prioridad<\/span><\/a><\/p>\n","protected":false},"author":12,"featured_media":462700,"comment_status":"closed","ping_status":"open","sticky":false,"template":"","format":"standard","meta":{"rop_custom_images_group":[],"rop_custom_messages_group":[],"rop_publish_now":"initial","rop_publish_now_accounts":{"facebook_10159540855086992_322828327761733":""},"rop_publish_now_history":[],"rop_publish_now_status":"pending","footnotes":""},"categories":[179,200],"tags":[131],"class_list":["post-462691","post","type-post","status-publish","format-standard","has-post-thumbnail","hentry","category-huasteca","category-jaltocan","tag-jaltocan","entry"],"_links":{"self":[{"href":"https:\/\/www.zunoticia.com\/noticias-de-hidalgo\/wp-json\/wp\/v2\/posts\/462691","targetHints":{"allow":["GET"]}}],"collection":[{"href":"https:\/\/www.zunoticia.com\/noticias-de-hidalgo\/wp-json\/wp\/v2\/posts"}],"about":[{"href":"https:\/\/www.zunoticia.com\/noticias-de-hidalgo\/wp-json\/wp\/v2\/types\/post"}],"author":[{"embeddable":true,"href":"https:\/\/www.zunoticia.com\/noticias-de-hidalgo\/wp-json\/wp\/v2\/users\/12"}],"replies":[{"embeddable":true,"href":"https:\/\/www.zunoticia.com\/noticias-de-hidalgo\/wp-json\/wp\/v2\/comments?post=462691"}],"version-history":[{"count":1,"href":"https:\/\/www.zunoticia.com\/noticias-de-hidalgo\/wp-json\/wp\/v2\/posts\/462691\/revisions"}],"predecessor-version":[{"id":462702,"href":"https:\/\/www.zunoticia.com\/noticias-de-hidalgo\/wp-json\/wp\/v2\/posts\/462691\/revisions\/462702"}],"wp:featuredmedia":[{"embeddable":true,"href":"https:\/\/www.zunoticia.com\/noticias-de-hidalgo\/wp-json\/wp\/v2\/media\/462700"}],"wp:attachment":[{"href":"https:\/\/www.zunoticia.com\/noticias-de-hidalgo\/wp-json\/wp\/v2\/media?parent=462691"}],"wp:term":[{"taxonomy":"category","embeddable":true,"href":"https:\/\/www.zunoticia.com\/noticias-de-hidalgo\/wp-json\/wp\/v2\/categories?post=462691"},{"taxonomy":"post_tag","embeddable":true,"href":"https:\/\/www.zunoticia.com\/noticias-de-hidalgo\/wp-json\/wp\/v2\/tags?post=462691"}],"curies":[{"name":"wp","href":"https:\/\/api.w.org\/{rel}","templated":true}]}}