{"id":463788,"date":"2023-01-13T19:44:29","date_gmt":"2023-01-14T01:44:29","guid":{"rendered":"https:\/\/www.zunoticia.com\/noticias-de-hidalgo\/?p=463788"},"modified":"2023-01-13T19:44:31","modified_gmt":"2023-01-14T01:44:31","slug":"importante-tratar-depresion-en-ninos-y-adolescentes-pamar","status":"publish","type":"post","link":"https:\/\/www.zunoticia.com\/noticias-de-hidalgo\/2023\/01\/13\/importante-tratar-depresion-en-ninos-y-adolescentes-pamar\/","title":{"rendered":"Importante tratar depresi\u00f3n en ni\u00f1os y adolescentes: PAMAR"},"content":{"rendered":"<aside class=\"mashsb-container mashsb-main mashsb-stretched\"><div class=\"mashsb-box\"><div class=\"mashsb-count mash-large\" style=\"float:left\"><div class=\"counts mashsbcount\">25<\/div><span class=\"mashsb-sharetext\">SHARES<\/span><\/div><div class=\"mashsb-buttons\"><a class=\"mashicon-facebook mash-large mash-center mashsb-noshadow\" href=\"https:\/\/www.facebook.com\/sharer.php?u=https%3A%2F%2Fwww.zunoticia.com%2Fnoticias-de-hidalgo%2F2023%2F01%2F13%2Fimportante-tratar-depresion-en-ninos-y-adolescentes-pamar%2F\" target=\"_top\" rel=\"nofollow\"><span class=\"icon\"><\/span><span class=\"text\">Share<\/span><\/a><a class=\"mashicon-twitter mash-large mash-center mashsb-noshadow\" href=\"https:\/\/twitter.com\/intent\/tweet?text=&amp;url=https:\/\/www.zunoticia.com\/noticias-de-hidalgo\/2023\/01\/13\/importante-tratar-depresion-en-ninos-y-adolescentes-pamar\/\" target=\"_top\" rel=\"nofollow\"><span class=\"icon\"><\/span><span class=\"text\">Tweet<\/span><\/a><div class=\"onoffswitch2 mash-large mashsb-noshadow\" style=\"display:none\"><\/div><\/div>\n            <\/div>\n                <div style=\"clear:both\"><\/div><div class=\"mashsb-toggle-container\"><\/div><\/aside>\n            <!-- Share buttons by mashshare.net - Version: 4.0.47-->\n<p><em>Por \u00c1ngel Silverio\/Zunoticia<\/em><\/p>\n\n\n\n<p><strong>Jaltoc\u00e1n, Hgo.-<\/strong> En el marco del D\u00eda Mundial de la Lucha Contra la Depresi\u00f3n, que se celebra cada 13 de enero, el centro de Prevenci\u00f3n y Atenci\u00f3n en menores y Adolescentes en Riesgo (PAMAR), hizo un exhorto a identificar los signos de alarma que pueden afectar gravemente a los ni\u00f1os y j\u00f3venes.<\/p>\n\n\n\n<p>Cristi Lizeth Guti\u00e9rrez Hern\u00e1ndez, psic\u00f3loga encargada del centro PAMAR, explic\u00f3 que la depresi\u00f3n es un trastorno que incide significativamente en las tasas de mortalidad a nivel mundial e impacta a personas de todas las edades, sin embargo, son los adolescentes y personas adultas mayores los grupos m\u00e1s afectados.<\/p>\n\n\n\n<p>Puntualiz\u00f3 que el Sistema Nacional para el Desarrollo Integral de las Familias (DIF), reporta que menos de la mitad de las ni\u00f1as, ni\u00f1os y adolescentes reciben un tratamiento adecuado, debido a que los cuidadores primarios subestiman la intensidad de la depresi\u00f3n en los menores de edad y a pesar de que no se conocen las causas exactas que provocan la depresi\u00f3n, existen diversos factores que contribuyen a la aparici\u00f3n de este trastorno, siendo la interacci\u00f3n entre factores sociales, psicol\u00f3gicos y biol\u00f3gicos los principales causantes de esta enfermedad.<\/p>\n\n\n\n<p>Guti\u00e9rrez Hern\u00e1ndez, dijo que es necesario que sepamos identificar los principales rasgos que caracterizan a la depresi\u00f3n, donde destacan la tristeza permanente, p\u00e9rdida de inter\u00e9s o placer en las actividades de la vida cotidiana, aislamiento, trastornos del sue\u00f1o y del apetito, falta de concentraci\u00f3n y sensaci\u00f3n de cansancio.<\/p>\n","protected":false},"excerpt":{"rendered":"<p>Por \u00c1ngel Silverio\/Zunoticia Jaltoc\u00e1n, Hgo.- En el marco del D\u00eda Mundial de la Lucha Contra la Depresi\u00f3n, que se celebra cada 13 de enero, el centro de Prevenci\u00f3n y Atenci\u00f3n en menores y Adolescentes en Riesgo (PAMAR), hizo un exhorto a identificar los signos de alarma que pueden afectar gravemente a los ni\u00f1os y j\u00f3venes.&hellip; <a class=\"more-link\" href=\"https:\/\/www.zunoticia.com\/noticias-de-hidalgo\/2023\/01\/13\/importante-tratar-depresion-en-ninos-y-adolescentes-pamar\/\">Seguir leyendo <span class=\"screen-reader-text\">Importante tratar depresi\u00f3n en ni\u00f1os y adolescentes: PAMAR<\/span><\/a><\/p>\n","protected":false},"author":12,"featured_media":463779,"comment_status":"closed","ping_status":"open","sticky":false,"template":"","format":"standard","meta":{"rop_custom_images_group":[],"rop_custom_messages_group":[],"rop_publish_now":"initial","rop_publish_now_accounts":{"facebook_10159540855086992_322828327761733":""},"rop_publish_now_history":[],"rop_publish_now_status":"pending","footnotes":""},"categories":[179,200],"tags":[131],"class_list":["post-463788","post","type-post","status-publish","format-standard","has-post-thumbnail","hentry","category-huasteca","category-jaltocan","tag-jaltocan","entry"],"_links":{"self":[{"href":"https:\/\/www.zunoticia.com\/noticias-de-hidalgo\/wp-json\/wp\/v2\/posts\/463788","targetHints":{"allow":["GET"]}}],"collection":[{"href":"https:\/\/www.zunoticia.com\/noticias-de-hidalgo\/wp-json\/wp\/v2\/posts"}],"about":[{"href":"https:\/\/www.zunoticia.com\/noticias-de-hidalgo\/wp-json\/wp\/v2\/types\/post"}],"author":[{"embeddable":true,"href":"https:\/\/www.zunoticia.com\/noticias-de-hidalgo\/wp-json\/wp\/v2\/users\/12"}],"replies":[{"embeddable":true,"href":"https:\/\/www.zunoticia.com\/noticias-de-hidalgo\/wp-json\/wp\/v2\/comments?post=463788"}],"version-history":[{"count":1,"href":"https:\/\/www.zunoticia.com\/noticias-de-hidalgo\/wp-json\/wp\/v2\/posts\/463788\/revisions"}],"predecessor-version":[{"id":463789,"href":"https:\/\/www.zunoticia.com\/noticias-de-hidalgo\/wp-json\/wp\/v2\/posts\/463788\/revisions\/463789"}],"wp:featuredmedia":[{"embeddable":true,"href":"https:\/\/www.zunoticia.com\/noticias-de-hidalgo\/wp-json\/wp\/v2\/media\/463779"}],"wp:attachment":[{"href":"https:\/\/www.zunoticia.com\/noticias-de-hidalgo\/wp-json\/wp\/v2\/media?parent=463788"}],"wp:term":[{"taxonomy":"category","embeddable":true,"href":"https:\/\/www.zunoticia.com\/noticias-de-hidalgo\/wp-json\/wp\/v2\/categories?post=463788"},{"taxonomy":"post_tag","embeddable":true,"href":"https:\/\/www.zunoticia.com\/noticias-de-hidalgo\/wp-json\/wp\/v2\/tags?post=463788"}],"curies":[{"name":"wp","href":"https:\/\/api.w.org\/{rel}","templated":true}]}}