{"id":463790,"date":"2023-01-13T19:52:16","date_gmt":"2023-01-14T01:52:16","guid":{"rendered":"https:\/\/www.zunoticia.com\/noticias-de-hidalgo\/?p=463790"},"modified":"2023-01-13T19:52:17","modified_gmt":"2023-01-14T01:52:17","slug":"comerciantes-padecen-la-cuesta-de-enero","status":"publish","type":"post","link":"https:\/\/www.zunoticia.com\/noticias-de-hidalgo\/2023\/01\/13\/comerciantes-padecen-la-cuesta-de-enero\/","title":{"rendered":"Comerciantes padecen la &#8220;Cuesta de Enero&#8221;"},"content":{"rendered":"<aside class=\"mashsb-container mashsb-main mashsb-stretched\"><div class=\"mashsb-box\"><div class=\"mashsb-count mash-large\" style=\"float:left\"><div class=\"counts mashsbcount\">28<\/div><span class=\"mashsb-sharetext\">SHARES<\/span><\/div><div class=\"mashsb-buttons\"><a class=\"mashicon-facebook mash-large mash-center mashsb-noshadow\" href=\"https:\/\/www.facebook.com\/sharer.php?u=https%3A%2F%2Fwww.zunoticia.com%2Fnoticias-de-hidalgo%2F2023%2F01%2F13%2Fcomerciantes-padecen-la-cuesta-de-enero%2F\" target=\"_top\" rel=\"nofollow\"><span class=\"icon\"><\/span><span class=\"text\">Share<\/span><\/a><a class=\"mashicon-twitter mash-large mash-center mashsb-noshadow\" href=\"https:\/\/twitter.com\/intent\/tweet?text=&amp;url=https:\/\/www.zunoticia.com\/noticias-de-hidalgo\/2023\/01\/13\/comerciantes-padecen-la-cuesta-de-enero\/\" target=\"_top\" rel=\"nofollow\"><span class=\"icon\"><\/span><span class=\"text\">Tweet<\/span><\/a><div class=\"onoffswitch2 mash-large mashsb-noshadow\" style=\"display:none\"><\/div><\/div>\n            <\/div>\n                <div style=\"clear:both\"><\/div><div class=\"mashsb-toggle-container\"><\/div><\/aside>\n            <!-- Share buttons by mashshare.net - Version: 4.0.47-->\n<p><em>Por \u00c1ngel Silverio\/Zunoticia<\/em><\/p>\n\n\n\n<p><strong>Jaltoc\u00e1n, Hgo.-<\/strong> Luego de las pasadas fiestas decembrinas y de A\u00f1o Nuevo, la falta de dinero en los hogares comienza a resentirse en la econom\u00eda local, pues comerciantes aseguran que la &#8220;Cuesta de Enero&#8221; les ha comenzado a afectar, ya que es poca la vendimia que registran.<\/p>\n\n\n\n<p>Al respecto, Lucio Romero Hern\u00e1ndez, representante de los diferentes giros comerciales, indic\u00f3 que es muy notoria la falta de efectivo en los hogares, pues las ventas han mermado en gran medida y se refleja en la econom\u00eda local, pues todos los sectores as\u00ed lo manifiestan.<\/p>\n\n\n\n<p>&#8220;Lo estamos viviendo, sabemos que es normal, pero no deja de afectar, esperamos que pase pronto y nos pueda ir mejor a todos en este a\u00f1o, ojal\u00e1 que las cosas a nivel nacional mejoren, que bajen el costo de algunos productos y as\u00ed poco a poco ir dejando atr\u00e1s todo lo que la pandemia nos dej\u00f3 durante estos \u00faltimos dos a\u00f1os&#8221; precis\u00f3.<\/p>\n\n\n\n<p>Romero Hern\u00e1ndez sigui\u00f3 invitando a los ciudadanos a promover el consumo local, y as\u00ed poco a poco ir recuper\u00e1ndose.<\/p>\n","protected":false},"excerpt":{"rendered":"<p>Por \u00c1ngel Silverio\/Zunoticia Jaltoc\u00e1n, Hgo.- Luego de las pasadas fiestas decembrinas y de A\u00f1o Nuevo, la falta de dinero en los hogares comienza a resentirse en la econom\u00eda local, pues comerciantes aseguran que la &#8220;Cuesta de Enero&#8221; les ha comenzado a afectar, ya que es poca la vendimia que registran. Al respecto, Lucio Romero Hern\u00e1ndez,&hellip; <a class=\"more-link\" href=\"https:\/\/www.zunoticia.com\/noticias-de-hidalgo\/2023\/01\/13\/comerciantes-padecen-la-cuesta-de-enero\/\">Seguir leyendo <span class=\"screen-reader-text\">Comerciantes padecen la &#8220;Cuesta de Enero&#8221;<\/span><\/a><\/p>\n","protected":false},"author":12,"featured_media":463791,"comment_status":"closed","ping_status":"open","sticky":false,"template":"","format":"standard","meta":{"rop_custom_images_group":[],"rop_custom_messages_group":[],"rop_publish_now":"initial","rop_publish_now_accounts":{"facebook_10159540855086992_322828327761733":""},"rop_publish_now_history":[],"rop_publish_now_status":"pending","footnotes":""},"categories":[179,200],"tags":[131],"class_list":["post-463790","post","type-post","status-publish","format-standard","has-post-thumbnail","hentry","category-huasteca","category-jaltocan","tag-jaltocan","entry"],"_links":{"self":[{"href":"https:\/\/www.zunoticia.com\/noticias-de-hidalgo\/wp-json\/wp\/v2\/posts\/463790","targetHints":{"allow":["GET"]}}],"collection":[{"href":"https:\/\/www.zunoticia.com\/noticias-de-hidalgo\/wp-json\/wp\/v2\/posts"}],"about":[{"href":"https:\/\/www.zunoticia.com\/noticias-de-hidalgo\/wp-json\/wp\/v2\/types\/post"}],"author":[{"embeddable":true,"href":"https:\/\/www.zunoticia.com\/noticias-de-hidalgo\/wp-json\/wp\/v2\/users\/12"}],"replies":[{"embeddable":true,"href":"https:\/\/www.zunoticia.com\/noticias-de-hidalgo\/wp-json\/wp\/v2\/comments?post=463790"}],"version-history":[{"count":1,"href":"https:\/\/www.zunoticia.com\/noticias-de-hidalgo\/wp-json\/wp\/v2\/posts\/463790\/revisions"}],"predecessor-version":[{"id":463792,"href":"https:\/\/www.zunoticia.com\/noticias-de-hidalgo\/wp-json\/wp\/v2\/posts\/463790\/revisions\/463792"}],"wp:featuredmedia":[{"embeddable":true,"href":"https:\/\/www.zunoticia.com\/noticias-de-hidalgo\/wp-json\/wp\/v2\/media\/463791"}],"wp:attachment":[{"href":"https:\/\/www.zunoticia.com\/noticias-de-hidalgo\/wp-json\/wp\/v2\/media?parent=463790"}],"wp:term":[{"taxonomy":"category","embeddable":true,"href":"https:\/\/www.zunoticia.com\/noticias-de-hidalgo\/wp-json\/wp\/v2\/categories?post=463790"},{"taxonomy":"post_tag","embeddable":true,"href":"https:\/\/www.zunoticia.com\/noticias-de-hidalgo\/wp-json\/wp\/v2\/tags?post=463790"}],"curies":[{"name":"wp","href":"https:\/\/api.w.org\/{rel}","templated":true}]}}