{"id":464294,"date":"2023-01-17T19:22:58","date_gmt":"2023-01-18T01:22:58","guid":{"rendered":"https:\/\/www.zunoticia.com\/noticias-de-hidalgo\/?p=464294"},"modified":"2023-01-17T19:23:00","modified_gmt":"2023-01-18T01:23:00","slug":"centro-de-salud-de-ahuatitla-cuenta-con-nuevo-medico","status":"publish","type":"post","link":"https:\/\/www.zunoticia.com\/noticias-de-hidalgo\/2023\/01\/17\/centro-de-salud-de-ahuatitla-cuenta-con-nuevo-medico\/","title":{"rendered":"Centro de salud de Ahuatitla cuenta con nuevo m\u00e9dico"},"content":{"rendered":"<aside class=\"mashsb-container mashsb-main mashsb-stretched\"><div class=\"mashsb-box\"><div class=\"mashsb-count mash-large\" style=\"float:left\"><div class=\"counts mashsbcount\">80<\/div><span class=\"mashsb-sharetext\">SHARES<\/span><\/div><div class=\"mashsb-buttons\"><a class=\"mashicon-facebook mash-large mash-center mashsb-noshadow\" href=\"https:\/\/www.facebook.com\/sharer.php?u=https%3A%2F%2Fwww.zunoticia.com%2Fnoticias-de-hidalgo%2F2023%2F01%2F17%2Fcentro-de-salud-de-ahuatitla-cuenta-con-nuevo-medico%2F\" target=\"_top\" rel=\"nofollow\"><span class=\"icon\"><\/span><span class=\"text\">Share<\/span><\/a><a class=\"mashicon-twitter mash-large mash-center mashsb-noshadow\" href=\"https:\/\/twitter.com\/intent\/tweet?text=&amp;url=https:\/\/www.zunoticia.com\/noticias-de-hidalgo\/2023\/01\/17\/centro-de-salud-de-ahuatitla-cuenta-con-nuevo-medico\/\" target=\"_top\" rel=\"nofollow\"><span class=\"icon\"><\/span><span class=\"text\">Tweet<\/span><\/a><div class=\"onoffswitch2 mash-large mashsb-noshadow\" style=\"display:none\"><\/div><\/div>\n            <\/div>\n                <div style=\"clear:both\"><\/div><div class=\"mashsb-toggle-container\"><\/div><\/aside>\n            <!-- Share buttons by mashshare.net - Version: 4.0.47-->\n<p><em>Por \u00c1ngel Silverio\/Zunoticia<\/em><\/p>\n\n\n\n<p><strong>San Felipe Orizatl\u00e1n, Hgo.-<\/strong> Acompa\u00f1ada de autoridades de Salud y de la delegaci\u00f3n de Ahuatitla, as\u00ed como del comit\u00e9 de Salud, la alcaldesa Erika Saab Lara y su equipo de trabajo, llevaron a cabo la presentaci\u00f3n del nuevo m\u00e9dico que habr\u00e1 de prestar los servicios en el Centro de Salud de esta comunidad.<\/p>\n\n\n\n<p>Con ella estuvo presente tambi\u00e9n el subdirector de la Jurisdicci\u00f3n Sanitaria X de Huejutla y personal del sector Salud, quienes realizaron la presentaci\u00f3n del doctor Rolando Mor\u00e1n Aguilera, que estar\u00e1 de tiempo completo atendiendo a vecinas y vecinos de dicha comunidad, luego de poco m\u00e1s de un mes sin contar con m\u00e9dico en esta demarcaci\u00f3n.<\/p>\n\n\n\n<figure class=\"wp-block-image size-large\"><img fetchpriority=\"high\" decoding=\"async\" width=\"1024\" height=\"682\" src=\"https:\/\/www.zunoticia.com\/noticias-de-hidalgo\/wp-content\/uploads\/2023\/01\/eZy-Watermark-17-01-2023-06-51-54p.m.-1024x682.jpg\" alt=\"\" class=\"wp-image-464303\" srcset=\"https:\/\/www.zunoticia.com\/noticias-de-hidalgo\/wp-content\/uploads\/2023\/01\/eZy-Watermark-17-01-2023-06-51-54p.m.-1024x682.jpg 1024w, https:\/\/www.zunoticia.com\/noticias-de-hidalgo\/wp-content\/uploads\/2023\/01\/eZy-Watermark-17-01-2023-06-51-54p.m.-300x200.jpg 300w, https:\/\/www.zunoticia.com\/noticias-de-hidalgo\/wp-content\/uploads\/2023\/01\/eZy-Watermark-17-01-2023-06-51-54p.m.-768x512.jpg 768w, https:\/\/www.zunoticia.com\/noticias-de-hidalgo\/wp-content\/uploads\/2023\/01\/eZy-Watermark-17-01-2023-06-51-54p.m..jpg 1280w\" sizes=\"(max-width: 1024px) 100vw, 1024px\" \/><\/figure>\n\n\n\n<p>En su mensaje, la alcaldesa se\u00f1al\u00f3 que ante la necesidad que se tiene en la localidad, se present\u00f3 de manera oficial al nuevo m\u00e9dico que estar\u00e1 atendiendo a la ciudadan\u00eda de manera permanente, por lo que confi\u00f3 en que se estar\u00e1 brindado un mejor servicio a la gente que as\u00ed lo demanda, siempre con amabilidad y calidad en el servicio.<\/p>\n\n\n\n<p>Por su parte, las autoridades de la delegaci\u00f3n agradecieron a la alcaldesa municipal, as\u00ed como al sector Salud, por preocuparse de las necesidades de los habitantes de su localidad.<\/p>\n","protected":false},"excerpt":{"rendered":"<p>Por \u00c1ngel Silverio\/Zunoticia San Felipe Orizatl\u00e1n, Hgo.- Acompa\u00f1ada de autoridades de Salud y de la delegaci\u00f3n de Ahuatitla, as\u00ed como del comit\u00e9 de Salud, la alcaldesa Erika Saab Lara y su equipo de trabajo, llevaron a cabo la presentaci\u00f3n del nuevo m\u00e9dico que habr\u00e1 de prestar los servicios en el Centro de Salud de esta&hellip; <a class=\"more-link\" href=\"https:\/\/www.zunoticia.com\/noticias-de-hidalgo\/2023\/01\/17\/centro-de-salud-de-ahuatitla-cuenta-con-nuevo-medico\/\">Seguir leyendo <span class=\"screen-reader-text\">Centro de salud de Ahuatitla cuenta con nuevo m\u00e9dico<\/span><\/a><\/p>\n","protected":false},"author":12,"featured_media":464302,"comment_status":"closed","ping_status":"open","sticky":false,"template":"","format":"standard","meta":{"rop_custom_images_group":[],"rop_custom_messages_group":[],"rop_publish_now":"initial","rop_publish_now_accounts":{"facebook_10159540855086992_322828327761733":""},"rop_publish_now_history":[],"rop_publish_now_status":"pending","footnotes":""},"categories":[180],"tags":[129],"class_list":["post-464294","post","type-post","status-publish","format-standard","has-post-thumbnail","hentry","category-orizatlan","tag-orizatlan","entry"],"_links":{"self":[{"href":"https:\/\/www.zunoticia.com\/noticias-de-hidalgo\/wp-json\/wp\/v2\/posts\/464294","targetHints":{"allow":["GET"]}}],"collection":[{"href":"https:\/\/www.zunoticia.com\/noticias-de-hidalgo\/wp-json\/wp\/v2\/posts"}],"about":[{"href":"https:\/\/www.zunoticia.com\/noticias-de-hidalgo\/wp-json\/wp\/v2\/types\/post"}],"author":[{"embeddable":true,"href":"https:\/\/www.zunoticia.com\/noticias-de-hidalgo\/wp-json\/wp\/v2\/users\/12"}],"replies":[{"embeddable":true,"href":"https:\/\/www.zunoticia.com\/noticias-de-hidalgo\/wp-json\/wp\/v2\/comments?post=464294"}],"version-history":[{"count":1,"href":"https:\/\/www.zunoticia.com\/noticias-de-hidalgo\/wp-json\/wp\/v2\/posts\/464294\/revisions"}],"predecessor-version":[{"id":464309,"href":"https:\/\/www.zunoticia.com\/noticias-de-hidalgo\/wp-json\/wp\/v2\/posts\/464294\/revisions\/464309"}],"wp:featuredmedia":[{"embeddable":true,"href":"https:\/\/www.zunoticia.com\/noticias-de-hidalgo\/wp-json\/wp\/v2\/media\/464302"}],"wp:attachment":[{"href":"https:\/\/www.zunoticia.com\/noticias-de-hidalgo\/wp-json\/wp\/v2\/media?parent=464294"}],"wp:term":[{"taxonomy":"category","embeddable":true,"href":"https:\/\/www.zunoticia.com\/noticias-de-hidalgo\/wp-json\/wp\/v2\/categories?post=464294"},{"taxonomy":"post_tag","embeddable":true,"href":"https:\/\/www.zunoticia.com\/noticias-de-hidalgo\/wp-json\/wp\/v2\/tags?post=464294"}],"curies":[{"name":"wp","href":"https:\/\/api.w.org\/{rel}","templated":true}]}}