{"id":464310,"date":"2023-01-17T19:28:30","date_gmt":"2023-01-18T01:28:30","guid":{"rendered":"https:\/\/www.zunoticia.com\/noticias-de-hidalgo\/?p=464310"},"modified":"2023-01-17T19:31:18","modified_gmt":"2023-01-18T01:31:18","slug":"continua-abierta-convocatoria-de-sipinna-para-formar-concejo-consultivo","status":"publish","type":"post","link":"https:\/\/www.zunoticia.com\/noticias-de-hidalgo\/2023\/01\/17\/continua-abierta-convocatoria-de-sipinna-para-formar-concejo-consultivo\/","title":{"rendered":"Contin\u00faa abierta convocatoria de SIPINNA para formar Concejo Consultivo"},"content":{"rendered":"<aside class=\"mashsb-container mashsb-main mashsb-stretched\"><div class=\"mashsb-box\"><div class=\"mashsb-count mash-large\" style=\"float:left\"><div class=\"counts mashsbcount\">19<\/div><span class=\"mashsb-sharetext\">SHARES<\/span><\/div><div class=\"mashsb-buttons\"><a class=\"mashicon-facebook mash-large mash-center mashsb-noshadow\" href=\"https:\/\/www.facebook.com\/sharer.php?u=https%3A%2F%2Fwww.zunoticia.com%2Fnoticias-de-hidalgo%2F2023%2F01%2F17%2Fcontinua-abierta-convocatoria-de-sipinna-para-formar-concejo-consultivo%2F\" target=\"_top\" rel=\"nofollow\"><span class=\"icon\"><\/span><span class=\"text\">Share<\/span><\/a><a class=\"mashicon-twitter mash-large mash-center mashsb-noshadow\" href=\"https:\/\/twitter.com\/intent\/tweet?text=&amp;url=https:\/\/www.zunoticia.com\/noticias-de-hidalgo\/2023\/01\/17\/continua-abierta-convocatoria-de-sipinna-para-formar-concejo-consultivo\/\" target=\"_top\" rel=\"nofollow\"><span class=\"icon\"><\/span><span class=\"text\">Tweet<\/span><\/a><div class=\"onoffswitch2 mash-large mashsb-noshadow\" style=\"display:none\"><\/div><\/div>\n            <\/div>\n                <div style=\"clear:both\"><\/div><div class=\"mashsb-toggle-container\"><\/div><\/aside>\n            <!-- Share buttons by mashshare.net - Version: 4.0.47-->\n<p><em>Por \u00c1ngel Silverio\/Zunoticia<\/em><\/p>\n\n\n\n<p><strong>San Felipe Orizatl\u00e1n, Hgo.-<\/strong> Esmeralda Flores Mej\u00eda, titular de El Sistema de Protecci\u00f3n Integral de los derechos de Ni\u00f1as, Ni\u00f1os y Adolescentes (SIPINNA),\u00a0nuevamente hizo el llamado a los ni\u00f1os y j\u00f3venes a que participen y sean parte del Concejo Consultivo y de Participaci\u00f3n, y de esta manera se puedan formular estrategias que ayuden a la ni\u00f1ez y juventud orizatlenses.<\/p>\n\n\n\n<p>\u201cEstamos invitando a todos los ni\u00f1os, ya hab\u00edamos dado a conocer esta convocatoria, pero queremos que llegue a m\u00e1s, por eso esta invitaci\u00f3n est\u00e1 abierta a ni\u00f1as, ni\u00f1os y adolescentes de entre 6 y 15 a\u00f1os a participar en la convocatoria para la integraci\u00f3n del Consejo Consultivo, la idea es formar un grupo de ni\u00f1as, ni\u00f1os y adolescentes que quieran colaborar con el gobierno municipal de San Felipe\u201d indic\u00f3.<\/p>\n\n\n\n<p>Dijo que con estas estrategias se pretende mejorar su entorno y tengan ideas que beneficien a las personas de su edad, de su entorno escolar, familiar y social, incluyendo aspectos culturales de salud, deportivos y ambientales, entre otros.<\/p>\n\n\n\n<p>Flores Mej\u00eda finalmente dijo que, quienes gusten participar, pueden acercarse a las oficinas ubicadas en la zona Centro, en las instalaciones que albergan el DIF municipal, donde de igual forma pueden acercarse si necesitan apoyo u orientaci\u00f3n en temas psicosociales.<\/p>\n","protected":false},"excerpt":{"rendered":"<p>Por \u00c1ngel Silverio\/Zunoticia San Felipe Orizatl\u00e1n, Hgo.- Esmeralda Flores Mej\u00eda, titular de El Sistema de Protecci\u00f3n Integral de los derechos de Ni\u00f1as, Ni\u00f1os y Adolescentes (SIPINNA),\u00a0nuevamente hizo el llamado a los ni\u00f1os y j\u00f3venes a que participen y sean parte del Concejo Consultivo y de Participaci\u00f3n, y de esta manera se puedan formular estrategias que&hellip; <a class=\"more-link\" href=\"https:\/\/www.zunoticia.com\/noticias-de-hidalgo\/2023\/01\/17\/continua-abierta-convocatoria-de-sipinna-para-formar-concejo-consultivo\/\">Seguir leyendo <span class=\"screen-reader-text\">Contin\u00faa abierta convocatoria de SIPINNA para formar Concejo Consultivo<\/span><\/a><\/p>\n","protected":false},"author":12,"featured_media":464299,"comment_status":"closed","ping_status":"open","sticky":false,"template":"","format":"standard","meta":{"rop_custom_images_group":[],"rop_custom_messages_group":[],"rop_publish_now":"initial","rop_publish_now_accounts":{"facebook_10159540855086992_322828327761733":""},"rop_publish_now_history":[],"rop_publish_now_status":"pending","footnotes":""},"categories":[180],"tags":[129],"class_list":["post-464310","post","type-post","status-publish","format-standard","has-post-thumbnail","hentry","category-orizatlan","tag-orizatlan","entry"],"_links":{"self":[{"href":"https:\/\/www.zunoticia.com\/noticias-de-hidalgo\/wp-json\/wp\/v2\/posts\/464310","targetHints":{"allow":["GET"]}}],"collection":[{"href":"https:\/\/www.zunoticia.com\/noticias-de-hidalgo\/wp-json\/wp\/v2\/posts"}],"about":[{"href":"https:\/\/www.zunoticia.com\/noticias-de-hidalgo\/wp-json\/wp\/v2\/types\/post"}],"author":[{"embeddable":true,"href":"https:\/\/www.zunoticia.com\/noticias-de-hidalgo\/wp-json\/wp\/v2\/users\/12"}],"replies":[{"embeddable":true,"href":"https:\/\/www.zunoticia.com\/noticias-de-hidalgo\/wp-json\/wp\/v2\/comments?post=464310"}],"version-history":[{"count":2,"href":"https:\/\/www.zunoticia.com\/noticias-de-hidalgo\/wp-json\/wp\/v2\/posts\/464310\/revisions"}],"predecessor-version":[{"id":464312,"href":"https:\/\/www.zunoticia.com\/noticias-de-hidalgo\/wp-json\/wp\/v2\/posts\/464310\/revisions\/464312"}],"wp:featuredmedia":[{"embeddable":true,"href":"https:\/\/www.zunoticia.com\/noticias-de-hidalgo\/wp-json\/wp\/v2\/media\/464299"}],"wp:attachment":[{"href":"https:\/\/www.zunoticia.com\/noticias-de-hidalgo\/wp-json\/wp\/v2\/media?parent=464310"}],"wp:term":[{"taxonomy":"category","embeddable":true,"href":"https:\/\/www.zunoticia.com\/noticias-de-hidalgo\/wp-json\/wp\/v2\/categories?post=464310"},{"taxonomy":"post_tag","embeddable":true,"href":"https:\/\/www.zunoticia.com\/noticias-de-hidalgo\/wp-json\/wp\/v2\/tags?post=464310"}],"curies":[{"name":"wp","href":"https:\/\/api.w.org\/{rel}","templated":true}]}}