{"id":464578,"date":"2023-01-19T14:09:36","date_gmt":"2023-01-19T20:09:36","guid":{"rendered":"https:\/\/www.zunoticia.com\/noticias-de-hidalgo\/?p=464578"},"modified":"2023-01-19T14:09:38","modified_gmt":"2023-01-19T20:09:38","slug":"ine-definira-que-modulo-atendera-los-3-municipios-integrados-al-distrito","status":"publish","type":"post","link":"https:\/\/www.zunoticia.com\/noticias-de-hidalgo\/2023\/01\/19\/ine-definira-que-modulo-atendera-los-3-municipios-integrados-al-distrito\/","title":{"rendered":"INE definir\u00e1 qu\u00e9 m\u00f3dulo atender\u00e1 los 3 municipios integrados al distrito"},"content":{"rendered":"<aside class=\"mashsb-container mashsb-main mashsb-stretched\"><div class=\"mashsb-box\"><div class=\"mashsb-count mash-large\" style=\"float:left\"><div class=\"counts mashsbcount\">10<\/div><span class=\"mashsb-sharetext\">SHARES<\/span><\/div><div class=\"mashsb-buttons\"><a class=\"mashicon-facebook mash-large mash-center mashsb-noshadow\" href=\"https:\/\/www.facebook.com\/sharer.php?u=https%3A%2F%2Fwww.zunoticia.com%2Fnoticias-de-hidalgo%2F2023%2F01%2F19%2Fine-definira-que-modulo-atendera-los-3-municipios-integrados-al-distrito%2F\" target=\"_top\" rel=\"nofollow\"><span class=\"icon\"><\/span><span class=\"text\">Share<\/span><\/a><a class=\"mashicon-twitter mash-large mash-center mashsb-noshadow\" href=\"https:\/\/twitter.com\/intent\/tweet?text=&amp;url=https:\/\/www.zunoticia.com\/noticias-de-hidalgo\/2023\/01\/19\/ine-definira-que-modulo-atendera-los-3-municipios-integrados-al-distrito\/\" target=\"_top\" rel=\"nofollow\"><span class=\"icon\"><\/span><span class=\"text\">Tweet<\/span><\/a><div class=\"onoffswitch2 mash-large mashsb-noshadow\" style=\"display:none\"><\/div><\/div>\n            <\/div>\n                <div style=\"clear:both\"><\/div><div class=\"mashsb-toggle-container\"><\/div><\/aside>\n            <!-- Share buttons by mashshare.net - Version: 4.0.47-->\n<p><em>Por Enedino Hern\u00e1ndez\/Zunoticia<\/em><\/p>\n\n\n\n<p><strong>Huejutla, Hgo. \u2013<\/strong> El Instituto Nacional Electoral (INE) definir\u00e1 en breve que M\u00f3dulo de Atenci\u00f3n Ciudadana atender\u00e1 a los tres municipios que recientemente se integraron al 01 Distrito Electoral Federal con cabecera en Huejutla de Reyes, as\u00ed lo confirm\u00f3 el vocal del Registro Federal de Electores en Huejutla, Vicente Rodr\u00edguez.<\/p>\n\n\n\n<p>Explic\u00f3 que como parte del resultado de la distritaci\u00f3n 2022-2023, realizado por el Instituto Nacional Electoral (INE) para el equilibrio de los ciudadanos que van representados por los diputados federales y locales, actualmente se integran 3 municipios al 01 Distrito Electoral Federal con cabecera en Huejutla, pasando de 15 a 18.<\/p>\n\n\n\n<p>Dijo que, \u00faltimamente se ha anunciado la integraci\u00f3n de los municipios de Zacualtip\u00e1n de \u00c1ngeles, Eloxochitl\u00e1n y Ju\u00e1rez Hidalgo, por lo que ahora el 01 Distrito Electoral Federal est\u00e1 integrado por 18 municipios, los cuales tambi\u00e9n ser\u00e1n atendidos en su momento con los M\u00f3dulos de Atenci\u00f3n Ciudadana para que los ciudadanos puedan tramitar, actualizar y en su caso recoger la credencial de elector con fotograf\u00eda.<\/p>\n\n\n\n<p>Asimismo, se\u00f1al\u00f3 que, a\u00fan se tiene pendiente alg\u00fan m\u00f3dulo, todo depende tambi\u00e9n de la cantidad de ciudadanos que se est\u00e1n integrando al distrito y ver si se pasa de tres M\u00f3dulos de Atenci\u00f3n Ciudadana a cuatro; al momento estos atienden Huejutla, los municipios de la huasteca y sierra.<\/p>\n\n\n\n<p>M\u00e1s adelante, detall\u00f3 que, si es posible, un nuevo m\u00f3dulo estar\u00eda atendiendo esos tres municipios recientemente integrados en el distrito, por lo que en breve se estar\u00e1 informando la manera en la cual se cubrir\u00e1 a Zacualtip\u00e1n de \u00c1ngeles, Eloxochitl\u00e1n y Ju\u00e1rez Hidalgo.<\/p>\n","protected":false},"excerpt":{"rendered":"<p>Por Enedino Hern\u00e1ndez\/Zunoticia Huejutla, Hgo. \u2013 El Instituto Nacional Electoral (INE) definir\u00e1 en breve que M\u00f3dulo de Atenci\u00f3n Ciudadana atender\u00e1 a los tres municipios que recientemente se integraron al 01 Distrito Electoral Federal con cabecera en Huejutla de Reyes, as\u00ed lo confirm\u00f3 el vocal del Registro Federal de Electores en Huejutla, Vicente Rodr\u00edguez. Explic\u00f3 que&hellip; <a class=\"more-link\" href=\"https:\/\/www.zunoticia.com\/noticias-de-hidalgo\/2023\/01\/19\/ine-definira-que-modulo-atendera-los-3-municipios-integrados-al-distrito\/\">Seguir leyendo <span class=\"screen-reader-text\">INE definir\u00e1 qu\u00e9 m\u00f3dulo atender\u00e1 los 3 municipios integrados al distrito<\/span><\/a><\/p>\n","protected":false},"author":12,"featured_media":464579,"comment_status":"closed","ping_status":"open","sticky":false,"template":"","format":"standard","meta":{"rop_custom_images_group":[],"rop_custom_messages_group":[],"rop_publish_now":"initial","rop_publish_now_accounts":{"facebook_10159540855086992_322828327761733":""},"rop_publish_now_history":[],"rop_publish_now_status":"pending","footnotes":""},"categories":[181],"tags":[121],"class_list":["post-464578","post","type-post","status-publish","format-standard","has-post-thumbnail","hentry","category-huejutla","tag-huejutla","entry"],"_links":{"self":[{"href":"https:\/\/www.zunoticia.com\/noticias-de-hidalgo\/wp-json\/wp\/v2\/posts\/464578","targetHints":{"allow":["GET"]}}],"collection":[{"href":"https:\/\/www.zunoticia.com\/noticias-de-hidalgo\/wp-json\/wp\/v2\/posts"}],"about":[{"href":"https:\/\/www.zunoticia.com\/noticias-de-hidalgo\/wp-json\/wp\/v2\/types\/post"}],"author":[{"embeddable":true,"href":"https:\/\/www.zunoticia.com\/noticias-de-hidalgo\/wp-json\/wp\/v2\/users\/12"}],"replies":[{"embeddable":true,"href":"https:\/\/www.zunoticia.com\/noticias-de-hidalgo\/wp-json\/wp\/v2\/comments?post=464578"}],"version-history":[{"count":1,"href":"https:\/\/www.zunoticia.com\/noticias-de-hidalgo\/wp-json\/wp\/v2\/posts\/464578\/revisions"}],"predecessor-version":[{"id":464580,"href":"https:\/\/www.zunoticia.com\/noticias-de-hidalgo\/wp-json\/wp\/v2\/posts\/464578\/revisions\/464580"}],"wp:featuredmedia":[{"embeddable":true,"href":"https:\/\/www.zunoticia.com\/noticias-de-hidalgo\/wp-json\/wp\/v2\/media\/464579"}],"wp:attachment":[{"href":"https:\/\/www.zunoticia.com\/noticias-de-hidalgo\/wp-json\/wp\/v2\/media?parent=464578"}],"wp:term":[{"taxonomy":"category","embeddable":true,"href":"https:\/\/www.zunoticia.com\/noticias-de-hidalgo\/wp-json\/wp\/v2\/categories?post=464578"},{"taxonomy":"post_tag","embeddable":true,"href":"https:\/\/www.zunoticia.com\/noticias-de-hidalgo\/wp-json\/wp\/v2\/tags?post=464578"}],"curies":[{"name":"wp","href":"https:\/\/api.w.org\/{rel}","templated":true}]}}