{"id":464606,"date":"2023-01-19T16:33:41","date_gmt":"2023-01-19T22:33:41","guid":{"rendered":"https:\/\/www.zunoticia.com\/noticias-de-hidalgo\/?p=464606"},"modified":"2023-01-19T16:33:44","modified_gmt":"2023-01-19T22:33:44","slug":"emite-cecultah-convocatoria-de-inscripcion-a-los-talleres-artisticos","status":"publish","type":"post","link":"https:\/\/www.zunoticia.com\/noticias-de-hidalgo\/2023\/01\/19\/emite-cecultah-convocatoria-de-inscripcion-a-los-talleres-artisticos\/","title":{"rendered":"Emite CECULTAH convocatoria de inscripci\u00f3n a los talleres art\u00edsticos"},"content":{"rendered":"<aside class=\"mashsb-container mashsb-main mashsb-stretched\"><div class=\"mashsb-box\"><div class=\"mashsb-count mash-large\" style=\"float:left\"><div class=\"counts mashsbcount\">0<\/div><span class=\"mashsb-sharetext\">SHARES<\/span><\/div><div class=\"mashsb-buttons\"><a class=\"mashicon-facebook mash-large mash-center mashsb-noshadow\" href=\"https:\/\/www.facebook.com\/sharer.php?u=https%3A%2F%2Fwww.zunoticia.com%2Fnoticias-de-hidalgo%2F2023%2F01%2F19%2Femite-cecultah-convocatoria-de-inscripcion-a-los-talleres-artisticos%2F\" target=\"_top\" rel=\"nofollow\"><span class=\"icon\"><\/span><span class=\"text\">Share<\/span><\/a><a class=\"mashicon-twitter mash-large mash-center mashsb-noshadow\" href=\"https:\/\/twitter.com\/intent\/tweet?text=&amp;url=https:\/\/www.zunoticia.com\/noticias-de-hidalgo\/2023\/01\/19\/emite-cecultah-convocatoria-de-inscripcion-a-los-talleres-artisticos\/\" target=\"_top\" rel=\"nofollow\"><span class=\"icon\"><\/span><span class=\"text\">Tweet<\/span><\/a><div class=\"onoffswitch2 mash-large mashsb-noshadow\" style=\"display:none\"><\/div><\/div>\n            <\/div>\n                <div style=\"clear:both\"><\/div><div class=\"mashsb-toggle-container\"><\/div><\/aside>\n            <!-- Share buttons by mashshare.net - Version: 4.0.47-->\n<ul class=\"wp-block-list\"><li>Para el nuevo ingreso a la oferta acad\u00e9mica del Centro de las Artes y Centros Culturales Regionales, cuyo proceso de inscripci\u00f3n inici\u00f3 el 16 y culminar\u00e1 el 27 de enero, debe realizarse en las oficinas de servicios escolares.<\/li><\/ul>\n\n\n\n<p><em>Por Redacci\u00f3n\/Zunoticia<\/em><\/p>\n\n\n\n<p><strong>Pachuca De Soto, Hgo. &#8211;<\/strong> La Secretar\u00eda de Cultura, a trav\u00e9s del Consejo Estatal para la Cultura y las Artes de Hidalgo (Cecultah), emiti\u00f3 la convocatoria de nuevo ingreso para inscribirse a los talleres art\u00edsticos libres y especializados en las disciplinas de m\u00fasica, danza, artes visuales, teatro y literatura.<\/p>\n\n\n\n<figure class=\"wp-block-gallery has-nested-images columns-default is-cropped wp-block-gallery-1 is-layout-flex wp-block-gallery-is-layout-flex\">\n<figure class=\"wp-block-image size-large\"><img fetchpriority=\"high\" decoding=\"async\" width=\"1024\" height=\"711\" data-id=\"464608\" src=\"https:\/\/www.zunoticia.com\/noticias-de-hidalgo\/wp-content\/uploads\/2023\/01\/WhatsApp-Image-2023-01-19-at-4.30.50-PM-1024x711.jpeg\" alt=\"\" class=\"wp-image-464608\" srcset=\"https:\/\/www.zunoticia.com\/noticias-de-hidalgo\/wp-content\/uploads\/2023\/01\/WhatsApp-Image-2023-01-19-at-4.30.50-PM-1024x711.jpeg 1024w, https:\/\/www.zunoticia.com\/noticias-de-hidalgo\/wp-content\/uploads\/2023\/01\/WhatsApp-Image-2023-01-19-at-4.30.50-PM-300x208.jpeg 300w, https:\/\/www.zunoticia.com\/noticias-de-hidalgo\/wp-content\/uploads\/2023\/01\/WhatsApp-Image-2023-01-19-at-4.30.50-PM-768x533.jpeg 768w, https:\/\/www.zunoticia.com\/noticias-de-hidalgo\/wp-content\/uploads\/2023\/01\/WhatsApp-Image-2023-01-19-at-4.30.50-PM.jpeg 1280w\" sizes=\"(max-width: 1024px) 100vw, 1024px\" \/><\/figure>\n\n\n\n<figure class=\"wp-block-image size-large\"><img decoding=\"async\" width=\"1024\" height=\"683\" data-id=\"464609\" src=\"https:\/\/www.zunoticia.com\/noticias-de-hidalgo\/wp-content\/uploads\/2023\/01\/WhatsApp-Image-2023-01-19-at-4.30.49-PM-4-1024x683.jpeg\" alt=\"\" class=\"wp-image-464609\" srcset=\"https:\/\/www.zunoticia.com\/noticias-de-hidalgo\/wp-content\/uploads\/2023\/01\/WhatsApp-Image-2023-01-19-at-4.30.49-PM-4-1024x683.jpeg 1024w, https:\/\/www.zunoticia.com\/noticias-de-hidalgo\/wp-content\/uploads\/2023\/01\/WhatsApp-Image-2023-01-19-at-4.30.49-PM-4-300x200.jpeg 300w, https:\/\/www.zunoticia.com\/noticias-de-hidalgo\/wp-content\/uploads\/2023\/01\/WhatsApp-Image-2023-01-19-at-4.30.49-PM-4-768x512.jpeg 768w, https:\/\/www.zunoticia.com\/noticias-de-hidalgo\/wp-content\/uploads\/2023\/01\/WhatsApp-Image-2023-01-19-at-4.30.49-PM-4.jpeg 1280w\" sizes=\"(max-width: 1024px) 100vw, 1024px\" \/><\/figure>\n<\/figure>\n\n\n\n<p>La oferta de formaci\u00f3n art\u00edstica del ciclo febrero-junio 2023 est\u00e1 dirigida al p\u00fablico en general y estar\u00e1 disponible en el Centro de las Artes de Hidalgo, as\u00ed como en los ocho Centros Culturales Regionales ubicados en Emiliano Zapata, Huejutla, Huichapan, Ixmiquilpan, Real del Monte, Tepeapulco, Zacualtip\u00e1n de \u00c1ngeles y Zimap\u00e1n.<\/p>\n\n\n\n<figure class=\"wp-block-gallery has-nested-images columns-default is-cropped wp-block-gallery-2 is-layout-flex wp-block-gallery-is-layout-flex\">\n<figure class=\"wp-block-image size-large\"><img decoding=\"async\" width=\"1024\" height=\"539\" data-id=\"464610\" src=\"https:\/\/www.zunoticia.com\/noticias-de-hidalgo\/wp-content\/uploads\/2023\/01\/Estado1b-1024x539.jpg\" alt=\"\" class=\"wp-image-464610\" srcset=\"https:\/\/www.zunoticia.com\/noticias-de-hidalgo\/wp-content\/uploads\/2023\/01\/Estado1b-1024x539.jpg 1024w, https:\/\/www.zunoticia.com\/noticias-de-hidalgo\/wp-content\/uploads\/2023\/01\/Estado1b-300x158.jpg 300w, https:\/\/www.zunoticia.com\/noticias-de-hidalgo\/wp-content\/uploads\/2023\/01\/Estado1b-768x405.jpg 768w, https:\/\/www.zunoticia.com\/noticias-de-hidalgo\/wp-content\/uploads\/2023\/01\/Estado1b-1536x809.jpg 1536w, https:\/\/www.zunoticia.com\/noticias-de-hidalgo\/wp-content\/uploads\/2023\/01\/Estado1b-2048x1079.jpg 2048w, https:\/\/www.zunoticia.com\/noticias-de-hidalgo\/wp-content\/uploads\/2023\/01\/Estado1b-1568x826.jpg 1568w\" sizes=\"(max-width: 1024px) 100vw, 1024px\" \/><\/figure>\n\n\n\n<figure class=\"wp-block-image size-large\"><img loading=\"lazy\" decoding=\"async\" width=\"1024\" height=\"539\" data-id=\"464611\" src=\"https:\/\/www.zunoticia.com\/noticias-de-hidalgo\/wp-content\/uploads\/2023\/01\/Estado1c-1024x539.jpg\" alt=\"\" class=\"wp-image-464611\" srcset=\"https:\/\/www.zunoticia.com\/noticias-de-hidalgo\/wp-content\/uploads\/2023\/01\/Estado1c-1024x539.jpg 1024w, https:\/\/www.zunoticia.com\/noticias-de-hidalgo\/wp-content\/uploads\/2023\/01\/Estado1c-300x158.jpg 300w, https:\/\/www.zunoticia.com\/noticias-de-hidalgo\/wp-content\/uploads\/2023\/01\/Estado1c-768x404.jpg 768w, https:\/\/www.zunoticia.com\/noticias-de-hidalgo\/wp-content\/uploads\/2023\/01\/Estado1c-1536x809.jpg 1536w, https:\/\/www.zunoticia.com\/noticias-de-hidalgo\/wp-content\/uploads\/2023\/01\/Estado1c-2048x1078.jpg 2048w, https:\/\/www.zunoticia.com\/noticias-de-hidalgo\/wp-content\/uploads\/2023\/01\/Estado1c-1568x826.jpg 1568w\" sizes=\"(max-width: 1024px) 100vw, 1024px\" \/><\/figure>\n<\/figure>\n\n\n\n<p>El proceso de inscripci\u00f3n, que inici\u00f3 el 16 y culminar\u00e1 el 27 de enero, debe realizarse en las oficinas de servicios escolares del Centro de las Artes de Hidalgo y en la coordinaci\u00f3n de los Centros Culturales Regionales, de lunes a viernes, de 10:00 a 14:00 horas y de 16:00 a 20:00 horas.<\/p>\n\n\n\n<p>Contempla siete fases: registro de aspirantes, asistencia a las pl\u00e1ticas de inducci\u00f3n, acudir a la entrevista de selecci\u00f3n, consultar la relaci\u00f3n de estudiantes admitidos, solicitar los formatos de pago y realizarlo para finalmente inscribirse al entregar el expediente completo.<\/p>\n\n\n\n<p>Para mayores informes, las personas interesadas pueden consultar las bases de dicha convocatoria y los detalles en la liga: http:\/\/cultura.hidalgo.gob.mx\/centro-de-las-artes-de-hidalgo-oferta-academica-2023\/.<\/p>\n\n\n\n<p>Asimismo, pueden acudir a la Plaza Bartolom\u00e9 de Medina s\/n, en la colonia Centro, en Pachuca; comunicarse al tel\u00e9fono 771 71 42508; enviar un correo electr\u00f3nico a serviciosescolarescah@gmail.com o escribir en la p\u00e1gina de Facebook Centro de las Artes de Hidalgo.<\/p>\n\n\n\n<figure class=\"wp-block-gallery has-nested-images columns-default is-cropped wp-block-gallery-3 is-layout-flex wp-block-gallery-is-layout-flex\">\n<figure class=\"wp-block-image size-large\"><img loading=\"lazy\" decoding=\"async\" width=\"1024\" height=\"539\" data-id=\"464615\" src=\"https:\/\/www.zunoticia.com\/noticias-de-hidalgo\/wp-content\/uploads\/2023\/01\/Estado1a-1024x539.jpg\" alt=\"\" class=\"wp-image-464615\" srcset=\"https:\/\/www.zunoticia.com\/noticias-de-hidalgo\/wp-content\/uploads\/2023\/01\/Estado1a-1024x539.jpg 1024w, https:\/\/www.zunoticia.com\/noticias-de-hidalgo\/wp-content\/uploads\/2023\/01\/Estado1a-300x158.jpg 300w, https:\/\/www.zunoticia.com\/noticias-de-hidalgo\/wp-content\/uploads\/2023\/01\/Estado1a-768x404.jpg 768w, https:\/\/www.zunoticia.com\/noticias-de-hidalgo\/wp-content\/uploads\/2023\/01\/Estado1a-1536x809.jpg 1536w, https:\/\/www.zunoticia.com\/noticias-de-hidalgo\/wp-content\/uploads\/2023\/01\/Estado1a-2048x1079.jpg 2048w, https:\/\/www.zunoticia.com\/noticias-de-hidalgo\/wp-content\/uploads\/2023\/01\/Estado1a-1568x826.jpg 1568w\" sizes=\"(max-width: 1024px) 100vw, 1024px\" \/><\/figure>\n\n\n\n<figure class=\"wp-block-image size-large\"><img loading=\"lazy\" decoding=\"async\" width=\"1024\" height=\"540\" data-id=\"464613\" src=\"https:\/\/www.zunoticia.com\/noticias-de-hidalgo\/wp-content\/uploads\/2023\/01\/Estado1-1-1024x540.jpg\" alt=\"\" class=\"wp-image-464613\" srcset=\"https:\/\/www.zunoticia.com\/noticias-de-hidalgo\/wp-content\/uploads\/2023\/01\/Estado1-1-1024x540.jpg 1024w, https:\/\/www.zunoticia.com\/noticias-de-hidalgo\/wp-content\/uploads\/2023\/01\/Estado1-1-300x158.jpg 300w, https:\/\/www.zunoticia.com\/noticias-de-hidalgo\/wp-content\/uploads\/2023\/01\/Estado1-1-768x405.jpg 768w, https:\/\/www.zunoticia.com\/noticias-de-hidalgo\/wp-content\/uploads\/2023\/01\/Estado1-1-1536x809.jpg 1536w, https:\/\/www.zunoticia.com\/noticias-de-hidalgo\/wp-content\/uploads\/2023\/01\/Estado1-1-2048x1079.jpg 2048w, https:\/\/www.zunoticia.com\/noticias-de-hidalgo\/wp-content\/uploads\/2023\/01\/Estado1-1-1568x826.jpg 1568w\" sizes=\"(max-width: 1024px) 100vw, 1024px\" \/><\/figure>\n<\/figure>\n\n\n\n<p>El Cecultah dio a conocer que las clases de este primer periodo tendr\u00e1n duraci\u00f3n de 18 semanas; comenzar\u00e1n el 20 de febrero y concluir\u00e1n el 24 de junio del a\u00f1o en curso.<\/p>\n\n\n\n<p>Adem\u00e1s, destac\u00f3 que, para garantizar el derecho de las y los hidalguenses a la cultura y las artes, algunos de estos talleres ser\u00e1n llevados a otros espacios con el fin de acercar la oferta acad\u00e9mica y lograr una mayor cobertura en la participaci\u00f3n de estas actividades.<\/p>\n","protected":false},"excerpt":{"rendered":"<p>Para el nuevo ingreso a la oferta acad\u00e9mica del Centro de las Artes y Centros Culturales Regionales, cuyo proceso de inscripci\u00f3n inici\u00f3 el 16 y culminar\u00e1 el 27 de enero, debe realizarse en las oficinas de servicios escolares. Por Redacci\u00f3n\/Zunoticia Pachuca De Soto, Hgo. &#8211; La Secretar\u00eda de Cultura, a trav\u00e9s del Consejo Estatal para&hellip; <a class=\"more-link\" href=\"https:\/\/www.zunoticia.com\/noticias-de-hidalgo\/2023\/01\/19\/emite-cecultah-convocatoria-de-inscripcion-a-los-talleres-artisticos\/\">Seguir leyendo <span class=\"screen-reader-text\">Emite CECULTAH convocatoria de inscripci\u00f3n a los talleres art\u00edsticos<\/span><\/a><\/p>\n","protected":false},"author":12,"featured_media":464607,"comment_status":"closed","ping_status":"open","sticky":false,"template":"","format":"standard","meta":{"rop_custom_images_group":[],"rop_custom_messages_group":[],"rop_publish_now":"initial","rop_publish_now_accounts":{"facebook_10159540855086992_322828327761733":""},"rop_publish_now_history":[],"rop_publish_now_status":"pending","footnotes":""},"categories":[208],"tags":[214],"class_list":["post-464606","post","type-post","status-publish","format-standard","has-post-thumbnail","hentry","category-estado","tag-estado","entry"],"_links":{"self":[{"href":"https:\/\/www.zunoticia.com\/noticias-de-hidalgo\/wp-json\/wp\/v2\/posts\/464606","targetHints":{"allow":["GET"]}}],"collection":[{"href":"https:\/\/www.zunoticia.com\/noticias-de-hidalgo\/wp-json\/wp\/v2\/posts"}],"about":[{"href":"https:\/\/www.zunoticia.com\/noticias-de-hidalgo\/wp-json\/wp\/v2\/types\/post"}],"author":[{"embeddable":true,"href":"https:\/\/www.zunoticia.com\/noticias-de-hidalgo\/wp-json\/wp\/v2\/users\/12"}],"replies":[{"embeddable":true,"href":"https:\/\/www.zunoticia.com\/noticias-de-hidalgo\/wp-json\/wp\/v2\/comments?post=464606"}],"version-history":[{"count":1,"href":"https:\/\/www.zunoticia.com\/noticias-de-hidalgo\/wp-json\/wp\/v2\/posts\/464606\/revisions"}],"predecessor-version":[{"id":464616,"href":"https:\/\/www.zunoticia.com\/noticias-de-hidalgo\/wp-json\/wp\/v2\/posts\/464606\/revisions\/464616"}],"wp:featuredmedia":[{"embeddable":true,"href":"https:\/\/www.zunoticia.com\/noticias-de-hidalgo\/wp-json\/wp\/v2\/media\/464607"}],"wp:attachment":[{"href":"https:\/\/www.zunoticia.com\/noticias-de-hidalgo\/wp-json\/wp\/v2\/media?parent=464606"}],"wp:term":[{"taxonomy":"category","embeddable":true,"href":"https:\/\/www.zunoticia.com\/noticias-de-hidalgo\/wp-json\/wp\/v2\/categories?post=464606"},{"taxonomy":"post_tag","embeddable":true,"href":"https:\/\/www.zunoticia.com\/noticias-de-hidalgo\/wp-json\/wp\/v2\/tags?post=464606"}],"curies":[{"name":"wp","href":"https:\/\/api.w.org\/{rel}","templated":true}]}}