{"id":464642,"date":"2023-01-19T16:54:40","date_gmt":"2023-01-19T22:54:40","guid":{"rendered":"https:\/\/www.zunoticia.com\/noticias-de-hidalgo\/?p=464642"},"modified":"2023-01-19T16:54:42","modified_gmt":"2023-01-19T22:54:42","slug":"esperamos-fecha-para-dialogar-y-ver-el-caso-de-la-ucla-gmo","status":"publish","type":"post","link":"https:\/\/www.zunoticia.com\/noticias-de-hidalgo\/2023\/01\/19\/esperamos-fecha-para-dialogar-y-ver-el-caso-de-la-ucla-gmo\/","title":{"rendered":"Esperamos fecha para dialogar y ver el caso de la UCLA: GMO"},"content":{"rendered":"<aside class=\"mashsb-container mashsb-main mashsb-stretched\"><div class=\"mashsb-box\"><div class=\"mashsb-count mash-large\" style=\"float:left\"><div class=\"counts mashsbcount\">0<\/div><span class=\"mashsb-sharetext\">SHARES<\/span><\/div><div class=\"mashsb-buttons\"><a class=\"mashicon-facebook mash-large mash-center mashsb-noshadow\" href=\"https:\/\/www.facebook.com\/sharer.php?u=https%3A%2F%2Fwww.zunoticia.com%2Fnoticias-de-hidalgo%2F2023%2F01%2F19%2Fesperamos-fecha-para-dialogar-y-ver-el-caso-de-la-ucla-gmo%2F\" target=\"_top\" rel=\"nofollow\"><span class=\"icon\"><\/span><span class=\"text\">Share<\/span><\/a><a class=\"mashicon-twitter mash-large mash-center mashsb-noshadow\" href=\"https:\/\/twitter.com\/intent\/tweet?text=&amp;url=https:\/\/www.zunoticia.com\/noticias-de-hidalgo\/2023\/01\/19\/esperamos-fecha-para-dialogar-y-ver-el-caso-de-la-ucla-gmo\/\" target=\"_top\" rel=\"nofollow\"><span class=\"icon\"><\/span><span class=\"text\">Tweet<\/span><\/a><div class=\"onoffswitch2 mash-large mashsb-noshadow\" style=\"display:none\"><\/div><\/div>\n            <\/div>\n                <div style=\"clear:both\"><\/div><div class=\"mashsb-toggle-container\"><\/div><\/aside>\n            <!-- Share buttons by mashshare.net - Version: 4.0.47-->\n<p><em>Por Enedino Hern\u00e1ndez\/Zunoticia<\/em><\/p>\n\n\n\n<p><strong>Huejutla, Hgo. &#8211; <\/strong>\u201cA pesar de los hechos penosos que se vivieron la tarde del 17 de enero tenemos que aceptarlos porque as\u00ed son, finalmente llegamos a un acuerdo verbal p\u00fablico entre el grupo de Jorge Lara y el nuestro, en que nos vamos a sentar a dialogar por el bien de los comerciantes por lo que esperamos en breve la fecha para dialogar y analizar el caso que se tiene en la Uni\u00f3n de Comerciantes Locatarios y Ambulantes, UCLA, del mercado municipal de Huejutla\u201d, as\u00ed lo se\u00f1al\u00f3 Genaro Murillo Olgu\u00edn, representante de uno de los dos grupos en pugna.<\/p>\n\n\n\n<p>&#8220;Nos vamos a sentar a dialogar en su momento, solo esperamos la invitaci\u00f3n que nos haga el se\u00f1or Jorge Lara Garc\u00eda y nos vamos a poner a dialogar para el bien de los comerciantes del mercado de Huejutla&#8221; explic\u00f3.<\/p>\n\n\n\n<p>A\u00f1adi\u00f3 que hasta el momento no hay fecha para dialogar &#8220;esto se deja a criterio de Jorge Lara Garc\u00eda, voy a esperar el tiempo que sea necesario, siempre y cuando sea para bien, por la tranquilidad de los compa\u00f1eros comerciantes, que todo sea para el bien de la UCLA y la tranquilidad de todos&#8221;.<\/p>\n\n\n\n<p>Murillo Olgu\u00edn resalt\u00f3 que como comerciante siempre ha colaborado por el bien de la UCLA, principalmente ha servido a los exsecretarios de la UCLA, Gerardo Medina Delgado, Jaime Morales Torres, Leodegario Cruz Hern\u00e1ndez, destacando que ahora tendr\u00e1 la oportunidad de servir a los socios si es que as\u00ed se lo permiten.<\/p>\n\n\n\n<p>M\u00e1s adelante, pidi\u00f3 a los comerciantes socios de la UCLA que se mantengan tranquilos, en paz &#8220;no hay ning\u00fan problema, en breve nos vamos a sentar a dialogar los dos dirigentes cabezas de grupo y de ah\u00ed habr\u00e1n de salir buenos acuerdos&#8221;.<\/p>\n\n\n\n<p>Finalmente, reconoci\u00f3 que siempre que cambian una mesa directiva de la UCLA surgen algunas situaciones o problemas &#8220;quiero destacar que quienes deben de participar para una elecci\u00f3n y en su caso, tomar los acuerdos, son los propietarios de locales de la UCLA, ya que son los due\u00f1os de los espacios, siendo que la mayor\u00eda de estos son rentados, se hace la invitaci\u00f3n para que los propietarios participen, se acerquen y sobre todo que cuiden sus intereses&#8221;.<\/p>\n","protected":false},"excerpt":{"rendered":"<p>Por Enedino Hern\u00e1ndez\/Zunoticia Huejutla, Hgo. &#8211; \u201cA pesar de los hechos penosos que se vivieron la tarde del 17 de enero tenemos que aceptarlos porque as\u00ed son, finalmente llegamos a un acuerdo verbal p\u00fablico entre el grupo de Jorge Lara y el nuestro, en que nos vamos a sentar a dialogar por el bien de&hellip; <a class=\"more-link\" href=\"https:\/\/www.zunoticia.com\/noticias-de-hidalgo\/2023\/01\/19\/esperamos-fecha-para-dialogar-y-ver-el-caso-de-la-ucla-gmo\/\">Seguir leyendo <span class=\"screen-reader-text\">Esperamos fecha para dialogar y ver el caso de la UCLA: GMO<\/span><\/a><\/p>\n","protected":false},"author":12,"featured_media":464643,"comment_status":"closed","ping_status":"open","sticky":false,"template":"","format":"standard","meta":{"rop_custom_images_group":[],"rop_custom_messages_group":[],"rop_publish_now":"initial","rop_publish_now_accounts":{"facebook_10159540855086992_322828327761733":""},"rop_publish_now_history":[],"rop_publish_now_status":"pending","footnotes":""},"categories":[181],"tags":[121],"class_list":["post-464642","post","type-post","status-publish","format-standard","has-post-thumbnail","hentry","category-huejutla","tag-huejutla","entry"],"_links":{"self":[{"href":"https:\/\/www.zunoticia.com\/noticias-de-hidalgo\/wp-json\/wp\/v2\/posts\/464642","targetHints":{"allow":["GET"]}}],"collection":[{"href":"https:\/\/www.zunoticia.com\/noticias-de-hidalgo\/wp-json\/wp\/v2\/posts"}],"about":[{"href":"https:\/\/www.zunoticia.com\/noticias-de-hidalgo\/wp-json\/wp\/v2\/types\/post"}],"author":[{"embeddable":true,"href":"https:\/\/www.zunoticia.com\/noticias-de-hidalgo\/wp-json\/wp\/v2\/users\/12"}],"replies":[{"embeddable":true,"href":"https:\/\/www.zunoticia.com\/noticias-de-hidalgo\/wp-json\/wp\/v2\/comments?post=464642"}],"version-history":[{"count":1,"href":"https:\/\/www.zunoticia.com\/noticias-de-hidalgo\/wp-json\/wp\/v2\/posts\/464642\/revisions"}],"predecessor-version":[{"id":464644,"href":"https:\/\/www.zunoticia.com\/noticias-de-hidalgo\/wp-json\/wp\/v2\/posts\/464642\/revisions\/464644"}],"wp:featuredmedia":[{"embeddable":true,"href":"https:\/\/www.zunoticia.com\/noticias-de-hidalgo\/wp-json\/wp\/v2\/media\/464643"}],"wp:attachment":[{"href":"https:\/\/www.zunoticia.com\/noticias-de-hidalgo\/wp-json\/wp\/v2\/media?parent=464642"}],"wp:term":[{"taxonomy":"category","embeddable":true,"href":"https:\/\/www.zunoticia.com\/noticias-de-hidalgo\/wp-json\/wp\/v2\/categories?post=464642"},{"taxonomy":"post_tag","embeddable":true,"href":"https:\/\/www.zunoticia.com\/noticias-de-hidalgo\/wp-json\/wp\/v2\/tags?post=464642"}],"curies":[{"name":"wp","href":"https:\/\/api.w.org\/{rel}","templated":true}]}}