{"id":464645,"date":"2023-01-19T17:07:17","date_gmt":"2023-01-19T23:07:17","guid":{"rendered":"https:\/\/www.zunoticia.com\/noticias-de-hidalgo\/?p=464645"},"modified":"2023-01-19T17:07:19","modified_gmt":"2023-01-19T23:07:19","slug":"mi-interes-es-que-se-cambie-el-techo-del-area-del-laminado-nereo-ramirez","status":"publish","type":"post","link":"https:\/\/www.zunoticia.com\/noticias-de-hidalgo\/2023\/01\/19\/mi-interes-es-que-se-cambie-el-techo-del-area-del-laminado-nereo-ramirez\/","title":{"rendered":"Mi inter\u00e9s es que se cambie el techo del \u00e1rea del laminado: Nereo Ram\u00edrez"},"content":{"rendered":"<aside class=\"mashsb-container mashsb-main mashsb-stretched\"><div class=\"mashsb-box\"><div class=\"mashsb-count mash-large\" style=\"float:left\"><div class=\"counts mashsbcount\">23<\/div><span class=\"mashsb-sharetext\">SHARES<\/span><\/div><div class=\"mashsb-buttons\"><a class=\"mashicon-facebook mash-large mash-center mashsb-noshadow\" href=\"https:\/\/www.facebook.com\/sharer.php?u=https%3A%2F%2Fwww.zunoticia.com%2Fnoticias-de-hidalgo%2F2023%2F01%2F19%2Fmi-interes-es-que-se-cambie-el-techo-del-area-del-laminado-nereo-ramirez%2F\" target=\"_top\" rel=\"nofollow\"><span class=\"icon\"><\/span><span class=\"text\">Share<\/span><\/a><a class=\"mashicon-twitter mash-large mash-center mashsb-noshadow\" href=\"https:\/\/twitter.com\/intent\/tweet?text=&amp;url=https:\/\/www.zunoticia.com\/noticias-de-hidalgo\/2023\/01\/19\/mi-interes-es-que-se-cambie-el-techo-del-area-del-laminado-nereo-ramirez\/\" target=\"_top\" rel=\"nofollow\"><span class=\"icon\"><\/span><span class=\"text\">Tweet<\/span><\/a><div class=\"onoffswitch2 mash-large mashsb-noshadow\" style=\"display:none\"><\/div><\/div>\n            <\/div>\n                <div style=\"clear:both\"><\/div><div class=\"mashsb-toggle-container\"><\/div><\/aside>\n            <!-- Share buttons by mashshare.net - Version: 4.0.47-->\n<p><em>Por Salvador Altamirano\/Zunoticia<\/em><\/p>\n\n\n\n<p><strong>Huejutla, Hgo. &#8211;<\/strong> \u201cSi particip\u00e9 en los hechos para intentar cambiar la actual dirigencia de la UCLA, fue porque mi \u00fanico inter\u00e9s es que se lleve a cabo el cambio del techo del \u00e1rea del laminado, y Jorge Lara Garc\u00eda, el actual dirigente no nos ha apoyado en nada\u201d.<\/p>\n\n\n\n<p>Lo anterior, fue expresado por Nereo Ram\u00edrez Mart\u00ednez, socio de la UCLA, quien enfatiz\u00f3 que siempre ha sido una persona trabajadora, lo cual es irrefutable y no es una &#8220;rata&#8221; que se quiere apropiar de los veneros de dinero de la organizaci\u00f3n, como lo expresan los del grupo contrario.<\/p>\n\n\n\n<figure class=\"wp-block-image size-large\"><img fetchpriority=\"high\" decoding=\"async\" width=\"1024\" height=\"576\" src=\"https:\/\/www.zunoticia.com\/noticias-de-hidalgo\/wp-content\/uploads\/2023\/01\/WhatsApp-Image-2023-01-19-at-4.30.47-PM-1-1024x576.jpeg\" alt=\"\" class=\"wp-image-464647\" srcset=\"https:\/\/www.zunoticia.com\/noticias-de-hidalgo\/wp-content\/uploads\/2023\/01\/WhatsApp-Image-2023-01-19-at-4.30.47-PM-1-1024x576.jpeg 1024w, https:\/\/www.zunoticia.com\/noticias-de-hidalgo\/wp-content\/uploads\/2023\/01\/WhatsApp-Image-2023-01-19-at-4.30.47-PM-1-300x169.jpeg 300w, https:\/\/www.zunoticia.com\/noticias-de-hidalgo\/wp-content\/uploads\/2023\/01\/WhatsApp-Image-2023-01-19-at-4.30.47-PM-1-768x432.jpeg 768w, https:\/\/www.zunoticia.com\/noticias-de-hidalgo\/wp-content\/uploads\/2023\/01\/WhatsApp-Image-2023-01-19-at-4.30.47-PM-1.jpeg 1280w\" sizes=\"(max-width: 1024px) 100vw, 1024px\" \/><\/figure>\n\n\n\n<p>Agreg\u00f3 que, en una ocasi\u00f3n fue integrante del comit\u00e9 directivo de la UCLA, pero nunca ha ostentado el cargo de secretario general para que lo tilden de esa manera, quienes, si est\u00e1n en &#8220;tela de juicio&#8221;, ya que el actual ni los anteriores han rendido cuentas claras de los ingresos y egresos de los recursos.<\/p>\n\n\n\n<p>Subray\u00f3 que, cuando los locatarios exijan cuentas claras y no se conformen con ama\u00f1adas, sabr\u00e1n perfectamente qui\u00e9nes son los que aprovechan en su beneficio los cuantiosos recursos, y no en rehabilitar las instalaciones del mercado municipal que exhibe un marcado deterioro, y por lo arcaico del cableado est\u00e1 propenso a un incendio.<\/p>\n\n\n\n<p>Para finalizar, Ram\u00edrez Mart\u00ednez enfatiz\u00f3 que, si los comerciantes llegan en su momento a abrir los ojos, se dar\u00e1n cuenta qui\u00e9nes son los que deben de ostentar esa designaci\u00f3n despreciativa.<\/p>\n","protected":false},"excerpt":{"rendered":"<p>Por Salvador Altamirano\/Zunoticia Huejutla, Hgo. &#8211; \u201cSi particip\u00e9 en los hechos para intentar cambiar la actual dirigencia de la UCLA, fue porque mi \u00fanico inter\u00e9s es que se lleve a cabo el cambio del techo del \u00e1rea del laminado, y Jorge Lara Garc\u00eda, el actual dirigente no nos ha apoyado en nada\u201d. Lo anterior, fue&hellip; <a class=\"more-link\" href=\"https:\/\/www.zunoticia.com\/noticias-de-hidalgo\/2023\/01\/19\/mi-interes-es-que-se-cambie-el-techo-del-area-del-laminado-nereo-ramirez\/\">Seguir leyendo <span class=\"screen-reader-text\">Mi inter\u00e9s es que se cambie el techo del \u00e1rea del laminado: Nereo Ram\u00edrez<\/span><\/a><\/p>\n","protected":false},"author":12,"featured_media":464646,"comment_status":"closed","ping_status":"open","sticky":false,"template":"","format":"standard","meta":{"rop_custom_images_group":[],"rop_custom_messages_group":[],"rop_publish_now":"initial","rop_publish_now_accounts":{"facebook_10159540855086992_322828327761733":""},"rop_publish_now_history":[],"rop_publish_now_status":"pending","footnotes":""},"categories":[181],"tags":[121],"class_list":["post-464645","post","type-post","status-publish","format-standard","has-post-thumbnail","hentry","category-huejutla","tag-huejutla","entry"],"_links":{"self":[{"href":"https:\/\/www.zunoticia.com\/noticias-de-hidalgo\/wp-json\/wp\/v2\/posts\/464645","targetHints":{"allow":["GET"]}}],"collection":[{"href":"https:\/\/www.zunoticia.com\/noticias-de-hidalgo\/wp-json\/wp\/v2\/posts"}],"about":[{"href":"https:\/\/www.zunoticia.com\/noticias-de-hidalgo\/wp-json\/wp\/v2\/types\/post"}],"author":[{"embeddable":true,"href":"https:\/\/www.zunoticia.com\/noticias-de-hidalgo\/wp-json\/wp\/v2\/users\/12"}],"replies":[{"embeddable":true,"href":"https:\/\/www.zunoticia.com\/noticias-de-hidalgo\/wp-json\/wp\/v2\/comments?post=464645"}],"version-history":[{"count":1,"href":"https:\/\/www.zunoticia.com\/noticias-de-hidalgo\/wp-json\/wp\/v2\/posts\/464645\/revisions"}],"predecessor-version":[{"id":464648,"href":"https:\/\/www.zunoticia.com\/noticias-de-hidalgo\/wp-json\/wp\/v2\/posts\/464645\/revisions\/464648"}],"wp:featuredmedia":[{"embeddable":true,"href":"https:\/\/www.zunoticia.com\/noticias-de-hidalgo\/wp-json\/wp\/v2\/media\/464646"}],"wp:attachment":[{"href":"https:\/\/www.zunoticia.com\/noticias-de-hidalgo\/wp-json\/wp\/v2\/media?parent=464645"}],"wp:term":[{"taxonomy":"category","embeddable":true,"href":"https:\/\/www.zunoticia.com\/noticias-de-hidalgo\/wp-json\/wp\/v2\/categories?post=464645"},{"taxonomy":"post_tag","embeddable":true,"href":"https:\/\/www.zunoticia.com\/noticias-de-hidalgo\/wp-json\/wp\/v2\/tags?post=464645"}],"curies":[{"name":"wp","href":"https:\/\/api.w.org\/{rel}","templated":true}]}}