{"id":464660,"date":"2023-01-19T17:26:02","date_gmt":"2023-01-19T23:26:02","guid":{"rendered":"https:\/\/www.zunoticia.com\/noticias-de-hidalgo\/?p=464660"},"modified":"2023-01-19T17:26:04","modified_gmt":"2023-01-19T23:26:04","slug":"parques-y-jardines-limpia-el-area-verde-de-la-colonia-los-prados","status":"publish","type":"post","link":"https:\/\/www.zunoticia.com\/noticias-de-hidalgo\/2023\/01\/19\/parques-y-jardines-limpia-el-area-verde-de-la-colonia-los-prados\/","title":{"rendered":"Parques y Jardines limpia el \u00e1rea verde de la colonia Los Prados"},"content":{"rendered":"<aside class=\"mashsb-container mashsb-main mashsb-stretched\"><div class=\"mashsb-box\"><div class=\"mashsb-count mash-large\" style=\"float:left\"><div class=\"counts mashsbcount\">31<\/div><span class=\"mashsb-sharetext\">SHARES<\/span><\/div><div class=\"mashsb-buttons\"><a class=\"mashicon-facebook mash-large mash-center mashsb-noshadow\" href=\"https:\/\/www.facebook.com\/sharer.php?u=https%3A%2F%2Fwww.zunoticia.com%2Fnoticias-de-hidalgo%2F2023%2F01%2F19%2Fparques-y-jardines-limpia-el-area-verde-de-la-colonia-los-prados%2F\" target=\"_top\" rel=\"nofollow\"><span class=\"icon\"><\/span><span class=\"text\">Share<\/span><\/a><a class=\"mashicon-twitter mash-large mash-center mashsb-noshadow\" href=\"https:\/\/twitter.com\/intent\/tweet?text=&amp;url=https:\/\/www.zunoticia.com\/noticias-de-hidalgo\/2023\/01\/19\/parques-y-jardines-limpia-el-area-verde-de-la-colonia-los-prados\/\" target=\"_top\" rel=\"nofollow\"><span class=\"icon\"><\/span><span class=\"text\">Tweet<\/span><\/a><div class=\"onoffswitch2 mash-large mashsb-noshadow\" style=\"display:none\"><\/div><\/div>\n            <\/div>\n                <div style=\"clear:both\"><\/div><div class=\"mashsb-toggle-container\"><\/div><\/aside>\n            <!-- Share buttons by mashshare.net - Version: 4.0.47-->\n<p><em>Por Salvador Altamirano\/Zunoticia<\/em><\/p>\n\n\n\n<p><strong>Huejutla, Hgo. &#8211;<\/strong> El director general de Ecolog\u00eda y Sustentabilidad Municipal, Gabriel Hern\u00e1ndez Romero, manifest\u00f3 que este jueves el personal adscrito al \u00e1rea de Parques y Jardines llev\u00f3 a cabo la limpieza de la zona verde de la colonia Los Prados.<\/p>\n\n\n\n<p>Agreg\u00f3 que, con lo anterior, se cumple con la solicitud ciudadana canalizada a trav\u00e9s de los delegados, consistente en mantener limpios y bien cuidadas las \u00e1reas verdes y lugares de esparcimiento.<\/p>\n\n\n\n<figure class=\"wp-block-image size-large\"><img fetchpriority=\"high\" decoding=\"async\" width=\"1024\" height=\"473\" src=\"https:\/\/www.zunoticia.com\/noticias-de-hidalgo\/wp-content\/uploads\/2023\/01\/WhatsApp-Image-2023-01-19-at-5.10.18-PM-3-1024x473.jpeg\" alt=\"\" class=\"wp-image-464662\" srcset=\"https:\/\/www.zunoticia.com\/noticias-de-hidalgo\/wp-content\/uploads\/2023\/01\/WhatsApp-Image-2023-01-19-at-5.10.18-PM-3-1024x473.jpeg 1024w, https:\/\/www.zunoticia.com\/noticias-de-hidalgo\/wp-content\/uploads\/2023\/01\/WhatsApp-Image-2023-01-19-at-5.10.18-PM-3-300x139.jpeg 300w, https:\/\/www.zunoticia.com\/noticias-de-hidalgo\/wp-content\/uploads\/2023\/01\/WhatsApp-Image-2023-01-19-at-5.10.18-PM-3-768x355.jpeg 768w, https:\/\/www.zunoticia.com\/noticias-de-hidalgo\/wp-content\/uploads\/2023\/01\/WhatsApp-Image-2023-01-19-at-5.10.18-PM-3.jpeg 1152w\" sizes=\"(max-width: 1024px) 100vw, 1024px\" \/><figcaption><em>\u00a0Efect\u00faan limpieza en el \u00e1rea verde de la colonia Los Prados.<\/em><\/figcaption><\/figure>\n\n\n\n<p>Es oportuno mencionar, que en su momento el director de Parques y Jardines, Juventino Molinos Cerecedo, expres\u00f3 que, concluido el periodo vacacional de fin de a\u00f1o, el personal a cargo contin\u00faa con sus actividades cotidianas correspondientes.<\/p>\n\n\n\n<p>As\u00ed mismo, exhort\u00f3 a los delegados a que dialoguen con sus vecinos para que coadyuven en la limpieza de sus parques, ya que en ocasiones han encontrado basura que no corresponde a estos espacios, como son latas de cerveza.<\/p>\n","protected":false},"excerpt":{"rendered":"<p>Por Salvador Altamirano\/Zunoticia Huejutla, Hgo. &#8211; El director general de Ecolog\u00eda y Sustentabilidad Municipal, Gabriel Hern\u00e1ndez Romero, manifest\u00f3 que este jueves el personal adscrito al \u00e1rea de Parques y Jardines llev\u00f3 a cabo la limpieza de la zona verde de la colonia Los Prados. Agreg\u00f3 que, con lo anterior, se cumple con la solicitud ciudadana&hellip; <a class=\"more-link\" href=\"https:\/\/www.zunoticia.com\/noticias-de-hidalgo\/2023\/01\/19\/parques-y-jardines-limpia-el-area-verde-de-la-colonia-los-prados\/\">Seguir leyendo <span class=\"screen-reader-text\">Parques y Jardines limpia el \u00e1rea verde de la colonia Los Prados<\/span><\/a><\/p>\n","protected":false},"author":12,"featured_media":464661,"comment_status":"closed","ping_status":"open","sticky":false,"template":"","format":"standard","meta":{"rop_custom_images_group":[],"rop_custom_messages_group":[],"rop_publish_now":"initial","rop_publish_now_accounts":{"facebook_10159540855086992_322828327761733":""},"rop_publish_now_history":[],"rop_publish_now_status":"pending","footnotes":""},"categories":[181],"tags":[121],"class_list":["post-464660","post","type-post","status-publish","format-standard","has-post-thumbnail","hentry","category-huejutla","tag-huejutla","entry"],"_links":{"self":[{"href":"https:\/\/www.zunoticia.com\/noticias-de-hidalgo\/wp-json\/wp\/v2\/posts\/464660","targetHints":{"allow":["GET"]}}],"collection":[{"href":"https:\/\/www.zunoticia.com\/noticias-de-hidalgo\/wp-json\/wp\/v2\/posts"}],"about":[{"href":"https:\/\/www.zunoticia.com\/noticias-de-hidalgo\/wp-json\/wp\/v2\/types\/post"}],"author":[{"embeddable":true,"href":"https:\/\/www.zunoticia.com\/noticias-de-hidalgo\/wp-json\/wp\/v2\/users\/12"}],"replies":[{"embeddable":true,"href":"https:\/\/www.zunoticia.com\/noticias-de-hidalgo\/wp-json\/wp\/v2\/comments?post=464660"}],"version-history":[{"count":1,"href":"https:\/\/www.zunoticia.com\/noticias-de-hidalgo\/wp-json\/wp\/v2\/posts\/464660\/revisions"}],"predecessor-version":[{"id":464663,"href":"https:\/\/www.zunoticia.com\/noticias-de-hidalgo\/wp-json\/wp\/v2\/posts\/464660\/revisions\/464663"}],"wp:featuredmedia":[{"embeddable":true,"href":"https:\/\/www.zunoticia.com\/noticias-de-hidalgo\/wp-json\/wp\/v2\/media\/464661"}],"wp:attachment":[{"href":"https:\/\/www.zunoticia.com\/noticias-de-hidalgo\/wp-json\/wp\/v2\/media?parent=464660"}],"wp:term":[{"taxonomy":"category","embeddable":true,"href":"https:\/\/www.zunoticia.com\/noticias-de-hidalgo\/wp-json\/wp\/v2\/categories?post=464660"},{"taxonomy":"post_tag","embeddable":true,"href":"https:\/\/www.zunoticia.com\/noticias-de-hidalgo\/wp-json\/wp\/v2\/tags?post=464660"}],"curies":[{"name":"wp","href":"https:\/\/api.w.org\/{rel}","templated":true}]}}