{"id":464673,"date":"2023-01-19T18:28:57","date_gmt":"2023-01-20T00:28:57","guid":{"rendered":"https:\/\/www.zunoticia.com\/noticias-de-hidalgo\/?p=464673"},"modified":"2023-01-19T18:28:58","modified_gmt":"2023-01-20T00:28:58","slug":"reprobables-y-lamentables-los-actos-de-violencia-en-el-mercado-comerciante","status":"publish","type":"post","link":"https:\/\/www.zunoticia.com\/noticias-de-hidalgo\/2023\/01\/19\/reprobables-y-lamentables-los-actos-de-violencia-en-el-mercado-comerciante\/","title":{"rendered":"Reprobables y lamentables los actos de violencia en el mercado: Comerciante"},"content":{"rendered":"<aside class=\"mashsb-container mashsb-main mashsb-stretched\"><div class=\"mashsb-box\"><div class=\"mashsb-count mash-large\" style=\"float:left\"><div class=\"counts mashsbcount\">22<\/div><span class=\"mashsb-sharetext\">SHARES<\/span><\/div><div class=\"mashsb-buttons\"><a class=\"mashicon-facebook mash-large mash-center mashsb-noshadow\" href=\"https:\/\/www.facebook.com\/sharer.php?u=https%3A%2F%2Fwww.zunoticia.com%2Fnoticias-de-hidalgo%2F2023%2F01%2F19%2Freprobables-y-lamentables-los-actos-de-violencia-en-el-mercado-comerciante%2F\" target=\"_top\" rel=\"nofollow\"><span class=\"icon\"><\/span><span class=\"text\">Share<\/span><\/a><a class=\"mashicon-twitter mash-large mash-center mashsb-noshadow\" href=\"https:\/\/twitter.com\/intent\/tweet?text=&amp;url=https:\/\/www.zunoticia.com\/noticias-de-hidalgo\/2023\/01\/19\/reprobables-y-lamentables-los-actos-de-violencia-en-el-mercado-comerciante\/\" target=\"_top\" rel=\"nofollow\"><span class=\"icon\"><\/span><span class=\"text\">Tweet<\/span><\/a><div class=\"onoffswitch2 mash-large mashsb-noshadow\" style=\"display:none\"><\/div><\/div>\n            <\/div>\n                <div style=\"clear:both\"><\/div><div class=\"mashsb-toggle-container\"><\/div><\/aside>\n            <!-- Share buttons by mashshare.net - Version: 4.0.47-->\n<p><em>Por Enedino Hern\u00e1ndez\/Zunoticia<\/em><\/p>\n\n\n\n<p><strong>Huejutla, Hgo.-<\/strong> El comerciante Jaime del \u00c1ngel calific\u00f3 de reprobables y lamentables los actos de violencia que se registraron durante estos d\u00edas en el Mercado Municipal.<\/p>\n\n\n\n<p>Asimismo, dijo que, \u201cen esta situaci\u00f3n de conflicto que se tiene en el Mercado, desgraciadamente los m\u00e1s afectados somos los comerciantes y esto se puede ver en la baja de las ventas\u201d.<\/p>\n\n\n\n<p>Se\u00f1ala que las ventas han bajado considerablemente, pues la ciudadan\u00eda no acude al mercado por temor a ser agredida.<\/p>\n\n\n\n<p>Sugiri\u00f3 a las personas que provocaron toda esta situaci\u00f3n que tengan cordura y que, \u201csi quieren hacer las cosas bien, pues tenemos un Secretario y una oficina en donde se atienden sus inquietudes, que se acerquen al Secretario General, Jorge Lara Garc\u00eda, que dialoguen y que tomen acuerdos\u201d.<\/p>\n\n\n\n<p>Abund\u00f3 que desde que se suscitaron estos lamentables hechos en el Mercado de Huejutla las ventas han bajado de manera considerable, en un 80 a un 85%, adem\u00e1s de que en estos momentos se atraviesa por la famosa \u201ccuesta de enero\u201d.<\/p>\n\n\n\n<p>Jaime del \u00c1ngel hace un llamado a todos los comerciantes del Mercado de Huejutla a trabajar en unidad, &#8220;ya basta de divisi\u00f3n y de grupos que son manipulados por personas que tienen intereses ajenos al Mercado, personas que tienen intereses pol\u00edticos y que est\u00e1n atr\u00e1s de todo esto, pero, desgraciadamente quienes se llevan la mayor parte de afectaci\u00f3n somos nosotros los comerciantes&#8221;.<\/p>\n","protected":false},"excerpt":{"rendered":"<p>Por Enedino Hern\u00e1ndez\/Zunoticia Huejutla, Hgo.- El comerciante Jaime del \u00c1ngel calific\u00f3 de reprobables y lamentables los actos de violencia que se registraron durante estos d\u00edas en el Mercado Municipal. Asimismo, dijo que, \u201cen esta situaci\u00f3n de conflicto que se tiene en el Mercado, desgraciadamente los m\u00e1s afectados somos los comerciantes y esto se puede ver&hellip; <a class=\"more-link\" href=\"https:\/\/www.zunoticia.com\/noticias-de-hidalgo\/2023\/01\/19\/reprobables-y-lamentables-los-actos-de-violencia-en-el-mercado-comerciante\/\">Seguir leyendo <span class=\"screen-reader-text\">Reprobables y lamentables los actos de violencia en el mercado: Comerciante<\/span><\/a><\/p>\n","protected":false},"author":12,"featured_media":464671,"comment_status":"closed","ping_status":"open","sticky":false,"template":"","format":"standard","meta":{"rop_custom_images_group":[],"rop_custom_messages_group":[],"rop_publish_now":"initial","rop_publish_now_accounts":{"facebook_10159540855086992_322828327761733":""},"rop_publish_now_history":[],"rop_publish_now_status":"pending","footnotes":""},"categories":[181],"tags":[121],"class_list":["post-464673","post","type-post","status-publish","format-standard","has-post-thumbnail","hentry","category-huejutla","tag-huejutla","entry"],"_links":{"self":[{"href":"https:\/\/www.zunoticia.com\/noticias-de-hidalgo\/wp-json\/wp\/v2\/posts\/464673","targetHints":{"allow":["GET"]}}],"collection":[{"href":"https:\/\/www.zunoticia.com\/noticias-de-hidalgo\/wp-json\/wp\/v2\/posts"}],"about":[{"href":"https:\/\/www.zunoticia.com\/noticias-de-hidalgo\/wp-json\/wp\/v2\/types\/post"}],"author":[{"embeddable":true,"href":"https:\/\/www.zunoticia.com\/noticias-de-hidalgo\/wp-json\/wp\/v2\/users\/12"}],"replies":[{"embeddable":true,"href":"https:\/\/www.zunoticia.com\/noticias-de-hidalgo\/wp-json\/wp\/v2\/comments?post=464673"}],"version-history":[{"count":1,"href":"https:\/\/www.zunoticia.com\/noticias-de-hidalgo\/wp-json\/wp\/v2\/posts\/464673\/revisions"}],"predecessor-version":[{"id":464679,"href":"https:\/\/www.zunoticia.com\/noticias-de-hidalgo\/wp-json\/wp\/v2\/posts\/464673\/revisions\/464679"}],"wp:featuredmedia":[{"embeddable":true,"href":"https:\/\/www.zunoticia.com\/noticias-de-hidalgo\/wp-json\/wp\/v2\/media\/464671"}],"wp:attachment":[{"href":"https:\/\/www.zunoticia.com\/noticias-de-hidalgo\/wp-json\/wp\/v2\/media?parent=464673"}],"wp:term":[{"taxonomy":"category","embeddable":true,"href":"https:\/\/www.zunoticia.com\/noticias-de-hidalgo\/wp-json\/wp\/v2\/categories?post=464673"},{"taxonomy":"post_tag","embeddable":true,"href":"https:\/\/www.zunoticia.com\/noticias-de-hidalgo\/wp-json\/wp\/v2\/tags?post=464673"}],"curies":[{"name":"wp","href":"https:\/\/api.w.org\/{rel}","templated":true}]}}