{"id":464691,"date":"2023-01-19T19:20:23","date_gmt":"2023-01-20T01:20:23","guid":{"rendered":"https:\/\/www.zunoticia.com\/noticias-de-hidalgo\/?p=464691"},"modified":"2023-01-19T19:20:24","modified_gmt":"2023-01-20T01:20:24","slug":"inicio-rehabilitacion-de-calle-en-la-zona-centro","status":"publish","type":"post","link":"https:\/\/www.zunoticia.com\/noticias-de-hidalgo\/2023\/01\/19\/inicio-rehabilitacion-de-calle-en-la-zona-centro\/","title":{"rendered":"Inici\u00f3 rehabilitaci\u00f3n de calle en la zona Centro"},"content":{"rendered":"<aside class=\"mashsb-container mashsb-main mashsb-stretched\"><div class=\"mashsb-box\"><div class=\"mashsb-count mash-large\" style=\"float:left\"><div class=\"counts mashsbcount\">12<\/div><span class=\"mashsb-sharetext\">SHARES<\/span><\/div><div class=\"mashsb-buttons\"><a class=\"mashicon-facebook mash-large mash-center mashsb-noshadow\" href=\"https:\/\/www.facebook.com\/sharer.php?u=https%3A%2F%2Fwww.zunoticia.com%2Fnoticias-de-hidalgo%2F2023%2F01%2F19%2Finicio-rehabilitacion-de-calle-en-la-zona-centro%2F\" target=\"_top\" rel=\"nofollow\"><span class=\"icon\"><\/span><span class=\"text\">Share<\/span><\/a><a class=\"mashicon-twitter mash-large mash-center mashsb-noshadow\" href=\"https:\/\/twitter.com\/intent\/tweet?text=&amp;url=https:\/\/www.zunoticia.com\/noticias-de-hidalgo\/2023\/01\/19\/inicio-rehabilitacion-de-calle-en-la-zona-centro\/\" target=\"_top\" rel=\"nofollow\"><span class=\"icon\"><\/span><span class=\"text\">Tweet<\/span><\/a><div class=\"onoffswitch2 mash-large mashsb-noshadow\" style=\"display:none\"><\/div><\/div>\n            <\/div>\n                <div style=\"clear:both\"><\/div><div class=\"mashsb-toggle-container\"><\/div><\/aside>\n            <!-- Share buttons by mashshare.net - Version: 4.0.47-->\n<p><em>Por \u00c1ngel Silverio\/Zunoticia<\/em><\/p>\n\n\n\n<p><strong>San Felipe Orizatl\u00e1n, Hgo.-<\/strong> Cumpliendo con sus promesas de campa\u00f1a, el gobierno municipal que encabeza Erika Saab Lara, dio inicio con la rehabilitaci\u00f3n de una de las calles principales de la zona Centro, que habr\u00e1 de beneficiar a conductores y transportistas que a diario circulan por esta v\u00eda,&nbsp; dejando en claro qua parte del trabajo que se realiza es cumplir con la mejora de las v\u00edas de comunicaci\u00f3n.<\/p>\n\n\n\n<p>De acuerdo con lo informado, se dio inicio a la rehabilitaci\u00f3n de la calle principal que conecta a la avenida Hidalgo y avenida Ju\u00e1rez, tramo que se encontraba en p\u00e9simas condiciones y que hoy, finalmente, ser\u00e1 rehabilitado con el fin de evitar da\u00f1os a las unidades que a diario pasan por ese lugar.<\/p>\n\n\n\n<p>&#8220;Se est\u00e1n atendiendo las principales demandas, una de ellas ese tramo carretero, sabemos de antemano que hace mucho no se le da mantenimiento y hoy en este gobierno estamos atendiendo esta demanda, sabemos que hay mucho trabajo por hacer, sin embargo, a medida de las posibilidades del ayuntamiento estamos atendiendo estas promesas de campa\u00f1a, que en su momento fueron una petici\u00f3n y hoy han tenido eco, as\u00ed como muchas estar\u00e1n siendo resueltas en este a\u00f1o&#8221; cit\u00f3 la alcaldesa.<\/p>\n\n\n\n<p>Cabe resaltar que su gobierno ha venido atendiendo el tema de las v\u00edas de comunicaci\u00f3n, que, hoy por hoy est\u00e1n siendo mejoradas para un mejor tr\u00e1nsito, lo cual ha sido del agrado de los transportistas y conductores.<\/p>\n","protected":false},"excerpt":{"rendered":"<p>Por \u00c1ngel Silverio\/Zunoticia San Felipe Orizatl\u00e1n, Hgo.- Cumpliendo con sus promesas de campa\u00f1a, el gobierno municipal que encabeza Erika Saab Lara, dio inicio con la rehabilitaci\u00f3n de una de las calles principales de la zona Centro, que habr\u00e1 de beneficiar a conductores y transportistas que a diario circulan por esta v\u00eda,&nbsp; dejando en claro qua&hellip; <a class=\"more-link\" href=\"https:\/\/www.zunoticia.com\/noticias-de-hidalgo\/2023\/01\/19\/inicio-rehabilitacion-de-calle-en-la-zona-centro\/\">Seguir leyendo <span class=\"screen-reader-text\">Inici\u00f3 rehabilitaci\u00f3n de calle en la zona Centro<\/span><\/a><\/p>\n","protected":false},"author":12,"featured_media":464694,"comment_status":"closed","ping_status":"open","sticky":false,"template":"","format":"standard","meta":{"rop_custom_images_group":[],"rop_custom_messages_group":[],"rop_publish_now":"initial","rop_publish_now_accounts":{"facebook_10159540855086992_322828327761733":""},"rop_publish_now_history":[],"rop_publish_now_status":"pending","footnotes":""},"categories":[180],"tags":[129],"class_list":["post-464691","post","type-post","status-publish","format-standard","has-post-thumbnail","hentry","category-orizatlan","tag-orizatlan","entry"],"_links":{"self":[{"href":"https:\/\/www.zunoticia.com\/noticias-de-hidalgo\/wp-json\/wp\/v2\/posts\/464691","targetHints":{"allow":["GET"]}}],"collection":[{"href":"https:\/\/www.zunoticia.com\/noticias-de-hidalgo\/wp-json\/wp\/v2\/posts"}],"about":[{"href":"https:\/\/www.zunoticia.com\/noticias-de-hidalgo\/wp-json\/wp\/v2\/types\/post"}],"author":[{"embeddable":true,"href":"https:\/\/www.zunoticia.com\/noticias-de-hidalgo\/wp-json\/wp\/v2\/users\/12"}],"replies":[{"embeddable":true,"href":"https:\/\/www.zunoticia.com\/noticias-de-hidalgo\/wp-json\/wp\/v2\/comments?post=464691"}],"version-history":[{"count":1,"href":"https:\/\/www.zunoticia.com\/noticias-de-hidalgo\/wp-json\/wp\/v2\/posts\/464691\/revisions"}],"predecessor-version":[{"id":464697,"href":"https:\/\/www.zunoticia.com\/noticias-de-hidalgo\/wp-json\/wp\/v2\/posts\/464691\/revisions\/464697"}],"wp:featuredmedia":[{"embeddable":true,"href":"https:\/\/www.zunoticia.com\/noticias-de-hidalgo\/wp-json\/wp\/v2\/media\/464694"}],"wp:attachment":[{"href":"https:\/\/www.zunoticia.com\/noticias-de-hidalgo\/wp-json\/wp\/v2\/media?parent=464691"}],"wp:term":[{"taxonomy":"category","embeddable":true,"href":"https:\/\/www.zunoticia.com\/noticias-de-hidalgo\/wp-json\/wp\/v2\/categories?post=464691"},{"taxonomy":"post_tag","embeddable":true,"href":"https:\/\/www.zunoticia.com\/noticias-de-hidalgo\/wp-json\/wp\/v2\/tags?post=464691"}],"curies":[{"name":"wp","href":"https:\/\/api.w.org\/{rel}","templated":true}]}}