{"id":464723,"date":"2023-01-19T20:33:51","date_gmt":"2023-01-20T02:33:51","guid":{"rendered":"https:\/\/www.zunoticia.com\/noticias-de-hidalgo\/?p=464723"},"modified":"2023-01-19T20:33:53","modified_gmt":"2023-01-20T02:33:53","slug":"imparte-semarnath-capacitacion-para-control-de-plaga-en-atitalaquia","status":"publish","type":"post","link":"https:\/\/www.zunoticia.com\/noticias-de-hidalgo\/2023\/01\/19\/imparte-semarnath-capacitacion-para-control-de-plaga-en-atitalaquia\/","title":{"rendered":"Imparte Semarnath capacitaci\u00f3n para control de plaga en Atitalaquia"},"content":{"rendered":"<aside class=\"mashsb-container mashsb-main mashsb-stretched\"><div class=\"mashsb-box\"><div class=\"mashsb-count mash-large\" style=\"float:left\"><div class=\"counts mashsbcount\">29<\/div><span class=\"mashsb-sharetext\">SHARES<\/span><\/div><div class=\"mashsb-buttons\"><a class=\"mashicon-facebook mash-large mash-center mashsb-noshadow\" href=\"https:\/\/www.facebook.com\/sharer.php?u=https%3A%2F%2Fwww.zunoticia.com%2Fnoticias-de-hidalgo%2F2023%2F01%2F19%2Fimparte-semarnath-capacitacion-para-control-de-plaga-en-atitalaquia%2F\" target=\"_top\" rel=\"nofollow\"><span class=\"icon\"><\/span><span class=\"text\">Share<\/span><\/a><a class=\"mashicon-twitter mash-large mash-center mashsb-noshadow\" href=\"https:\/\/twitter.com\/intent\/tweet?text=&amp;url=https:\/\/www.zunoticia.com\/noticias-de-hidalgo\/2023\/01\/19\/imparte-semarnath-capacitacion-para-control-de-plaga-en-atitalaquia\/\" target=\"_top\" rel=\"nofollow\"><span class=\"icon\"><\/span><span class=\"text\">Tweet<\/span><\/a><div class=\"onoffswitch2 mash-large mashsb-noshadow\" style=\"display:none\"><\/div><\/div>\n            <\/div>\n                <div style=\"clear:both\"><\/div><div class=\"mashsb-toggle-container\"><\/div><\/aside>\n            <!-- Share buttons by mashshare.net - Version: 4.0.47-->\n<ul class=\"wp-block-list\"><li><a><\/a>Uno de los objetivos es el de integrar un diagn\u00f3stico general de la problem\u00e1tica y sanear los \u00e1rboles plagados en los espacios p\u00fablicos<\/li><\/ul>\n\n\n\n<p><em>Por Redacci\u00f3n\/Zunoticia<\/em><\/p>\n\n\n\n<p><strong>Pachuca, Hgo.-<\/strong> Personal de la Secretar\u00eda de Medio Ambiente y Recursos Naturales de Hidalgo (Semarnath) imparti\u00f3 una capacitaci\u00f3n para el tratamiento y control de la plaga de heno motita en el municipio de Atitalaquia, en la cual participaron comisariados ejidales, regidores y delegados municipales, representantes del movimiento Alto a la Basura y funcionarios del ayuntamiento.<\/p>\n\n\n\n<p>Dicha capacitaci\u00f3n toma relevancia debido a que en esta temporada invernal la plaga de heno motita tiende a propagarse con mayor velocidad debido a la p\u00e9rdida de hojas del arbolado hospedante.<\/p>\n\n\n\n<p>En ese sentido, la Semarnath busca crear consciencia sobre la pronta detecci\u00f3n y tratamiento de esta plaga forestal que afecta principalmente a la regi\u00f3n del Valle del Mezquital y de Tula de Allende.<\/p>\n\n\n\n<figure class=\"wp-block-image size-large\"><img fetchpriority=\"high\" decoding=\"async\" width=\"1024\" height=\"576\" src=\"https:\/\/www.zunoticia.com\/noticias-de-hidalgo\/wp-content\/uploads\/2023\/01\/eZy-Watermark-19-01-2023-08-27-35p.m.-1024x576.jpg\" alt=\"\" class=\"wp-image-464714\" srcset=\"https:\/\/www.zunoticia.com\/noticias-de-hidalgo\/wp-content\/uploads\/2023\/01\/eZy-Watermark-19-01-2023-08-27-35p.m.-1024x576.jpg 1024w, https:\/\/www.zunoticia.com\/noticias-de-hidalgo\/wp-content\/uploads\/2023\/01\/eZy-Watermark-19-01-2023-08-27-35p.m.-300x169.jpg 300w, https:\/\/www.zunoticia.com\/noticias-de-hidalgo\/wp-content\/uploads\/2023\/01\/eZy-Watermark-19-01-2023-08-27-35p.m.-768x432.jpg 768w, https:\/\/www.zunoticia.com\/noticias-de-hidalgo\/wp-content\/uploads\/2023\/01\/eZy-Watermark-19-01-2023-08-27-35p.m..jpg 1280w\" sizes=\"(max-width: 1024px) 100vw, 1024px\" \/><\/figure>\n\n\n\n<p>As\u00ed mismo, al finalizar la capacitaci\u00f3n se acord\u00f3 que los delegados y comisariados ejidales detecten las \u00e1reas afectadas por la plaga heno motita y compartan la informaci\u00f3n con la directora de Ecolog\u00eda municipal de Atitalaquia para que a su vez se conformen brigadas comunitarias; lo anterior, con la finalidad de integrar un diagn\u00f3stico general de la problem\u00e1tica y sanear los \u00e1rboles plagados en los espacios p\u00fablicos.<\/p>\n\n\n\n<p>En tanto, en materia de educaci\u00f3n ambiental, tambi\u00e9n se acord\u00f3 impartir diversas pl\u00e1ticas en las escuelas para que la t\u00e9cnica de saneamiento forestal pueda ser replicada en el combate de la plaga de heno motita en los \u00e1rboles ubicados en terrenos particulares.<\/p>\n\n\n\n<p>Finalmente, la Semarnath mantiene una coordinaci\u00f3n directa con las dependencias de los tres \u00f3rdenes de gobierno para cuidar y proteger los recursos forestales de las distintas regiones del estado.<\/p>\n","protected":false},"excerpt":{"rendered":"<p>Uno de los objetivos es el de integrar un diagn\u00f3stico general de la problem\u00e1tica y sanear los \u00e1rboles plagados en los espacios p\u00fablicos Por Redacci\u00f3n\/Zunoticia Pachuca, Hgo.- Personal de la Secretar\u00eda de Medio Ambiente y Recursos Naturales de Hidalgo (Semarnath) imparti\u00f3 una capacitaci\u00f3n para el tratamiento y control de la plaga de heno motita en&hellip; <a class=\"more-link\" href=\"https:\/\/www.zunoticia.com\/noticias-de-hidalgo\/2023\/01\/19\/imparte-semarnath-capacitacion-para-control-de-plaga-en-atitalaquia\/\">Seguir leyendo <span class=\"screen-reader-text\">Imparte Semarnath capacitaci\u00f3n para control de plaga en Atitalaquia<\/span><\/a><\/p>\n","protected":false},"author":12,"featured_media":464713,"comment_status":"closed","ping_status":"open","sticky":false,"template":"","format":"standard","meta":{"rop_custom_images_group":[],"rop_custom_messages_group":[],"rop_publish_now":"initial","rop_publish_now_accounts":{"facebook_10159540855086992_322828327761733":""},"rop_publish_now_history":[],"rop_publish_now_status":"pending","footnotes":""},"categories":[208],"tags":[214],"class_list":["post-464723","post","type-post","status-publish","format-standard","has-post-thumbnail","hentry","category-estado","tag-estado","entry"],"_links":{"self":[{"href":"https:\/\/www.zunoticia.com\/noticias-de-hidalgo\/wp-json\/wp\/v2\/posts\/464723","targetHints":{"allow":["GET"]}}],"collection":[{"href":"https:\/\/www.zunoticia.com\/noticias-de-hidalgo\/wp-json\/wp\/v2\/posts"}],"about":[{"href":"https:\/\/www.zunoticia.com\/noticias-de-hidalgo\/wp-json\/wp\/v2\/types\/post"}],"author":[{"embeddable":true,"href":"https:\/\/www.zunoticia.com\/noticias-de-hidalgo\/wp-json\/wp\/v2\/users\/12"}],"replies":[{"embeddable":true,"href":"https:\/\/www.zunoticia.com\/noticias-de-hidalgo\/wp-json\/wp\/v2\/comments?post=464723"}],"version-history":[{"count":1,"href":"https:\/\/www.zunoticia.com\/noticias-de-hidalgo\/wp-json\/wp\/v2\/posts\/464723\/revisions"}],"predecessor-version":[{"id":464724,"href":"https:\/\/www.zunoticia.com\/noticias-de-hidalgo\/wp-json\/wp\/v2\/posts\/464723\/revisions\/464724"}],"wp:featuredmedia":[{"embeddable":true,"href":"https:\/\/www.zunoticia.com\/noticias-de-hidalgo\/wp-json\/wp\/v2\/media\/464713"}],"wp:attachment":[{"href":"https:\/\/www.zunoticia.com\/noticias-de-hidalgo\/wp-json\/wp\/v2\/media?parent=464723"}],"wp:term":[{"taxonomy":"category","embeddable":true,"href":"https:\/\/www.zunoticia.com\/noticias-de-hidalgo\/wp-json\/wp\/v2\/categories?post=464723"},{"taxonomy":"post_tag","embeddable":true,"href":"https:\/\/www.zunoticia.com\/noticias-de-hidalgo\/wp-json\/wp\/v2\/tags?post=464723"}],"curies":[{"name":"wp","href":"https:\/\/api.w.org\/{rel}","templated":true}]}}