{"id":464731,"date":"2023-01-19T21:53:19","date_gmt":"2023-01-20T03:53:19","guid":{"rendered":"https:\/\/www.zunoticia.com\/noticias-de-hidalgo\/?p=464731"},"modified":"2023-01-19T21:53:21","modified_gmt":"2023-01-20T03:53:21","slug":"espejeando-por-perseo-531","status":"publish","type":"post","link":"https:\/\/www.zunoticia.com\/noticias-de-hidalgo\/2023\/01\/19\/espejeando-por-perseo-531\/","title":{"rendered":"ESPEJEANDO por Perseo"},"content":{"rendered":"<aside class=\"mashsb-container mashsb-main mashsb-stretched\"><div class=\"mashsb-box\"><div class=\"mashsb-count mash-large\" style=\"float:left\"><div class=\"counts mashsbcount\">82<\/div><span class=\"mashsb-sharetext\">SHARES<\/span><\/div><div class=\"mashsb-buttons\"><a class=\"mashicon-facebook mash-large mash-center mashsb-noshadow\" href=\"https:\/\/www.facebook.com\/sharer.php?u=https%3A%2F%2Fwww.zunoticia.com%2Fnoticias-de-hidalgo%2F2023%2F01%2F19%2Fespejeando-por-perseo-531%2F\" target=\"_top\" rel=\"nofollow\"><span class=\"icon\"><\/span><span class=\"text\">Share<\/span><\/a><a class=\"mashicon-twitter mash-large mash-center mashsb-noshadow\" href=\"https:\/\/twitter.com\/intent\/tweet?text=&amp;url=https:\/\/www.zunoticia.com\/noticias-de-hidalgo\/2023\/01\/19\/espejeando-por-perseo-531\/\" target=\"_top\" rel=\"nofollow\"><span class=\"icon\"><\/span><span class=\"text\">Tweet<\/span><\/a><div class=\"onoffswitch2 mash-large mashsb-noshadow\" style=\"display:none\"><\/div><\/div>\n            <\/div>\n                <div style=\"clear:both\"><\/div><div class=\"mashsb-toggle-container\"><\/div><\/aside>\n            <!-- Share buttons by mashshare.net - Version: 4.0.47-->\n<p>\u2022 El gobernador, Julio Ram\u00f3n Menchaca Salazar, se reuni\u00f3 con Abraham Mendoza Zenteno, delegado de programas federales Bienestar, que por supuesto es importante porque si alguien cuenta con el ej\u00e9rcito de movilidad de los programas es el gobierno federal y el gobierno estatal, desde luego que fortalecer\u00e1 e implementar\u00e1 las tareas de apoyos a los menos privilegiados; la fortaleza se complementa en Bienestar para el pueblo, pues la pol\u00edtica federal y estatal ahora llevan voluntad para sacar adelante al estado.<\/p>\n\n\n\n<p>\u2022 Los dos hombres de gran calado en sensibilidad social y cercanos al presidente de M\u00e9xico, se les facilitar\u00e1 sin duda el avance de bienestar en la gente m\u00e1s vulnerable, conocen las regiones del estado, las deudas hist\u00f3ricas, saben perfectamente que el pueblo requiere de visiones cercanas para alcanzar a sentar las bases que requiere nuestro estado.<\/p>\n\n\n\n<p>\u2022\u2022 El Coordinador de la Zona VI Cemsad COBAEH, Profr. Nahum Ortega Camargo, Oriundo de Tlanchinol, es un hombre comprometido con la sociedad, por principios y convicci\u00f3n, el profesor que fue alcalde en papel, pero hurtado por las autoridades electorales de la \u00e9poca, coludidos con el entonces PRD, hoy le entregaron una encomienda en los municipios serranos,<\/p>\n\n\n\n<p>\u2022\u2022 Es un hombre preparado y comprometido, muy disciplinado, que est\u00e1 llamando la atenci\u00f3n en la sierra por el servicio que le est\u00e1 entregando a los planteles; docentes y alumnado de un sector olvidado en los municipios de la sierra alta que conforman el sector.<\/p>\n\n\n\n<p>\u2022\u2022\u2022 El Secretario General de la Uni\u00f3n de Comerciantes, Locatarios y Ambulantes (UCLA)&nbsp; Jorge Lara, arregl\u00f3 las diferencias con el grupo disidente con una llamada de gobernaci\u00f3n, quienes los recibir\u00e1n y habr\u00e1 mesa de trabajo y suelo parejo en una posible pr\u00f3xima convocatoria para elegir al pr\u00f3ximo secretario general, lo que parece un mejoral disuelto en agua para ganar tiempo.<\/p>\n\n\n\n<p>\u2022\u2022\u2022 La realidad es que el problema en las organizaciones del comercio es la implementaci\u00f3n de grupos de poder, que tienen lo econ\u00f3mico y lo pol\u00edtico de donde las ganancias han sido una historia com\u00fan.<\/p>\n\n\n\n<p>\u2022\u2022\u2022 La rentabilidad del voto electoral para ganar ayuntamientos, diputados locales y federales, est\u00e1 en que estos l\u00edderes se vuelvan intocables, tengan a merced del pol\u00edtico el voto que por supuesto los l\u00edderes siempre cobran; as\u00ed es tambi\u00e9n un cobro de piso por vender, usar las calles de todos los ciudadanos y generar econom\u00edas irregulares, que nadie cuantifica, ni ordena.<\/p>\n\n\n\n<p>\u2022\u2022\u2022 El terreno comercial es tierra de nadie, aqu\u00ed nadie se somete al orden, si ellos quieren acuerda sino se van en rebeld\u00eda de acuerdo con las conveniencias pol\u00edticas, pues siempre est\u00e1n dispuestos los l\u00edderes a llevar a su gente a alg\u00fan bando donde mejor les vaya.<\/p>\n\n\n\n<p>\u2022\u2022\u2022\u2022 Arreciaron en el pa\u00eds la operaci\u00f3n Corcholata -lo decimos con todo respeto- para los candidatos a la presidencia de M\u00e9xico para lo que todos han instalado estructura nacional para operar su imagen con el inter\u00e9s de que una vez que llegue la encuesta los conozcan bien los encuestados.<\/p>\n\n\n\n<p>\u2022\u2022\u2022\u2022 Es decir Claudia Sheinbaum y Marcelo Ebrard se despegaron en una pelea abierta y contundente, los bonos, por lo menos temporalmente, bajaron para Claudia tras&nbsp; haber mantenido una tendencia a la alta, la visita de los presidentes de USA y Canad\u00e1 fue factor que le dio espacio a Marcelo, mientras que a la regente de la Ciudad de M\u00e9xico se le vino el tema del metro en la que buscan justificar con hecho at\u00edpico, la dama es un factor importante en esta contienda y de inmediato regres\u00f3 a la pelea por mantenerse en la punta de la encuesta.<\/p>\n\n\n\n<figure class=\"wp-block-image size-large\"><img fetchpriority=\"high\" decoding=\"async\" width=\"1024\" height=\"847\" src=\"https:\/\/www.zunoticia.com\/noticias-de-hidalgo\/wp-content\/uploads\/2023\/01\/Imagen-de-WhatsApp-2023-01-19-a-las-21.11.03-1024x847.jpg\" alt=\"\" class=\"wp-image-464727\" srcset=\"https:\/\/www.zunoticia.com\/noticias-de-hidalgo\/wp-content\/uploads\/2023\/01\/Imagen-de-WhatsApp-2023-01-19-a-las-21.11.03-1024x847.jpg 1024w, https:\/\/www.zunoticia.com\/noticias-de-hidalgo\/wp-content\/uploads\/2023\/01\/Imagen-de-WhatsApp-2023-01-19-a-las-21.11.03-300x248.jpg 300w, https:\/\/www.zunoticia.com\/noticias-de-hidalgo\/wp-content\/uploads\/2023\/01\/Imagen-de-WhatsApp-2023-01-19-a-las-21.11.03-768x636.jpg 768w, https:\/\/www.zunoticia.com\/noticias-de-hidalgo\/wp-content\/uploads\/2023\/01\/Imagen-de-WhatsApp-2023-01-19-a-las-21.11.03.jpg 1334w\" sizes=\"(max-width: 1024px) 100vw, 1024px\" \/><\/figure>\n","protected":false},"excerpt":{"rendered":"<p>\u2022 El gobernador, Julio Ram\u00f3n Menchaca Salazar, se reuni\u00f3 con Abraham Mendoza Zenteno, delegado de programas federales Bienestar, que por supuesto es importante porque si alguien cuenta con el ej\u00e9rcito de movilidad de los programas es el gobierno federal y el gobierno estatal, desde luego que fortalecer\u00e1 e implementar\u00e1 las tareas de apoyos a los&hellip; <a class=\"more-link\" href=\"https:\/\/www.zunoticia.com\/noticias-de-hidalgo\/2023\/01\/19\/espejeando-por-perseo-531\/\">Seguir leyendo <span class=\"screen-reader-text\">ESPEJEANDO por Perseo<\/span><\/a><\/p>\n","protected":false},"author":12,"featured_media":464729,"comment_status":"closed","ping_status":"open","sticky":false,"template":"","format":"standard","meta":{"rop_custom_images_group":[],"rop_custom_messages_group":[],"rop_publish_now":"initial","rop_publish_now_accounts":{"facebook_10159540855086992_322828327761733":""},"rop_publish_now_history":[],"rop_publish_now_status":"pending","footnotes":""},"categories":[176],"tags":[205],"class_list":["post-464731","post","type-post","status-publish","format-standard","has-post-thumbnail","hentry","category-espejeando","tag-espejeando","entry"],"_links":{"self":[{"href":"https:\/\/www.zunoticia.com\/noticias-de-hidalgo\/wp-json\/wp\/v2\/posts\/464731","targetHints":{"allow":["GET"]}}],"collection":[{"href":"https:\/\/www.zunoticia.com\/noticias-de-hidalgo\/wp-json\/wp\/v2\/posts"}],"about":[{"href":"https:\/\/www.zunoticia.com\/noticias-de-hidalgo\/wp-json\/wp\/v2\/types\/post"}],"author":[{"embeddable":true,"href":"https:\/\/www.zunoticia.com\/noticias-de-hidalgo\/wp-json\/wp\/v2\/users\/12"}],"replies":[{"embeddable":true,"href":"https:\/\/www.zunoticia.com\/noticias-de-hidalgo\/wp-json\/wp\/v2\/comments?post=464731"}],"version-history":[{"count":1,"href":"https:\/\/www.zunoticia.com\/noticias-de-hidalgo\/wp-json\/wp\/v2\/posts\/464731\/revisions"}],"predecessor-version":[{"id":464732,"href":"https:\/\/www.zunoticia.com\/noticias-de-hidalgo\/wp-json\/wp\/v2\/posts\/464731\/revisions\/464732"}],"wp:featuredmedia":[{"embeddable":true,"href":"https:\/\/www.zunoticia.com\/noticias-de-hidalgo\/wp-json\/wp\/v2\/media\/464729"}],"wp:attachment":[{"href":"https:\/\/www.zunoticia.com\/noticias-de-hidalgo\/wp-json\/wp\/v2\/media?parent=464731"}],"wp:term":[{"taxonomy":"category","embeddable":true,"href":"https:\/\/www.zunoticia.com\/noticias-de-hidalgo\/wp-json\/wp\/v2\/categories?post=464731"},{"taxonomy":"post_tag","embeddable":true,"href":"https:\/\/www.zunoticia.com\/noticias-de-hidalgo\/wp-json\/wp\/v2\/tags?post=464731"}],"curies":[{"name":"wp","href":"https:\/\/api.w.org\/{rel}","templated":true}]}}