{"id":464734,"date":"2023-01-19T22:40:08","date_gmt":"2023-01-20T04:40:08","guid":{"rendered":"https:\/\/www.zunoticia.com\/noticias-de-hidalgo\/?p=464734"},"modified":"2023-01-19T22:40:10","modified_gmt":"2023-01-20T04:40:10","slug":"herido-en-aparatoso-choque-2","status":"publish","type":"post","link":"https:\/\/www.zunoticia.com\/noticias-de-hidalgo\/2023\/01\/19\/herido-en-aparatoso-choque-2\/","title":{"rendered":"Herido en aparatoso choque"},"content":{"rendered":"<aside class=\"mashsb-container mashsb-main mashsb-stretched\"><div class=\"mashsb-box\"><div class=\"mashsb-count mash-large\" style=\"float:left\"><div class=\"counts mashsbcount\">41<\/div><span class=\"mashsb-sharetext\">SHARES<\/span><\/div><div class=\"mashsb-buttons\"><a class=\"mashicon-facebook mash-large mash-center mashsb-noshadow\" href=\"https:\/\/www.facebook.com\/sharer.php?u=https%3A%2F%2Fwww.zunoticia.com%2Fnoticias-de-hidalgo%2F2023%2F01%2F19%2Fherido-en-aparatoso-choque-2%2F\" target=\"_top\" rel=\"nofollow\"><span class=\"icon\"><\/span><span class=\"text\">Share<\/span><\/a><a class=\"mashicon-twitter mash-large mash-center mashsb-noshadow\" href=\"https:\/\/twitter.com\/intent\/tweet?text=&amp;url=https:\/\/www.zunoticia.com\/noticias-de-hidalgo\/2023\/01\/19\/herido-en-aparatoso-choque-2\/\" target=\"_top\" rel=\"nofollow\"><span class=\"icon\"><\/span><span class=\"text\">Tweet<\/span><\/a><div class=\"onoffswitch2 mash-large mashsb-noshadow\" style=\"display:none\"><\/div><\/div>\n            <\/div>\n                <div style=\"clear:both\"><\/div><div class=\"mashsb-toggle-container\"><\/div><\/aside>\n            <!-- Share buttons by mashshare.net - Version: 4.0.47-->\n<p><em>Por Redacci\u00f3n\/Zunoticia<\/em><\/p>\n\n\n\n<p><strong>Huejutla, Hgo.-<\/strong> Param\u00e9dicos de la Cruz Roja Mexicana le brindaron el auxilio a una menor de edad que result\u00f3 con una probable fractura tras ser arrollado por el conductor de una combi cuando viajaba a bordo de su motocicleta en compa\u00f1\u00eda de otro joven.<\/p>\n\n\n\n<figure class=\"wp-block-image size-large\"><img fetchpriority=\"high\" decoding=\"async\" width=\"1024\" height=\"768\" src=\"https:\/\/www.zunoticia.com\/noticias-de-hidalgo\/wp-content\/uploads\/2023\/01\/Imagen-de-WhatsApp-2023-01-19-a-las-22.24.33-1024x768.jpg\" alt=\"\" class=\"wp-image-464738\" srcset=\"https:\/\/www.zunoticia.com\/noticias-de-hidalgo\/wp-content\/uploads\/2023\/01\/Imagen-de-WhatsApp-2023-01-19-a-las-22.24.33-1024x768.jpg 1024w, https:\/\/www.zunoticia.com\/noticias-de-hidalgo\/wp-content\/uploads\/2023\/01\/Imagen-de-WhatsApp-2023-01-19-a-las-22.24.33-300x225.jpg 300w, https:\/\/www.zunoticia.com\/noticias-de-hidalgo\/wp-content\/uploads\/2023\/01\/Imagen-de-WhatsApp-2023-01-19-a-las-22.24.33-768x576.jpg 768w, https:\/\/www.zunoticia.com\/noticias-de-hidalgo\/wp-content\/uploads\/2023\/01\/Imagen-de-WhatsApp-2023-01-19-a-las-22.24.33.jpg 1080w\" sizes=\"(max-width: 1024px) 100vw, 1024px\" \/><\/figure>\n\n\n\n<p>Los hechos ocurrieron durante el transcurso de la noche del jueves cuando param\u00e9dicos de la Cruz roja y elementos de Seguridad P\u00fablica se movilizaron al ser reportado un fuerte choque entre un veh\u00edculo del servicio p\u00fablico de la ruta Otates contra una pareja de j\u00f3venes motociclistas, donde uno de ellos result\u00f3 con una probable fractura en su extremidad inferior.<\/p>\n\n\n\n<figure class=\"wp-block-image size-large\"><img decoding=\"async\" width=\"1024\" height=\"768\" src=\"https:\/\/www.zunoticia.com\/noticias-de-hidalgo\/wp-content\/uploads\/2023\/01\/Imagen-de-WhatsApp-2023-01-19-a-las-22.24.342-1024x768.jpg\" alt=\"\" class=\"wp-image-464737\" srcset=\"https:\/\/www.zunoticia.com\/noticias-de-hidalgo\/wp-content\/uploads\/2023\/01\/Imagen-de-WhatsApp-2023-01-19-a-las-22.24.342-1024x768.jpg 1024w, https:\/\/www.zunoticia.com\/noticias-de-hidalgo\/wp-content\/uploads\/2023\/01\/Imagen-de-WhatsApp-2023-01-19-a-las-22.24.342-300x225.jpg 300w, https:\/\/www.zunoticia.com\/noticias-de-hidalgo\/wp-content\/uploads\/2023\/01\/Imagen-de-WhatsApp-2023-01-19-a-las-22.24.342-768x576.jpg 768w, https:\/\/www.zunoticia.com\/noticias-de-hidalgo\/wp-content\/uploads\/2023\/01\/Imagen-de-WhatsApp-2023-01-19-a-las-22.24.342.jpg 1080w\" sizes=\"(max-width: 1024px) 100vw, 1024px\" \/><\/figure>\n\n\n\n<p>El herido identificado como J.C. de 17 a\u00f1os, con domicilio en la colonia Valle del encinal, fue trasladado a bordo de la ambulancia a una cl\u00ednica particular para recibir atenci\u00f3n m\u00e9dica correspondiente, as\u00ed mismo el tripulante de la combi fue detenido por las autoridades polic\u00edacas mientras deslindan responsabilidades, de igual forma, los veh\u00edculos fueron remolcados al corral\u00f3n al contar con serios da\u00f1os materiales.<\/p>\n\n\n\n<figure class=\"wp-block-image size-large\"><img decoding=\"async\" width=\"1024\" height=\"768\" src=\"https:\/\/www.zunoticia.com\/noticias-de-hidalgo\/wp-content\/uploads\/2023\/01\/Imagen-de-WhatsApp-2023-01-19-a-las-22.24.34-1024x768.jpg\" alt=\"\" class=\"wp-image-464735\" srcset=\"https:\/\/www.zunoticia.com\/noticias-de-hidalgo\/wp-content\/uploads\/2023\/01\/Imagen-de-WhatsApp-2023-01-19-a-las-22.24.34-1024x768.jpg 1024w, https:\/\/www.zunoticia.com\/noticias-de-hidalgo\/wp-content\/uploads\/2023\/01\/Imagen-de-WhatsApp-2023-01-19-a-las-22.24.34-300x225.jpg 300w, https:\/\/www.zunoticia.com\/noticias-de-hidalgo\/wp-content\/uploads\/2023\/01\/Imagen-de-WhatsApp-2023-01-19-a-las-22.24.34-768x576.jpg 768w, https:\/\/www.zunoticia.com\/noticias-de-hidalgo\/wp-content\/uploads\/2023\/01\/Imagen-de-WhatsApp-2023-01-19-a-las-22.24.34.jpg 1080w\" sizes=\"(max-width: 1024px) 100vw, 1024px\" \/><\/figure>\n","protected":false},"excerpt":{"rendered":"<p>Por Redacci\u00f3n\/Zunoticia Huejutla, Hgo.- Param\u00e9dicos de la Cruz Roja Mexicana le brindaron el auxilio a una menor de edad que result\u00f3 con una probable fractura tras ser arrollado por el conductor de una combi cuando viajaba a bordo de su motocicleta en compa\u00f1\u00eda de otro joven. Los hechos ocurrieron durante el transcurso de la noche&hellip; <a class=\"more-link\" href=\"https:\/\/www.zunoticia.com\/noticias-de-hidalgo\/2023\/01\/19\/herido-en-aparatoso-choque-2\/\">Seguir leyendo <span class=\"screen-reader-text\">Herido en aparatoso choque<\/span><\/a><\/p>\n","protected":false},"author":12,"featured_media":464736,"comment_status":"closed","ping_status":"open","sticky":false,"template":"","format":"standard","meta":{"rop_custom_images_group":[],"rop_custom_messages_group":[],"rop_publish_now":"initial","rop_publish_now_accounts":{"facebook_10159540855086992_322828327761733":""},"rop_publish_now_history":[],"rop_publish_now_status":"pending","footnotes":""},"categories":[178],"tags":[259],"class_list":["post-464734","post","type-post","status-publish","format-standard","has-post-thumbnail","hentry","category-policiaca","tag-policiaca","entry"],"_links":{"self":[{"href":"https:\/\/www.zunoticia.com\/noticias-de-hidalgo\/wp-json\/wp\/v2\/posts\/464734","targetHints":{"allow":["GET"]}}],"collection":[{"href":"https:\/\/www.zunoticia.com\/noticias-de-hidalgo\/wp-json\/wp\/v2\/posts"}],"about":[{"href":"https:\/\/www.zunoticia.com\/noticias-de-hidalgo\/wp-json\/wp\/v2\/types\/post"}],"author":[{"embeddable":true,"href":"https:\/\/www.zunoticia.com\/noticias-de-hidalgo\/wp-json\/wp\/v2\/users\/12"}],"replies":[{"embeddable":true,"href":"https:\/\/www.zunoticia.com\/noticias-de-hidalgo\/wp-json\/wp\/v2\/comments?post=464734"}],"version-history":[{"count":1,"href":"https:\/\/www.zunoticia.com\/noticias-de-hidalgo\/wp-json\/wp\/v2\/posts\/464734\/revisions"}],"predecessor-version":[{"id":464739,"href":"https:\/\/www.zunoticia.com\/noticias-de-hidalgo\/wp-json\/wp\/v2\/posts\/464734\/revisions\/464739"}],"wp:featuredmedia":[{"embeddable":true,"href":"https:\/\/www.zunoticia.com\/noticias-de-hidalgo\/wp-json\/wp\/v2\/media\/464736"}],"wp:attachment":[{"href":"https:\/\/www.zunoticia.com\/noticias-de-hidalgo\/wp-json\/wp\/v2\/media?parent=464734"}],"wp:term":[{"taxonomy":"category","embeddable":true,"href":"https:\/\/www.zunoticia.com\/noticias-de-hidalgo\/wp-json\/wp\/v2\/categories?post=464734"},{"taxonomy":"post_tag","embeddable":true,"href":"https:\/\/www.zunoticia.com\/noticias-de-hidalgo\/wp-json\/wp\/v2\/tags?post=464734"}],"curies":[{"name":"wp","href":"https:\/\/api.w.org\/{rel}","templated":true}]}}