{"id":464952,"date":"2023-01-21T15:40:48","date_gmt":"2023-01-21T21:40:48","guid":{"rendered":"https:\/\/www.zunoticia.com\/noticias-de-hidalgo\/?p=464952"},"modified":"2023-01-21T15:40:50","modified_gmt":"2023-01-21T21:40:50","slug":"concluyo-en-diocesis-la-semana-de-formacion","status":"publish","type":"post","link":"https:\/\/www.zunoticia.com\/noticias-de-hidalgo\/2023\/01\/21\/concluyo-en-diocesis-la-semana-de-formacion\/","title":{"rendered":"Concluy\u00f3 en Di\u00f3cesis la Semana de Formaci\u00f3n"},"content":{"rendered":"<aside class=\"mashsb-container mashsb-main mashsb-stretched\"><div class=\"mashsb-box\"><div class=\"mashsb-count mash-large\" style=\"float:left\"><div class=\"counts mashsbcount\">38<\/div><span class=\"mashsb-sharetext\">SHARES<\/span><\/div><div class=\"mashsb-buttons\"><a class=\"mashicon-facebook mash-large mash-center mashsb-noshadow\" href=\"https:\/\/www.facebook.com\/sharer.php?u=https%3A%2F%2Fwww.zunoticia.com%2Fnoticias-de-hidalgo%2F2023%2F01%2F21%2Fconcluyo-en-diocesis-la-semana-de-formacion%2F\" target=\"_top\" rel=\"nofollow\"><span class=\"icon\"><\/span><span class=\"text\">Share<\/span><\/a><a class=\"mashicon-twitter mash-large mash-center mashsb-noshadow\" href=\"https:\/\/twitter.com\/intent\/tweet?text=&amp;url=https:\/\/www.zunoticia.com\/noticias-de-hidalgo\/2023\/01\/21\/concluyo-en-diocesis-la-semana-de-formacion\/\" target=\"_top\" rel=\"nofollow\"><span class=\"icon\"><\/span><span class=\"text\">Tweet<\/span><\/a><div class=\"onoffswitch2 mash-large mashsb-noshadow\" style=\"display:none\"><\/div><\/div>\n            <\/div>\n                <div style=\"clear:both\"><\/div><div class=\"mashsb-toggle-container\"><\/div><\/aside>\n            <!-- Share buttons by mashshare.net - Version: 4.0.47-->\n<p><em>Por Enedino Hern\u00e1ndez\/Zunoticia<\/em><\/p>\n\n\n\n<p><strong>Huejutla, Hgo. &#8211;<\/strong> Fue durante este fin de semana cuando concluy\u00f3 en la Di\u00f3cesis de Huejutla de Reyes, la Semana de Formaci\u00f3n Permanente del Clero Diocesano.<\/p>\n\n\n\n<p>En su momento, el Obispo de la Di\u00f3cesis de Huejutla de Reyes, Jos\u00e9 Hir\u00e1is Acosta Beltr\u00e1n, confirm\u00f3 que fueron m\u00e1s de 90 sacerdotes de las diferentes parroquias, quienes participaron en la Semana de Formaci\u00f3n Permanente.<\/p>\n\n\n\n<figure class=\"wp-block-image size-full\"><img fetchpriority=\"high\" decoding=\"async\" width=\"400\" height=\"225\" src=\"https:\/\/www.zunoticia.com\/noticias-de-hidalgo\/wp-content\/uploads\/2023\/01\/WhatsApp-Image-2023-01-21-at-3.30.02-PM.jpeg\" alt=\"\" class=\"wp-image-464955\" srcset=\"https:\/\/www.zunoticia.com\/noticias-de-hidalgo\/wp-content\/uploads\/2023\/01\/WhatsApp-Image-2023-01-21-at-3.30.02-PM.jpeg 400w, https:\/\/www.zunoticia.com\/noticias-de-hidalgo\/wp-content\/uploads\/2023\/01\/WhatsApp-Image-2023-01-21-at-3.30.02-PM-300x169.jpeg 300w\" sizes=\"(max-width: 400px) 100vw, 400px\" \/><\/figure>\n\n\n\n<p>&#8220;Damos gracias a Dios por esta semana de estudio de los sacerdotes de nuestro Presbiterio Diocesano de Huejutla, que una vez m\u00e1s culminan en la estancia en el coraz\u00f3n de la Di\u00f3cesis&#8221; se\u00f1al\u00f3.<\/p>\n\n\n\n<p>La Semana de Formaci\u00f3n Permanente del Clero Diocesano se llev\u00f3 a cabo del 16 al 20 de enero en Tlanchinol, con el objetivo de profundizar en la identidad sacerdotal en el aspecto vocacional, pues a este A\u00f1o Jubilar del 2023 tambi\u00e9n se le conoce como \u201cA\u00f1o Vocacional\u201d.<\/p>\n\n\n\n<figure class=\"wp-block-image size-large\"><img decoding=\"async\" width=\"1024\" height=\"771\" src=\"https:\/\/www.zunoticia.com\/noticias-de-hidalgo\/wp-content\/uploads\/2023\/01\/WhatsApp-Image-2023-01-21-at-3.30.02-PM-2-1024x771.jpeg\" alt=\"\" class=\"wp-image-464954\" srcset=\"https:\/\/www.zunoticia.com\/noticias-de-hidalgo\/wp-content\/uploads\/2023\/01\/WhatsApp-Image-2023-01-21-at-3.30.02-PM-2-1024x771.jpeg 1024w, https:\/\/www.zunoticia.com\/noticias-de-hidalgo\/wp-content\/uploads\/2023\/01\/WhatsApp-Image-2023-01-21-at-3.30.02-PM-2-300x226.jpeg 300w, https:\/\/www.zunoticia.com\/noticias-de-hidalgo\/wp-content\/uploads\/2023\/01\/WhatsApp-Image-2023-01-21-at-3.30.02-PM-2-768x578.jpeg 768w, https:\/\/www.zunoticia.com\/noticias-de-hidalgo\/wp-content\/uploads\/2023\/01\/WhatsApp-Image-2023-01-21-at-3.30.02-PM-2-1536x1156.jpeg 1536w, https:\/\/www.zunoticia.com\/noticias-de-hidalgo\/wp-content\/uploads\/2023\/01\/WhatsApp-Image-2023-01-21-at-3.30.02-PM-2-1568x1180.jpeg 1568w, https:\/\/www.zunoticia.com\/noticias-de-hidalgo\/wp-content\/uploads\/2023\/01\/WhatsApp-Image-2023-01-21-at-3.30.02-PM-2.jpeg 1600w\" sizes=\"(max-width: 1024px) 100vw, 1024px\" \/><\/figure>\n\n\n\n<p>Se profundiz\u00f3 en el aspecto vocacional que es la dimensi\u00f3n de la formaci\u00f3n, pues se debe de ir intensificando todo y con ello fortalecer la identidad sacerdotal.<\/p>\n","protected":false},"excerpt":{"rendered":"<p>Por Enedino Hern\u00e1ndez\/Zunoticia Huejutla, Hgo. &#8211; Fue durante este fin de semana cuando concluy\u00f3 en la Di\u00f3cesis de Huejutla de Reyes, la Semana de Formaci\u00f3n Permanente del Clero Diocesano. En su momento, el Obispo de la Di\u00f3cesis de Huejutla de Reyes, Jos\u00e9 Hir\u00e1is Acosta Beltr\u00e1n, confirm\u00f3 que fueron m\u00e1s de 90 sacerdotes de las diferentes&hellip; <a class=\"more-link\" href=\"https:\/\/www.zunoticia.com\/noticias-de-hidalgo\/2023\/01\/21\/concluyo-en-diocesis-la-semana-de-formacion\/\">Seguir leyendo <span class=\"screen-reader-text\">Concluy\u00f3 en Di\u00f3cesis la Semana de Formaci\u00f3n<\/span><\/a><\/p>\n","protected":false},"author":12,"featured_media":464953,"comment_status":"closed","ping_status":"open","sticky":false,"template":"","format":"standard","meta":{"rop_custom_images_group":[],"rop_custom_messages_group":[],"rop_publish_now":"initial","rop_publish_now_accounts":{"facebook_10159540855086992_322828327761733":""},"rop_publish_now_history":[],"rop_publish_now_status":"pending","footnotes":""},"categories":[181],"tags":[121],"class_list":["post-464952","post","type-post","status-publish","format-standard","has-post-thumbnail","hentry","category-huejutla","tag-huejutla","entry"],"_links":{"self":[{"href":"https:\/\/www.zunoticia.com\/noticias-de-hidalgo\/wp-json\/wp\/v2\/posts\/464952","targetHints":{"allow":["GET"]}}],"collection":[{"href":"https:\/\/www.zunoticia.com\/noticias-de-hidalgo\/wp-json\/wp\/v2\/posts"}],"about":[{"href":"https:\/\/www.zunoticia.com\/noticias-de-hidalgo\/wp-json\/wp\/v2\/types\/post"}],"author":[{"embeddable":true,"href":"https:\/\/www.zunoticia.com\/noticias-de-hidalgo\/wp-json\/wp\/v2\/users\/12"}],"replies":[{"embeddable":true,"href":"https:\/\/www.zunoticia.com\/noticias-de-hidalgo\/wp-json\/wp\/v2\/comments?post=464952"}],"version-history":[{"count":1,"href":"https:\/\/www.zunoticia.com\/noticias-de-hidalgo\/wp-json\/wp\/v2\/posts\/464952\/revisions"}],"predecessor-version":[{"id":464956,"href":"https:\/\/www.zunoticia.com\/noticias-de-hidalgo\/wp-json\/wp\/v2\/posts\/464952\/revisions\/464956"}],"wp:featuredmedia":[{"embeddable":true,"href":"https:\/\/www.zunoticia.com\/noticias-de-hidalgo\/wp-json\/wp\/v2\/media\/464953"}],"wp:attachment":[{"href":"https:\/\/www.zunoticia.com\/noticias-de-hidalgo\/wp-json\/wp\/v2\/media?parent=464952"}],"wp:term":[{"taxonomy":"category","embeddable":true,"href":"https:\/\/www.zunoticia.com\/noticias-de-hidalgo\/wp-json\/wp\/v2\/categories?post=464952"},{"taxonomy":"post_tag","embeddable":true,"href":"https:\/\/www.zunoticia.com\/noticias-de-hidalgo\/wp-json\/wp\/v2\/tags?post=464952"}],"curies":[{"name":"wp","href":"https:\/\/api.w.org\/{rel}","templated":true}]}}