{"id":464958,"date":"2023-01-21T17:44:44","date_gmt":"2023-01-21T23:44:44","guid":{"rendered":"https:\/\/www.zunoticia.com\/noticias-de-hidalgo\/?p=464958"},"modified":"2023-01-21T17:44:46","modified_gmt":"2023-01-21T23:44:46","slug":"cancelaron-toma-de-protesta-de-delegados","status":"publish","type":"post","link":"https:\/\/www.zunoticia.com\/noticias-de-hidalgo\/2023\/01\/21\/cancelaron-toma-de-protesta-de-delegados\/","title":{"rendered":"Cancelaron toma de protesta de delegados"},"content":{"rendered":"<aside class=\"mashsb-container mashsb-main mashsb-stretched\"><div class=\"mashsb-box\"><div class=\"mashsb-count mash-large\" style=\"float:left\"><div class=\"counts mashsbcount\">0<\/div><span class=\"mashsb-sharetext\">SHARES<\/span><\/div><div class=\"mashsb-buttons\"><a class=\"mashicon-facebook mash-large mash-center mashsb-noshadow\" href=\"https:\/\/www.facebook.com\/sharer.php?u=https%3A%2F%2Fwww.zunoticia.com%2Fnoticias-de-hidalgo%2F2023%2F01%2F21%2Fcancelaron-toma-de-protesta-de-delegados%2F\" target=\"_top\" rel=\"nofollow\"><span class=\"icon\"><\/span><span class=\"text\">Share<\/span><\/a><a class=\"mashicon-twitter mash-large mash-center mashsb-noshadow\" href=\"https:\/\/twitter.com\/intent\/tweet?text=&amp;url=https:\/\/www.zunoticia.com\/noticias-de-hidalgo\/2023\/01\/21\/cancelaron-toma-de-protesta-de-delegados\/\" target=\"_top\" rel=\"nofollow\"><span class=\"icon\"><\/span><span class=\"text\">Tweet<\/span><\/a><div class=\"onoffswitch2 mash-large mashsb-noshadow\" style=\"display:none\"><\/div><\/div>\n            <\/div>\n                <div style=\"clear:both\"><\/div><div class=\"mashsb-toggle-container\"><\/div><\/aside>\n            <!-- Share buttons by mashshare.net - Version: 4.0.47-->\n<p><em>Por Roberto Meza\/Zunoticia<\/em><\/p>\n\n\n\n<p><strong>Yahualica, Hgo. &#8211; <\/strong>Este s\u00e1bado fue cancelada la toma de protesta de los nuevos delegados, por lo que ser\u00e1 en los pr\u00f3ximos d\u00edas cuando se reprograme esta actividad a fin de darle legalidad a las nuevas autoridades de las comunidades y de la cabecera municipal.<\/p>\n\n\n\n<p>La actividad se ten\u00eda programada para las 11:00 de la ma\u00f1ana de este s\u00e1bado, pero de \u00faltimo momento se cancel\u00f3 la reuni\u00f3n; cabe hacer menci\u00f3n que con esta es la segunda ocasi\u00f3n que posponen la toma de protesta de los nuevos delegados, ya que inicialmente se ten\u00eda prevista para el viernes, luego la programaron para el s\u00e1bado y nuevamente se cancel\u00f3.<\/p>\n\n\n\n<p>Ser\u00e1 la pr\u00f3xima semana cuando nuevamente se habr\u00e1 de citar a los delegados electos de las 32 comunidades y de la cabecera municipal, para que el edil Sen\u00f3n Navarro les tome la protesta de ley, en donde adem\u00e1s estar\u00e1n autoridades municipales y del gobierno del estado.<\/p>\n","protected":false},"excerpt":{"rendered":"<p>Por Roberto Meza\/Zunoticia Yahualica, Hgo. &#8211; Este s\u00e1bado fue cancelada la toma de protesta de los nuevos delegados, por lo que ser\u00e1 en los pr\u00f3ximos d\u00edas cuando se reprograme esta actividad a fin de darle legalidad a las nuevas autoridades de las comunidades y de la cabecera municipal. La actividad se ten\u00eda programada para las&hellip; <a class=\"more-link\" href=\"https:\/\/www.zunoticia.com\/noticias-de-hidalgo\/2023\/01\/21\/cancelaron-toma-de-protesta-de-delegados\/\">Seguir leyendo <span class=\"screen-reader-text\">Cancelaron toma de protesta de delegados<\/span><\/a><\/p>\n","protected":false},"author":12,"featured_media":464959,"comment_status":"closed","ping_status":"open","sticky":false,"template":"","format":"standard","meta":{"rop_custom_images_group":[],"rop_custom_messages_group":[],"rop_publish_now":"initial","rop_publish_now_accounts":{"facebook_10159540855086992_322828327761733":""},"rop_publish_now_history":[],"rop_publish_now_status":"pending","footnotes":""},"categories":[179,203],"tags":[123],"class_list":["post-464958","post","type-post","status-publish","format-standard","has-post-thumbnail","hentry","category-huasteca","category-yahualica","tag-yahualica","entry"],"_links":{"self":[{"href":"https:\/\/www.zunoticia.com\/noticias-de-hidalgo\/wp-json\/wp\/v2\/posts\/464958","targetHints":{"allow":["GET"]}}],"collection":[{"href":"https:\/\/www.zunoticia.com\/noticias-de-hidalgo\/wp-json\/wp\/v2\/posts"}],"about":[{"href":"https:\/\/www.zunoticia.com\/noticias-de-hidalgo\/wp-json\/wp\/v2\/types\/post"}],"author":[{"embeddable":true,"href":"https:\/\/www.zunoticia.com\/noticias-de-hidalgo\/wp-json\/wp\/v2\/users\/12"}],"replies":[{"embeddable":true,"href":"https:\/\/www.zunoticia.com\/noticias-de-hidalgo\/wp-json\/wp\/v2\/comments?post=464958"}],"version-history":[{"count":1,"href":"https:\/\/www.zunoticia.com\/noticias-de-hidalgo\/wp-json\/wp\/v2\/posts\/464958\/revisions"}],"predecessor-version":[{"id":464960,"href":"https:\/\/www.zunoticia.com\/noticias-de-hidalgo\/wp-json\/wp\/v2\/posts\/464958\/revisions\/464960"}],"wp:featuredmedia":[{"embeddable":true,"href":"https:\/\/www.zunoticia.com\/noticias-de-hidalgo\/wp-json\/wp\/v2\/media\/464959"}],"wp:attachment":[{"href":"https:\/\/www.zunoticia.com\/noticias-de-hidalgo\/wp-json\/wp\/v2\/media?parent=464958"}],"wp:term":[{"taxonomy":"category","embeddable":true,"href":"https:\/\/www.zunoticia.com\/noticias-de-hidalgo\/wp-json\/wp\/v2\/categories?post=464958"},{"taxonomy":"post_tag","embeddable":true,"href":"https:\/\/www.zunoticia.com\/noticias-de-hidalgo\/wp-json\/wp\/v2\/tags?post=464958"}],"curies":[{"name":"wp","href":"https:\/\/api.w.org\/{rel}","templated":true}]}}