{"id":465022,"date":"2023-01-21T21:25:29","date_gmt":"2023-01-22T03:25:29","guid":{"rendered":"https:\/\/www.zunoticia.com\/noticias-de-hidalgo\/?p=465022"},"modified":"2023-01-21T21:25:31","modified_gmt":"2023-01-22T03:25:31","slug":"motocicleta-choco-contra-vehiculo","status":"publish","type":"post","link":"https:\/\/www.zunoticia.com\/noticias-de-hidalgo\/2023\/01\/21\/motocicleta-choco-contra-vehiculo\/","title":{"rendered":"Motocicleta choc\u00f3 contra veh\u00edculo"},"content":{"rendered":"<aside class=\"mashsb-container mashsb-main mashsb-stretched\"><div class=\"mashsb-box\"><div class=\"mashsb-count mash-large\" style=\"float:left\"><div class=\"counts mashsbcount\">13<\/div><span class=\"mashsb-sharetext\">SHARES<\/span><\/div><div class=\"mashsb-buttons\"><a class=\"mashicon-facebook mash-large mash-center mashsb-noshadow\" href=\"https:\/\/www.facebook.com\/sharer.php?u=https%3A%2F%2Fwww.zunoticia.com%2Fnoticias-de-hidalgo%2F2023%2F01%2F21%2Fmotocicleta-choco-contra-vehiculo%2F\" target=\"_top\" rel=\"nofollow\"><span class=\"icon\"><\/span><span class=\"text\">Share<\/span><\/a><a class=\"mashicon-twitter mash-large mash-center mashsb-noshadow\" href=\"https:\/\/twitter.com\/intent\/tweet?text=&amp;url=https:\/\/www.zunoticia.com\/noticias-de-hidalgo\/2023\/01\/21\/motocicleta-choco-contra-vehiculo\/\" target=\"_top\" rel=\"nofollow\"><span class=\"icon\"><\/span><span class=\"text\">Tweet<\/span><\/a><div class=\"onoffswitch2 mash-large mashsb-noshadow\" style=\"display:none\"><\/div><\/div>\n            <\/div>\n                <div style=\"clear:both\"><\/div><div class=\"mashsb-toggle-container\"><\/div><\/aside>\n            <!-- Share buttons by mashshare.net - Version: 4.0.47-->\n<p><em>Por Redacci\u00f3n\/Zunoticia<\/em><\/p>\n\n\n\n<p><strong>Tempoal, Ver.- <\/strong>Con golpes contusos y raspones en diversas partes del cuerpo, result\u00f3 el conductor de una motocicleta tras chocar contra un veh\u00edculo.<\/p>\n\n\n\n<p>Fuentes polic\u00edacas informaron que el incidente sucedi\u00f3&nbsp; en la avenida 5 de Mayo esquina con calle Rafael Plat\u00f3n S\u00e1nchez de la colonia La Brisa de esta ciudad, donde una unidad de dos ruedas de la marca Italika 125Z, que era conducida por Kari Gabriel, se impact\u00f3 contra un Stratus de color blanco, con placas de circulaci\u00f3n XUB-210-B del estado de Veracruz.<\/p>\n\n\n<div class=\"wp-block-image\">\n<figure class=\"alignright size-large\"><img fetchpriority=\"high\" decoding=\"async\" width=\"1024\" height=\"538\" src=\"https:\/\/www.zunoticia.com\/noticias-de-hidalgo\/wp-content\/uploads\/2023\/01\/Zu-Noticia-14-2-2-1024x538.jpg\" alt=\"\" class=\"wp-image-465024\" srcset=\"https:\/\/www.zunoticia.com\/noticias-de-hidalgo\/wp-content\/uploads\/2023\/01\/Zu-Noticia-14-2-2-1024x538.jpg 1024w, https:\/\/www.zunoticia.com\/noticias-de-hidalgo\/wp-content\/uploads\/2023\/01\/Zu-Noticia-14-2-2-300x158.jpg 300w, https:\/\/www.zunoticia.com\/noticias-de-hidalgo\/wp-content\/uploads\/2023\/01\/Zu-Noticia-14-2-2-768x403.jpg 768w, https:\/\/www.zunoticia.com\/noticias-de-hidalgo\/wp-content\/uploads\/2023\/01\/Zu-Noticia-14-2-2.jpg 1200w\" sizes=\"(max-width: 1024px) 100vw, 1024px\" \/><\/figure>\n<\/div>\n\n\n<p>De acuerdo a la versi\u00f3n de algunos testigos,&nbsp; presuntamente el veh\u00edculo se incorpor\u00f3 repentinamente a la avenida&nbsp; y esto ocasion\u00f3 que la motocicleta terminara estampada y el conductor cay\u00f3 sobre la cinta asf\u00e1ltica.<\/p>\n\n\n\n<p>De los hechos tomaron conocimiento efectivos de la polic\u00eda municipal, quienes dialogaron con los involucrados en el percance para&nbsp; que llegaran a un acuerdo para la reparaci\u00f3n de los da\u00f1os materiales.<\/p>\n","protected":false},"excerpt":{"rendered":"<p>Por Redacci\u00f3n\/Zunoticia Tempoal, Ver.- Con golpes contusos y raspones en diversas partes del cuerpo, result\u00f3 el conductor de una motocicleta tras chocar contra un veh\u00edculo. Fuentes polic\u00edacas informaron que el incidente sucedi\u00f3&nbsp; en la avenida 5 de Mayo esquina con calle Rafael Plat\u00f3n S\u00e1nchez de la colonia La Brisa de esta ciudad, donde una unidad&hellip; <a class=\"more-link\" href=\"https:\/\/www.zunoticia.com\/noticias-de-hidalgo\/2023\/01\/21\/motocicleta-choco-contra-vehiculo\/\">Seguir leyendo <span class=\"screen-reader-text\">Motocicleta choc\u00f3 contra veh\u00edculo<\/span><\/a><\/p>\n","protected":false},"author":12,"featured_media":465023,"comment_status":"closed","ping_status":"open","sticky":false,"template":"","format":"standard","meta":{"rop_custom_images_group":[],"rop_custom_messages_group":[],"rop_publish_now":"initial","rop_publish_now_accounts":{"facebook_10159540855086992_322828327761733":""},"rop_publish_now_history":[],"rop_publish_now_status":"pending","footnotes":""},"categories":[178],"tags":[259],"class_list":["post-465022","post","type-post","status-publish","format-standard","has-post-thumbnail","hentry","category-policiaca","tag-policiaca","entry"],"_links":{"self":[{"href":"https:\/\/www.zunoticia.com\/noticias-de-hidalgo\/wp-json\/wp\/v2\/posts\/465022","targetHints":{"allow":["GET"]}}],"collection":[{"href":"https:\/\/www.zunoticia.com\/noticias-de-hidalgo\/wp-json\/wp\/v2\/posts"}],"about":[{"href":"https:\/\/www.zunoticia.com\/noticias-de-hidalgo\/wp-json\/wp\/v2\/types\/post"}],"author":[{"embeddable":true,"href":"https:\/\/www.zunoticia.com\/noticias-de-hidalgo\/wp-json\/wp\/v2\/users\/12"}],"replies":[{"embeddable":true,"href":"https:\/\/www.zunoticia.com\/noticias-de-hidalgo\/wp-json\/wp\/v2\/comments?post=465022"}],"version-history":[{"count":1,"href":"https:\/\/www.zunoticia.com\/noticias-de-hidalgo\/wp-json\/wp\/v2\/posts\/465022\/revisions"}],"predecessor-version":[{"id":465025,"href":"https:\/\/www.zunoticia.com\/noticias-de-hidalgo\/wp-json\/wp\/v2\/posts\/465022\/revisions\/465025"}],"wp:featuredmedia":[{"embeddable":true,"href":"https:\/\/www.zunoticia.com\/noticias-de-hidalgo\/wp-json\/wp\/v2\/media\/465023"}],"wp:attachment":[{"href":"https:\/\/www.zunoticia.com\/noticias-de-hidalgo\/wp-json\/wp\/v2\/media?parent=465022"}],"wp:term":[{"taxonomy":"category","embeddable":true,"href":"https:\/\/www.zunoticia.com\/noticias-de-hidalgo\/wp-json\/wp\/v2\/categories?post=465022"},{"taxonomy":"post_tag","embeddable":true,"href":"https:\/\/www.zunoticia.com\/noticias-de-hidalgo\/wp-json\/wp\/v2\/tags?post=465022"}],"curies":[{"name":"wp","href":"https:\/\/api.w.org\/{rel}","templated":true}]}}