{"id":465026,"date":"2023-01-21T21:36:37","date_gmt":"2023-01-22T03:36:37","guid":{"rendered":"https:\/\/www.zunoticia.com\/noticias-de-hidalgo\/?p=465026"},"modified":"2023-01-21T21:36:38","modified_gmt":"2023-01-22T03:36:38","slug":"hombre-herido-en-salida-de-camino","status":"publish","type":"post","link":"https:\/\/www.zunoticia.com\/noticias-de-hidalgo\/2023\/01\/21\/hombre-herido-en-salida-de-camino\/","title":{"rendered":"Hombre herido en salida de camino"},"content":{"rendered":"<aside class=\"mashsb-container mashsb-main mashsb-stretched\"><div class=\"mashsb-box\"><div class=\"mashsb-count mash-large\" style=\"float:left\"><div class=\"counts mashsbcount\">31<\/div><span class=\"mashsb-sharetext\">SHARES<\/span><\/div><div class=\"mashsb-buttons\"><a class=\"mashicon-facebook mash-large mash-center mashsb-noshadow\" href=\"https:\/\/www.facebook.com\/sharer.php?u=https%3A%2F%2Fwww.zunoticia.com%2Fnoticias-de-hidalgo%2F2023%2F01%2F21%2Fhombre-herido-en-salida-de-camino%2F\" target=\"_top\" rel=\"nofollow\"><span class=\"icon\"><\/span><span class=\"text\">Share<\/span><\/a><a class=\"mashicon-twitter mash-large mash-center mashsb-noshadow\" href=\"https:\/\/twitter.com\/intent\/tweet?text=&amp;url=https:\/\/www.zunoticia.com\/noticias-de-hidalgo\/2023\/01\/21\/hombre-herido-en-salida-de-camino\/\" target=\"_top\" rel=\"nofollow\"><span class=\"icon\"><\/span><span class=\"text\">Tweet<\/span><\/a><div class=\"onoffswitch2 mash-large mashsb-noshadow\" style=\"display:none\"><\/div><\/div>\n            <\/div>\n                <div style=\"clear:both\"><\/div><div class=\"mashsb-toggle-container\"><\/div><\/aside>\n            <!-- Share buttons by mashshare.net - Version: 4.0.47-->\n<p><em>Por Redacci\u00f3n\/Zunoticia<\/em><\/p>\n\n\n\n<p><strong>Chalma, Ver.- <\/strong>Una persona lesionada y da\u00f1os materiales considerables, fue el saldo de una aparatosa salida de camino que se registr\u00f3 la tarde de este s\u00e1bado en la v\u00eda federal M\u00e9xico-Tampico.<\/p>\n\n\n<div class=\"wp-block-image\">\n<figure class=\"alignright size-large\"><img fetchpriority=\"high\" decoding=\"async\" width=\"1024\" height=\"538\" src=\"https:\/\/www.zunoticia.com\/noticias-de-hidalgo\/wp-content\/uploads\/2023\/01\/Zu-Noticia-Global-05-2-2-1024x538.jpg\" alt=\"\" class=\"wp-image-465028\" srcset=\"https:\/\/www.zunoticia.com\/noticias-de-hidalgo\/wp-content\/uploads\/2023\/01\/Zu-Noticia-Global-05-2-2-1024x538.jpg 1024w, https:\/\/www.zunoticia.com\/noticias-de-hidalgo\/wp-content\/uploads\/2023\/01\/Zu-Noticia-Global-05-2-2-300x158.jpg 300w, https:\/\/www.zunoticia.com\/noticias-de-hidalgo\/wp-content\/uploads\/2023\/01\/Zu-Noticia-Global-05-2-2-768x403.jpg 768w, https:\/\/www.zunoticia.com\/noticias-de-hidalgo\/wp-content\/uploads\/2023\/01\/Zu-Noticia-Global-05-2-2.jpg 1200w\" sizes=\"(max-width: 1024px) 100vw, 1024px\" \/><\/figure>\n<\/div>\n\n\n<p>El accidente de tr\u00e1nsito terrestre sucedi\u00f3 en el tramo de la carretera Huejutla-Chalma, donde una camioneta de color azul con negro de modelo atrasado, termin\u00f3 en la pared de un cerro, luego de que el conductor perdi\u00f3 el control del volante.<\/p>\n\n\n\n<p>Al sitio acudieron elementos de Seguridad P\u00fablica y cuerpos de emergencia quienes&nbsp; auxiliaron y trasladaron a la cl\u00ednica del ISSSTE de la ciudad de Huejutla, Hidalgo, al tripulante de la unidad motora quien dijo ser vecino de este municipio y que aparentemente se encontraba bajo los efectos de las bebidas embriagantes.<\/p>\n","protected":false},"excerpt":{"rendered":"<p>Por Redacci\u00f3n\/Zunoticia Chalma, Ver.- Una persona lesionada y da\u00f1os materiales considerables, fue el saldo de una aparatosa salida de camino que se registr\u00f3 la tarde de este s\u00e1bado en la v\u00eda federal M\u00e9xico-Tampico. El accidente de tr\u00e1nsito terrestre sucedi\u00f3 en el tramo de la carretera Huejutla-Chalma, donde una camioneta de color azul con negro de&hellip; <a class=\"more-link\" href=\"https:\/\/www.zunoticia.com\/noticias-de-hidalgo\/2023\/01\/21\/hombre-herido-en-salida-de-camino\/\">Seguir leyendo <span class=\"screen-reader-text\">Hombre herido en salida de camino<\/span><\/a><\/p>\n","protected":false},"author":12,"featured_media":465027,"comment_status":"closed","ping_status":"open","sticky":false,"template":"","format":"standard","meta":{"rop_custom_images_group":[],"rop_custom_messages_group":[],"rop_publish_now":"initial","rop_publish_now_accounts":{"facebook_10159540855086992_322828327761733":""},"rop_publish_now_history":[],"rop_publish_now_status":"pending","footnotes":""},"categories":[178],"tags":[259],"class_list":["post-465026","post","type-post","status-publish","format-standard","has-post-thumbnail","hentry","category-policiaca","tag-policiaca","entry"],"_links":{"self":[{"href":"https:\/\/www.zunoticia.com\/noticias-de-hidalgo\/wp-json\/wp\/v2\/posts\/465026","targetHints":{"allow":["GET"]}}],"collection":[{"href":"https:\/\/www.zunoticia.com\/noticias-de-hidalgo\/wp-json\/wp\/v2\/posts"}],"about":[{"href":"https:\/\/www.zunoticia.com\/noticias-de-hidalgo\/wp-json\/wp\/v2\/types\/post"}],"author":[{"embeddable":true,"href":"https:\/\/www.zunoticia.com\/noticias-de-hidalgo\/wp-json\/wp\/v2\/users\/12"}],"replies":[{"embeddable":true,"href":"https:\/\/www.zunoticia.com\/noticias-de-hidalgo\/wp-json\/wp\/v2\/comments?post=465026"}],"version-history":[{"count":1,"href":"https:\/\/www.zunoticia.com\/noticias-de-hidalgo\/wp-json\/wp\/v2\/posts\/465026\/revisions"}],"predecessor-version":[{"id":465029,"href":"https:\/\/www.zunoticia.com\/noticias-de-hidalgo\/wp-json\/wp\/v2\/posts\/465026\/revisions\/465029"}],"wp:featuredmedia":[{"embeddable":true,"href":"https:\/\/www.zunoticia.com\/noticias-de-hidalgo\/wp-json\/wp\/v2\/media\/465027"}],"wp:attachment":[{"href":"https:\/\/www.zunoticia.com\/noticias-de-hidalgo\/wp-json\/wp\/v2\/media?parent=465026"}],"wp:term":[{"taxonomy":"category","embeddable":true,"href":"https:\/\/www.zunoticia.com\/noticias-de-hidalgo\/wp-json\/wp\/v2\/categories?post=465026"},{"taxonomy":"post_tag","embeddable":true,"href":"https:\/\/www.zunoticia.com\/noticias-de-hidalgo\/wp-json\/wp\/v2\/tags?post=465026"}],"curies":[{"name":"wp","href":"https:\/\/api.w.org\/{rel}","templated":true}]}}