{"id":465033,"date":"2023-01-21T23:13:48","date_gmt":"2023-01-22T05:13:48","guid":{"rendered":"https:\/\/www.zunoticia.com\/noticias-de-hidalgo\/?p=465033"},"modified":"2023-01-21T23:13:50","modified_gmt":"2023-01-22T05:13:50","slug":"se-mantiene-jornada-de-tramites-de-actas-y-registro-de-nacimiento","status":"publish","type":"post","link":"https:\/\/www.zunoticia.com\/noticias-de-hidalgo\/2023\/01\/21\/se-mantiene-jornada-de-tramites-de-actas-y-registro-de-nacimiento\/","title":{"rendered":"Se mantiene Jornada de Tr\u00e1mites de Actas y Registro de Nacimiento"},"content":{"rendered":"<aside class=\"mashsb-container mashsb-main mashsb-stretched\"><div class=\"mashsb-box\"><div class=\"mashsb-count mash-large\" style=\"float:left\"><div class=\"counts mashsbcount\">40<\/div><span class=\"mashsb-sharetext\">SHARES<\/span><\/div><div class=\"mashsb-buttons\"><a class=\"mashicon-facebook mash-large mash-center mashsb-noshadow\" href=\"https:\/\/www.facebook.com\/sharer.php?u=https%3A%2F%2Fwww.zunoticia.com%2Fnoticias-de-hidalgo%2F2023%2F01%2F21%2Fse-mantiene-jornada-de-tramites-de-actas-y-registro-de-nacimiento%2F\" target=\"_top\" rel=\"nofollow\"><span class=\"icon\"><\/span><span class=\"text\">Share<\/span><\/a><a class=\"mashicon-twitter mash-large mash-center mashsb-noshadow\" href=\"https:\/\/twitter.com\/intent\/tweet?text=&amp;url=https:\/\/www.zunoticia.com\/noticias-de-hidalgo\/2023\/01\/21\/se-mantiene-jornada-de-tramites-de-actas-y-registro-de-nacimiento\/\" target=\"_top\" rel=\"nofollow\"><span class=\"icon\"><\/span><span class=\"text\">Tweet<\/span><\/a><div class=\"onoffswitch2 mash-large mashsb-noshadow\" style=\"display:none\"><\/div><\/div>\n            <\/div>\n                <div style=\"clear:both\"><\/div><div class=\"mashsb-toggle-container\"><\/div><\/aside>\n            <!-- Share buttons by mashshare.net - Version: 4.0.47-->\n<p><em>Mois\u00e9s Medrano \/ Zunoticia<\/em><\/p>\n\n\n\n<p><strong>Tlanchinol Hgo:- <\/strong>El Gobierno Municipal Tlanchinol 2020-2024, que preside&nbsp; Marcos Bautista Medina, a trav\u00e9s del \u00c1rea del Registro del Estado Familiar Municipal, contin\u00faan con la apertura de la Jornada de Tr\u00e1mites de actas y registros de nacimiento, denominada &#8220;EL REGISTRO CIVIL CERCA DE TI&#8221;.<\/p>\n\n\n<div class=\"wp-block-image\">\n<figure class=\"alignleft size-large\"><img fetchpriority=\"high\" decoding=\"async\" width=\"1024\" height=\"538\" src=\"https:\/\/www.zunoticia.com\/noticias-de-hidalgo\/wp-content\/uploads\/2023\/01\/Zu-Noticia-Global-07-2-5-1024x538.jpg\" alt=\"\" class=\"wp-image-465036\" srcset=\"https:\/\/www.zunoticia.com\/noticias-de-hidalgo\/wp-content\/uploads\/2023\/01\/Zu-Noticia-Global-07-2-5-1024x538.jpg 1024w, https:\/\/www.zunoticia.com\/noticias-de-hidalgo\/wp-content\/uploads\/2023\/01\/Zu-Noticia-Global-07-2-5-300x158.jpg 300w, https:\/\/www.zunoticia.com\/noticias-de-hidalgo\/wp-content\/uploads\/2023\/01\/Zu-Noticia-Global-07-2-5-768x403.jpg 768w, https:\/\/www.zunoticia.com\/noticias-de-hidalgo\/wp-content\/uploads\/2023\/01\/Zu-Noticia-Global-07-2-5.jpg 1200w\" sizes=\"(max-width: 1024px) 100vw, 1024px\" \/><\/figure>\n<\/div>\n\n<div class=\"wp-block-image\">\n<figure class=\"alignright size-large\"><img decoding=\"async\" width=\"1024\" height=\"538\" src=\"https:\/\/www.zunoticia.com\/noticias-de-hidalgo\/wp-content\/uploads\/2023\/01\/Zu-Noticia-Global-07-3-5-1024x538.jpg\" alt=\"\" class=\"wp-image-465037\" srcset=\"https:\/\/www.zunoticia.com\/noticias-de-hidalgo\/wp-content\/uploads\/2023\/01\/Zu-Noticia-Global-07-3-5-1024x538.jpg 1024w, https:\/\/www.zunoticia.com\/noticias-de-hidalgo\/wp-content\/uploads\/2023\/01\/Zu-Noticia-Global-07-3-5-300x158.jpg 300w, https:\/\/www.zunoticia.com\/noticias-de-hidalgo\/wp-content\/uploads\/2023\/01\/Zu-Noticia-Global-07-3-5-768x403.jpg 768w, https:\/\/www.zunoticia.com\/noticias-de-hidalgo\/wp-content\/uploads\/2023\/01\/Zu-Noticia-Global-07-3-5.jpg 1200w\" sizes=\"(max-width: 1024px) 100vw, 1024px\" \/><\/figure>\n<\/div>\n\n\n<p>En esta ocasi\u00f3n se visit\u00f3 la comunidad de Chichiltepec como punto sede donde tambi\u00e9n asistieron las comunidades de Coamapil y Tianguis, las cuales pudieron realizar sus tr\u00e1mites de registros de nacimiento, actas y CURP.<\/p>\n\n\n<div class=\"wp-block-image\">\n<figure class=\"alignleft size-large\"><img decoding=\"async\" width=\"1024\" height=\"538\" src=\"https:\/\/www.zunoticia.com\/noticias-de-hidalgo\/wp-content\/uploads\/2023\/01\/Zu-Noticia-Global-07-4-5-1024x538.jpg\" alt=\"\" class=\"wp-image-465038\" srcset=\"https:\/\/www.zunoticia.com\/noticias-de-hidalgo\/wp-content\/uploads\/2023\/01\/Zu-Noticia-Global-07-4-5-1024x538.jpg 1024w, https:\/\/www.zunoticia.com\/noticias-de-hidalgo\/wp-content\/uploads\/2023\/01\/Zu-Noticia-Global-07-4-5-300x158.jpg 300w, https:\/\/www.zunoticia.com\/noticias-de-hidalgo\/wp-content\/uploads\/2023\/01\/Zu-Noticia-Global-07-4-5-768x403.jpg 768w, https:\/\/www.zunoticia.com\/noticias-de-hidalgo\/wp-content\/uploads\/2023\/01\/Zu-Noticia-Global-07-4-5.jpg 1200w\" sizes=\"(max-width: 1024px) 100vw, 1024px\" \/><\/figure>\n<\/div>\n\n\n<p>Con estas jornadas el Gobierno Municipal pretende disminuir costos de traslado a la cabecera municipal a quienes necesitan este tipo de tr\u00e1mites, adem\u00e1s el alcalde Marcos Bautista Medina reafirma su compromiso para que estas jornadas se realicen peri\u00f3dicamente en las dem\u00e1s comunidades.<\/p>\n\n\n<div class=\"wp-block-image\">\n<figure class=\"alignright size-large\"><img loading=\"lazy\" decoding=\"async\" width=\"1024\" height=\"538\" src=\"https:\/\/www.zunoticia.com\/noticias-de-hidalgo\/wp-content\/uploads\/2023\/01\/Zu-Noticia-Global-07-5-5-1024x538.jpg\" alt=\"\" class=\"wp-image-465039\" srcset=\"https:\/\/www.zunoticia.com\/noticias-de-hidalgo\/wp-content\/uploads\/2023\/01\/Zu-Noticia-Global-07-5-5-1024x538.jpg 1024w, https:\/\/www.zunoticia.com\/noticias-de-hidalgo\/wp-content\/uploads\/2023\/01\/Zu-Noticia-Global-07-5-5-300x158.jpg 300w, https:\/\/www.zunoticia.com\/noticias-de-hidalgo\/wp-content\/uploads\/2023\/01\/Zu-Noticia-Global-07-5-5-768x403.jpg 768w, https:\/\/www.zunoticia.com\/noticias-de-hidalgo\/wp-content\/uploads\/2023\/01\/Zu-Noticia-Global-07-5-5.jpg 1200w\" sizes=\"(max-width: 1024px) 100vw, 1024px\" \/><\/figure>\n<\/div>","protected":false},"excerpt":{"rendered":"<p>Mois\u00e9s Medrano \/ Zunoticia Tlanchinol Hgo:- El Gobierno Municipal Tlanchinol 2020-2024, que preside&nbsp; Marcos Bautista Medina, a trav\u00e9s del \u00c1rea del Registro del Estado Familiar Municipal, contin\u00faan con la apertura de la Jornada de Tr\u00e1mites de actas y registros de nacimiento, denominada &#8220;EL REGISTRO CIVIL CERCA DE TI&#8221;. En esta ocasi\u00f3n se visit\u00f3 la comunidad&hellip; <a class=\"more-link\" href=\"https:\/\/www.zunoticia.com\/noticias-de-hidalgo\/2023\/01\/21\/se-mantiene-jornada-de-tramites-de-actas-y-registro-de-nacimiento\/\">Seguir leyendo <span class=\"screen-reader-text\">Se mantiene Jornada de Tr\u00e1mites de Actas y Registro de Nacimiento<\/span><\/a><\/p>\n","protected":false},"author":12,"featured_media":465035,"comment_status":"closed","ping_status":"open","sticky":false,"template":"","format":"standard","meta":{"rop_custom_images_group":[],"rop_custom_messages_group":[],"rop_publish_now":"initial","rop_publish_now_accounts":{"facebook_10159540855086992_322828327761733":""},"rop_publish_now_history":[],"rop_publish_now_status":"pending","footnotes":""},"categories":[201],"tags":[127],"class_list":["post-465033","post","type-post","status-publish","format-standard","has-post-thumbnail","hentry","category-tlanchinol","tag-tlanchinol","entry"],"_links":{"self":[{"href":"https:\/\/www.zunoticia.com\/noticias-de-hidalgo\/wp-json\/wp\/v2\/posts\/465033","targetHints":{"allow":["GET"]}}],"collection":[{"href":"https:\/\/www.zunoticia.com\/noticias-de-hidalgo\/wp-json\/wp\/v2\/posts"}],"about":[{"href":"https:\/\/www.zunoticia.com\/noticias-de-hidalgo\/wp-json\/wp\/v2\/types\/post"}],"author":[{"embeddable":true,"href":"https:\/\/www.zunoticia.com\/noticias-de-hidalgo\/wp-json\/wp\/v2\/users\/12"}],"replies":[{"embeddable":true,"href":"https:\/\/www.zunoticia.com\/noticias-de-hidalgo\/wp-json\/wp\/v2\/comments?post=465033"}],"version-history":[{"count":1,"href":"https:\/\/www.zunoticia.com\/noticias-de-hidalgo\/wp-json\/wp\/v2\/posts\/465033\/revisions"}],"predecessor-version":[{"id":465040,"href":"https:\/\/www.zunoticia.com\/noticias-de-hidalgo\/wp-json\/wp\/v2\/posts\/465033\/revisions\/465040"}],"wp:featuredmedia":[{"embeddable":true,"href":"https:\/\/www.zunoticia.com\/noticias-de-hidalgo\/wp-json\/wp\/v2\/media\/465035"}],"wp:attachment":[{"href":"https:\/\/www.zunoticia.com\/noticias-de-hidalgo\/wp-json\/wp\/v2\/media?parent=465033"}],"wp:term":[{"taxonomy":"category","embeddable":true,"href":"https:\/\/www.zunoticia.com\/noticias-de-hidalgo\/wp-json\/wp\/v2\/categories?post=465033"},{"taxonomy":"post_tag","embeddable":true,"href":"https:\/\/www.zunoticia.com\/noticias-de-hidalgo\/wp-json\/wp\/v2\/tags?post=465033"}],"curies":[{"name":"wp","href":"https:\/\/api.w.org\/{rel}","templated":true}]}}