{"id":466239,"date":"2023-01-30T14:51:07","date_gmt":"2023-01-30T20:51:07","guid":{"rendered":"https:\/\/www.zunoticia.com\/noticias-de-hidalgo\/?p=466239"},"modified":"2023-01-30T14:51:09","modified_gmt":"2023-01-30T20:51:09","slug":"caminata-por-la-paz","status":"publish","type":"post","link":"https:\/\/www.zunoticia.com\/noticias-de-hidalgo\/2023\/01\/30\/caminata-por-la-paz\/","title":{"rendered":"\u201cCaminata por la Paz\u201d"},"content":{"rendered":"<aside class=\"mashsb-container mashsb-main mashsb-stretched\"><div class=\"mashsb-box\"><div class=\"mashsb-count mash-large\" style=\"float:left\"><div class=\"counts mashsbcount\">7<\/div><span class=\"mashsb-sharetext\">SHARES<\/span><\/div><div class=\"mashsb-buttons\"><a class=\"mashicon-facebook mash-large mash-center mashsb-noshadow\" href=\"https:\/\/www.facebook.com\/sharer.php?u=https%3A%2F%2Fwww.zunoticia.com%2Fnoticias-de-hidalgo%2F2023%2F01%2F30%2Fcaminata-por-la-paz%2F\" target=\"_top\" rel=\"nofollow\"><span class=\"icon\"><\/span><span class=\"text\">Share<\/span><\/a><a class=\"mashicon-twitter mash-large mash-center mashsb-noshadow\" href=\"https:\/\/twitter.com\/intent\/tweet?text=&amp;url=https:\/\/www.zunoticia.com\/noticias-de-hidalgo\/2023\/01\/30\/caminata-por-la-paz\/\" target=\"_top\" rel=\"nofollow\"><span class=\"icon\"><\/span><span class=\"text\">Tweet<\/span><\/a><div class=\"onoffswitch2 mash-large mashsb-noshadow\" style=\"display:none\"><\/div><\/div>\n            <\/div>\n                <div style=\"clear:both\"><\/div><div class=\"mashsb-toggle-container\"><\/div><\/aside>\n            <!-- Share buttons by mashshare.net - Version: 4.0.47-->\n<p><em>Por Redacci\u00f3n\/Zunoticia<\/em><\/p>\n\n\n\n<p><strong>Pachuca de Soto, Hgo. &#8211;<\/strong> El Colegio de Estudios Cient\u00edficos y Tecnol\u00f3gicos del Estado de Hidalgo conmemor\u00f3 el D\u00eda Escolar de la Paz y No Violencia con una caminata simb\u00f3lica de 1.8 Km donde m\u00e1s de 200 personas entre comunidad educativa, directivos, docentes y personal de apoyo a la educaci\u00f3n se comprometieron a ser defensores de la paz, promoviendo la tolerancia entre personas de distintas ideolog\u00edas.<\/p>\n\n\n\n<p>El 30 de enero se conmemor\u00f3 el aniversario de la muerte del Mahatma Gandhi, l\u00edder pacifista que luch\u00f3 por la no violencia y la resistencia pac\u00edfica frente a la injusticia; CECyTE Hidalgo eligi\u00f3 esta fecha para portar una prenda blanca y realizar una caminata por uno de los circuitos m\u00e1s importantes de la ex hacienda La Concepci\u00f3n para visibilizar una actividad inspirada en la no violencia y paz.<\/p>\n\n\n\n<figure class=\"wp-block-image size-large\"><img fetchpriority=\"high\" decoding=\"async\" width=\"1024\" height=\"655\" src=\"https:\/\/www.zunoticia.com\/noticias-de-hidalgo\/wp-content\/uploads\/2023\/01\/WhatsApp-Image-2023-01-30-at-2.08.26-PM-2-1024x655.jpeg\" alt=\"\" class=\"wp-image-466244\" srcset=\"https:\/\/www.zunoticia.com\/noticias-de-hidalgo\/wp-content\/uploads\/2023\/01\/WhatsApp-Image-2023-01-30-at-2.08.26-PM-2-1024x655.jpeg 1024w, https:\/\/www.zunoticia.com\/noticias-de-hidalgo\/wp-content\/uploads\/2023\/01\/WhatsApp-Image-2023-01-30-at-2.08.26-PM-2-300x192.jpeg 300w, https:\/\/www.zunoticia.com\/noticias-de-hidalgo\/wp-content\/uploads\/2023\/01\/WhatsApp-Image-2023-01-30-at-2.08.26-PM-2-768x491.jpeg 768w, https:\/\/www.zunoticia.com\/noticias-de-hidalgo\/wp-content\/uploads\/2023\/01\/WhatsApp-Image-2023-01-30-at-2.08.26-PM-2-1536x983.jpeg 1536w, https:\/\/www.zunoticia.com\/noticias-de-hidalgo\/wp-content\/uploads\/2023\/01\/WhatsApp-Image-2023-01-30-at-2.08.26-PM-2-1568x1003.jpeg 1568w, https:\/\/www.zunoticia.com\/noticias-de-hidalgo\/wp-content\/uploads\/2023\/01\/WhatsApp-Image-2023-01-30-at-2.08.26-PM-2.jpeg 1599w\" sizes=\"(max-width: 1024px) 100vw, 1024px\" \/><\/figure>\n\n\n\n<p>El evento culmin\u00f3 con una actividad en la cual se plasmaron sus huellas las diferentes autoridades y el personal de la direcci\u00f3n general de CECyTE Hidalgo; esta marca en pintura blanca es un s\u00edmbolo de lucha y trabajo permanente e incansable a favor de la paz.<\/p>\n\n\n\n<p>El CECyTE Hidalgo env\u00eda un mensaje a su comunidad estudiantil de adquirir conocimientos, actitudes y competencias que refuercen su desarrollo como ciudadanos con la habilidad de resoluci\u00f3n de conflictos y una convivencia de paz que a futuro impacten en el Estado de Hidalgo.<\/p>\n\n\n\n<p>En esta conmemoraci\u00f3n del D\u00eda Escolar de la Paz y No Violencia se sumaron las siguientes autoridades: el Mtro. Jes\u00fas L\u00f3pez Serrano titular de la Oficina de Enlace Educativo del Gobierno de M\u00e9xico en el Estado de Hidalgo; el Dr. Agust\u00edn Rowe C\u00f3rdova, director general del CECyTEH; la Mtra. Ana Karen Parra Bonilla, presidenta de la Comisi\u00f3n de Derechos Humanos del Estado de Hidalgo; Lic. Luis Ricardo Olvera Molina, director general del Instituto Hidalguense de la Juventud; Lic. Nhur Amira N\u00fa\u00f1ez Ponce, directora de la Unidad Institucional para la Igualdad entre Mujeres y Hombres.<\/p>\n","protected":false},"excerpt":{"rendered":"<p>Por Redacci\u00f3n\/Zunoticia Pachuca de Soto, Hgo. &#8211; El Colegio de Estudios Cient\u00edficos y Tecnol\u00f3gicos del Estado de Hidalgo conmemor\u00f3 el D\u00eda Escolar de la Paz y No Violencia con una caminata simb\u00f3lica de 1.8 Km donde m\u00e1s de 200 personas entre comunidad educativa, directivos, docentes y personal de apoyo a la educaci\u00f3n se comprometieron a&hellip; <a class=\"more-link\" href=\"https:\/\/www.zunoticia.com\/noticias-de-hidalgo\/2023\/01\/30\/caminata-por-la-paz\/\">Seguir leyendo <span class=\"screen-reader-text\">\u201cCaminata por la Paz\u201d<\/span><\/a><\/p>\n","protected":false},"author":12,"featured_media":466243,"comment_status":"closed","ping_status":"open","sticky":false,"template":"","format":"standard","meta":{"rop_custom_images_group":[],"rop_custom_messages_group":[],"rop_publish_now":"initial","rop_publish_now_accounts":{"facebook_10159540855086992_322828327761733":""},"rop_publish_now_history":[],"rop_publish_now_status":"pending","footnotes":""},"categories":[208],"tags":[214],"class_list":["post-466239","post","type-post","status-publish","format-standard","has-post-thumbnail","hentry","category-estado","tag-estado","entry"],"_links":{"self":[{"href":"https:\/\/www.zunoticia.com\/noticias-de-hidalgo\/wp-json\/wp\/v2\/posts\/466239","targetHints":{"allow":["GET"]}}],"collection":[{"href":"https:\/\/www.zunoticia.com\/noticias-de-hidalgo\/wp-json\/wp\/v2\/posts"}],"about":[{"href":"https:\/\/www.zunoticia.com\/noticias-de-hidalgo\/wp-json\/wp\/v2\/types\/post"}],"author":[{"embeddable":true,"href":"https:\/\/www.zunoticia.com\/noticias-de-hidalgo\/wp-json\/wp\/v2\/users\/12"}],"replies":[{"embeddable":true,"href":"https:\/\/www.zunoticia.com\/noticias-de-hidalgo\/wp-json\/wp\/v2\/comments?post=466239"}],"version-history":[{"count":1,"href":"https:\/\/www.zunoticia.com\/noticias-de-hidalgo\/wp-json\/wp\/v2\/posts\/466239\/revisions"}],"predecessor-version":[{"id":466245,"href":"https:\/\/www.zunoticia.com\/noticias-de-hidalgo\/wp-json\/wp\/v2\/posts\/466239\/revisions\/466245"}],"wp:featuredmedia":[{"embeddable":true,"href":"https:\/\/www.zunoticia.com\/noticias-de-hidalgo\/wp-json\/wp\/v2\/media\/466243"}],"wp:attachment":[{"href":"https:\/\/www.zunoticia.com\/noticias-de-hidalgo\/wp-json\/wp\/v2\/media?parent=466239"}],"wp:term":[{"taxonomy":"category","embeddable":true,"href":"https:\/\/www.zunoticia.com\/noticias-de-hidalgo\/wp-json\/wp\/v2\/categories?post=466239"},{"taxonomy":"post_tag","embeddable":true,"href":"https:\/\/www.zunoticia.com\/noticias-de-hidalgo\/wp-json\/wp\/v2\/tags?post=466239"}],"curies":[{"name":"wp","href":"https:\/\/api.w.org\/{rel}","templated":true}]}}