{"id":466260,"date":"2023-01-30T16:09:21","date_gmt":"2023-01-30T22:09:21","guid":{"rendered":"https:\/\/www.zunoticia.com\/noticias-de-hidalgo\/?p=466260"},"modified":"2023-01-30T16:10:08","modified_gmt":"2023-01-30T22:10:08","slug":"realizaran-segunda-feria-metropolitana-del-libro-pachuca-2023","status":"publish","type":"post","link":"https:\/\/www.zunoticia.com\/noticias-de-hidalgo\/2023\/01\/30\/realizaran-segunda-feria-metropolitana-del-libro-pachuca-2023\/","title":{"rendered":"Realizar\u00e1n segunda Feria Metropolitana del Libro Pachuca 2023"},"content":{"rendered":"<aside class=\"mashsb-container mashsb-main mashsb-stretched\"><div class=\"mashsb-box\"><div class=\"mashsb-count mash-large\" style=\"float:left\"><div class=\"counts mashsbcount\">28<\/div><span class=\"mashsb-sharetext\">SHARES<\/span><\/div><div class=\"mashsb-buttons\"><a class=\"mashicon-facebook mash-large mash-center mashsb-noshadow\" href=\"https:\/\/www.facebook.com\/sharer.php?u=https%3A%2F%2Fwww.zunoticia.com%2Fnoticias-de-hidalgo%2F2023%2F01%2F30%2Frealizaran-segunda-feria-metropolitana-del-libro-pachuca-2023%2F\" target=\"_top\" rel=\"nofollow\"><span class=\"icon\"><\/span><span class=\"text\">Share<\/span><\/a><a class=\"mashicon-twitter mash-large mash-center mashsb-noshadow\" href=\"https:\/\/twitter.com\/intent\/tweet?text=&amp;url=https:\/\/www.zunoticia.com\/noticias-de-hidalgo\/2023\/01\/30\/realizaran-segunda-feria-metropolitana-del-libro-pachuca-2023\/\" target=\"_top\" rel=\"nofollow\"><span class=\"icon\"><\/span><span class=\"text\">Tweet<\/span><\/a><div class=\"onoffswitch2 mash-large mashsb-noshadow\" style=\"display:none\"><\/div><\/div>\n            <\/div>\n                <div style=\"clear:both\"><\/div><div class=\"mashsb-toggle-container\"><\/div><\/aside>\n            <!-- Share buttons by mashshare.net - Version: 4.0.47-->\n<ul class=\"wp-block-list\"><li>Del 24 de febrero al 5 de marzo en la Plaza Independencia, junto al Reloj Monumental<\/li><\/ul>\n\n\n\n<p><em>Por Redacci\u00f3n\/Zunoticia<\/em><\/p>\n\n\n\n<p><strong>Pachuca de Soto, Hgo. &#8211;<\/strong> La Secretar\u00eda de Cultura y el Consejo Estatal para la Cultura y las Artes de Hidalgo (CECULTAH) informaron que apoyar\u00e1n con algunas actividades en la segunda Feria Metropolitana del Libro Pachuca 2023, que se llevar\u00e1 a cabo del 24 de febrero al 5 de marzo en la Plaza Independencia, junto al Reloj Monumental.<\/p>\n\n\n\n<p>El evento estar\u00e1 abierto al p\u00fablico de forma gratuita desde las 10:00 hasta las 21:00 horas, y busca fomentar el h\u00e1bito de la lectura, adem\u00e1s de visibilizar a las y los escritores hidalguenses.<\/p>\n\n\n\n<figure class=\"wp-block-gallery has-nested-images columns-default is-cropped wp-block-gallery-1 is-layout-flex wp-block-gallery-is-layout-flex\">\n<figure class=\"wp-block-image size-large\"><img fetchpriority=\"high\" decoding=\"async\" width=\"1024\" height=\"576\" data-id=\"466263\" src=\"https:\/\/www.zunoticia.com\/noticias-de-hidalgo\/wp-content\/uploads\/2023\/01\/WhatsApp-Image-2023-01-30-at-3.36.30-PM-2.jpeg\" alt=\"\" class=\"wp-image-466263\" srcset=\"https:\/\/www.zunoticia.com\/noticias-de-hidalgo\/wp-content\/uploads\/2023\/01\/WhatsApp-Image-2023-01-30-at-3.36.30-PM-2.jpeg 1024w, https:\/\/www.zunoticia.com\/noticias-de-hidalgo\/wp-content\/uploads\/2023\/01\/WhatsApp-Image-2023-01-30-at-3.36.30-PM-2-300x169.jpeg 300w, https:\/\/www.zunoticia.com\/noticias-de-hidalgo\/wp-content\/uploads\/2023\/01\/WhatsApp-Image-2023-01-30-at-3.36.30-PM-2-768x432.jpeg 768w\" sizes=\"(max-width: 1024px) 100vw, 1024px\" \/><\/figure>\n\n\n\n<figure class=\"wp-block-image size-large\"><img decoding=\"async\" width=\"1024\" height=\"576\" data-id=\"466262\" src=\"https:\/\/www.zunoticia.com\/noticias-de-hidalgo\/wp-content\/uploads\/2023\/01\/WhatsApp-Image-2023-01-30-at-3.36.33-PM-1.jpeg\" alt=\"\" class=\"wp-image-466262\" srcset=\"https:\/\/www.zunoticia.com\/noticias-de-hidalgo\/wp-content\/uploads\/2023\/01\/WhatsApp-Image-2023-01-30-at-3.36.33-PM-1.jpeg 1024w, https:\/\/www.zunoticia.com\/noticias-de-hidalgo\/wp-content\/uploads\/2023\/01\/WhatsApp-Image-2023-01-30-at-3.36.33-PM-1-300x169.jpeg 300w, https:\/\/www.zunoticia.com\/noticias-de-hidalgo\/wp-content\/uploads\/2023\/01\/WhatsApp-Image-2023-01-30-at-3.36.33-PM-1-768x432.jpeg 768w\" sizes=\"(max-width: 1024px) 100vw, 1024px\" \/><\/figure>\n<\/figure>\n\n\n\n<p>En esta segunda edici\u00f3n participar\u00e1n aproximadamente 50 sellos editoriales como Delf\u00edn, Oc\u00e9ano, Pachuk Cartonera, Penguin Random House, Planeta, Revista Proceso, Sexto Piso, adem\u00e1s de la Red de Editoriales Independientes de Hidalgo.<\/p>\n\n\n\n<p>La organizaci\u00f3n de la Feria est\u00e1 a cargo de la Fundaci\u00f3n Cultural Mecenas del Libro A.C., dirigida por Osvaldo Ju\u00e1rez Ortega, y por la s\u00edndica procuradora del ayuntamiento de Pachuca, Liliana Mera Curiel.<\/p>\n\n\n\n<p>Por su parte, la Secretar\u00eda de Culturan reconoci\u00f3 el esfuerzo para llevar a cabo esta actividad en favor de la lectura e inform\u00f3 que su participaci\u00f3n es con la intenci\u00f3n de dar difusi\u00f3n y promover el acercamiento de las infancias y juventudes, as\u00ed como de la poblaci\u00f3n en general, a este tipo de eventos con el objetivo de brindarles opciones con temas art\u00edsticos y culturales, ya que la cultura es parte fundamental para la restituci\u00f3n del tejido social.<\/p>\n","protected":false},"excerpt":{"rendered":"<p>Del 24 de febrero al 5 de marzo en la Plaza Independencia, junto al Reloj Monumental Por Redacci\u00f3n\/Zunoticia Pachuca de Soto, Hgo. &#8211; La Secretar\u00eda de Cultura y el Consejo Estatal para la Cultura y las Artes de Hidalgo (CECULTAH) informaron que apoyar\u00e1n con algunas actividades en la segunda Feria Metropolitana del Libro Pachuca 2023,&hellip; <a class=\"more-link\" href=\"https:\/\/www.zunoticia.com\/noticias-de-hidalgo\/2023\/01\/30\/realizaran-segunda-feria-metropolitana-del-libro-pachuca-2023\/\">Seguir leyendo <span class=\"screen-reader-text\">Realizar\u00e1n segunda Feria Metropolitana del Libro Pachuca 2023<\/span><\/a><\/p>\n","protected":false},"author":12,"featured_media":466261,"comment_status":"closed","ping_status":"open","sticky":false,"template":"","format":"standard","meta":{"rop_custom_images_group":[],"rop_custom_messages_group":[],"rop_publish_now":"initial","rop_publish_now_accounts":{"facebook_10159540855086992_322828327761733":""},"rop_publish_now_history":[],"rop_publish_now_status":"pending","footnotes":""},"categories":[208],"tags":[214],"class_list":["post-466260","post","type-post","status-publish","format-standard","has-post-thumbnail","hentry","category-estado","tag-estado","entry"],"_links":{"self":[{"href":"https:\/\/www.zunoticia.com\/noticias-de-hidalgo\/wp-json\/wp\/v2\/posts\/466260","targetHints":{"allow":["GET"]}}],"collection":[{"href":"https:\/\/www.zunoticia.com\/noticias-de-hidalgo\/wp-json\/wp\/v2\/posts"}],"about":[{"href":"https:\/\/www.zunoticia.com\/noticias-de-hidalgo\/wp-json\/wp\/v2\/types\/post"}],"author":[{"embeddable":true,"href":"https:\/\/www.zunoticia.com\/noticias-de-hidalgo\/wp-json\/wp\/v2\/users\/12"}],"replies":[{"embeddable":true,"href":"https:\/\/www.zunoticia.com\/noticias-de-hidalgo\/wp-json\/wp\/v2\/comments?post=466260"}],"version-history":[{"count":3,"href":"https:\/\/www.zunoticia.com\/noticias-de-hidalgo\/wp-json\/wp\/v2\/posts\/466260\/revisions"}],"predecessor-version":[{"id":466266,"href":"https:\/\/www.zunoticia.com\/noticias-de-hidalgo\/wp-json\/wp\/v2\/posts\/466260\/revisions\/466266"}],"wp:featuredmedia":[{"embeddable":true,"href":"https:\/\/www.zunoticia.com\/noticias-de-hidalgo\/wp-json\/wp\/v2\/media\/466261"}],"wp:attachment":[{"href":"https:\/\/www.zunoticia.com\/noticias-de-hidalgo\/wp-json\/wp\/v2\/media?parent=466260"}],"wp:term":[{"taxonomy":"category","embeddable":true,"href":"https:\/\/www.zunoticia.com\/noticias-de-hidalgo\/wp-json\/wp\/v2\/categories?post=466260"},{"taxonomy":"post_tag","embeddable":true,"href":"https:\/\/www.zunoticia.com\/noticias-de-hidalgo\/wp-json\/wp\/v2\/tags?post=466260"}],"curies":[{"name":"wp","href":"https:\/\/api.w.org\/{rel}","templated":true}]}}