{"id":466291,"date":"2023-01-30T17:39:51","date_gmt":"2023-01-30T23:39:51","guid":{"rendered":"https:\/\/www.zunoticia.com\/noticias-de-hidalgo\/?p=466291"},"modified":"2023-01-30T17:39:53","modified_gmt":"2023-01-30T23:39:53","slug":"hidalgo-se-suma-a-la-campana-sin-estigma-ni-discriminacion-llevemos-a-la-lepra-a-su-eliminacion","status":"publish","type":"post","link":"https:\/\/www.zunoticia.com\/noticias-de-hidalgo\/2023\/01\/30\/hidalgo-se-suma-a-la-campana-sin-estigma-ni-discriminacion-llevemos-a-la-lepra-a-su-eliminacion\/","title":{"rendered":"Hidalgo se suma a la campa\u00f1a Sin estigma ni discriminaci\u00f3n, llevemos a la lepra a su eliminaci\u00f3n"},"content":{"rendered":"<aside class=\"mashsb-container mashsb-main mashsb-stretched\"><div class=\"mashsb-box\"><div class=\"mashsb-count mash-large\" style=\"float:left\"><div class=\"counts mashsbcount\">29<\/div><span class=\"mashsb-sharetext\">SHARES<\/span><\/div><div class=\"mashsb-buttons\"><a class=\"mashicon-facebook mash-large mash-center mashsb-noshadow\" href=\"https:\/\/www.facebook.com\/sharer.php?u=https%3A%2F%2Fwww.zunoticia.com%2Fnoticias-de-hidalgo%2F2023%2F01%2F30%2Fhidalgo-se-suma-a-la-campana-sin-estigma-ni-discriminacion-llevemos-a-la-lepra-a-su-eliminacion%2F\" target=\"_top\" rel=\"nofollow\"><span class=\"icon\"><\/span><span class=\"text\">Share<\/span><\/a><a class=\"mashicon-twitter mash-large mash-center mashsb-noshadow\" href=\"https:\/\/twitter.com\/intent\/tweet?text=&amp;url=https:\/\/www.zunoticia.com\/noticias-de-hidalgo\/2023\/01\/30\/hidalgo-se-suma-a-la-campana-sin-estigma-ni-discriminacion-llevemos-a-la-lepra-a-su-eliminacion\/\" target=\"_top\" rel=\"nofollow\"><span class=\"icon\"><\/span><span class=\"text\">Tweet<\/span><\/a><div class=\"onoffswitch2 mash-large mashsb-noshadow\" style=\"display:none\"><\/div><\/div>\n            <\/div>\n                <div style=\"clear:both\"><\/div><div class=\"mashsb-toggle-container\"><\/div><\/aside>\n            <!-- Share buttons by mashshare.net - Version: 4.0.47-->\n<p><em>Por Redacci\u00f3n\/Zunoticia<\/em><\/p>\n\n\n\n<p><strong>Pachuca de Soto, Hgo. &#8211; <\/strong>Con el lema \u201cSin estigma ni discriminaci\u00f3n, llevemos a la Lepra a su eliminaci\u00f3n\u201d este a\u00f1o, el \u00faltimo domingo de enero se conmemor\u00f3 el D\u00eda Mundial contra la Lepra, por lo que la Secretar\u00eda de Salud de Hidalgo (SSH) informa a la poblaci\u00f3n que, el objetivo de esta fecha es&nbsp; generar conciencia para la interrupci\u00f3n de la cadena de transmisi\u00f3n, mediante el fortalecimiento de la prevenci\u00f3n e impulsando la participaci\u00f3n de la sociedad civil y proveedores de salud con una atenci\u00f3n centrada en la persona, con \u00e9nfasis en grupos vulnerables.<\/p>\n\n\n\n<p>La Lepra, es una enfermedad infectocontagiosa, cr\u00f3nica, causada por Mycobacterium Leprae, que afecta principalmente piel y nervios perif\u00e9ricos, la mucosa de las v\u00edas respiratorias superiores y los ojos. Se transmite de una persona enferma no tratada a otra a trav\u00e9s de las v\u00edas respiratorias o la piel y su periodo de incubaci\u00f3n es muy prolongado de tres a cinco a\u00f1os.<\/p>\n\n\n\n<p>Los signos y s\u00edntomas sugestivos: manchas blanquecinas, rojizas o cobrizas con trastorno de la sensibilidad, o bien placas infiltradas, n\u00f3dulos, \u00falceras, o zonas con alteraciones de la sensibilidad sin lesiones en la piel. El diagn\u00f3stico confirmatorio se realiza a trav\u00e9s de baciloscopia de la lesi\u00f3n y estudio histopatol\u00f3gico para lo que se toma una muestra de la lesi\u00f3n.<\/p>\n\n\n\n<p>En M\u00e9xico e Hidalgo, a\u00fan existen casos de Lepra, sin embargo, es una enfermedad curable con un diagn\u00f3stico, tratamiento y seguimiento, todo ello, a trav\u00e9s de los servicios gratuitos en todas las unidades de salud.<\/p>\n\n\n\n<p>En este sentido la SSH invita a evitar el estigma, la discriminaci\u00f3n e informarse sobre esta enfermedad.<\/p>\n\n\n\n<p>Las unidades m\u00e9dicas de la SSH realizan permanentemente pl\u00e1ticas a poblaci\u00f3n en general, orientaci\u00f3n en las salas de espera y consulta externa con medidas de bioseguridad, b\u00fasqueda activa de casos mediante la aplicaci\u00f3n de cuestionarios dermatol\u00f3gicos, tomas de muestras en casos probables con la finalidad de confirmar o descartarlos. Asimismo, se revisan y monitorean los casos ya curados, y se refuerzan las acciones en las regiones en donde se han presentado casos los \u00faltimos cinco a\u00f1os, las muestras se realizan en el Laboratorio Estatal de Salud P\u00fablica (LESPH).<\/p>\n","protected":false},"excerpt":{"rendered":"<p>Por Redacci\u00f3n\/Zunoticia Pachuca de Soto, Hgo. &#8211; Con el lema \u201cSin estigma ni discriminaci\u00f3n, llevemos a la Lepra a su eliminaci\u00f3n\u201d este a\u00f1o, el \u00faltimo domingo de enero se conmemor\u00f3 el D\u00eda Mundial contra la Lepra, por lo que la Secretar\u00eda de Salud de Hidalgo (SSH) informa a la poblaci\u00f3n que, el objetivo de esta&hellip; <a class=\"more-link\" href=\"https:\/\/www.zunoticia.com\/noticias-de-hidalgo\/2023\/01\/30\/hidalgo-se-suma-a-la-campana-sin-estigma-ni-discriminacion-llevemos-a-la-lepra-a-su-eliminacion\/\">Seguir leyendo <span class=\"screen-reader-text\">Hidalgo se suma a la campa\u00f1a Sin estigma ni discriminaci\u00f3n, llevemos a la lepra a su eliminaci\u00f3n<\/span><\/a><\/p>\n","protected":false},"author":12,"featured_media":466292,"comment_status":"closed","ping_status":"open","sticky":false,"template":"","format":"standard","meta":{"rop_custom_images_group":[],"rop_custom_messages_group":[],"rop_publish_now":"initial","rop_publish_now_accounts":{"facebook_10159540855086992_322828327761733":""},"rop_publish_now_history":[],"rop_publish_now_status":"pending","footnotes":""},"categories":[208],"tags":[214],"class_list":["post-466291","post","type-post","status-publish","format-standard","has-post-thumbnail","hentry","category-estado","tag-estado","entry"],"_links":{"self":[{"href":"https:\/\/www.zunoticia.com\/noticias-de-hidalgo\/wp-json\/wp\/v2\/posts\/466291","targetHints":{"allow":["GET"]}}],"collection":[{"href":"https:\/\/www.zunoticia.com\/noticias-de-hidalgo\/wp-json\/wp\/v2\/posts"}],"about":[{"href":"https:\/\/www.zunoticia.com\/noticias-de-hidalgo\/wp-json\/wp\/v2\/types\/post"}],"author":[{"embeddable":true,"href":"https:\/\/www.zunoticia.com\/noticias-de-hidalgo\/wp-json\/wp\/v2\/users\/12"}],"replies":[{"embeddable":true,"href":"https:\/\/www.zunoticia.com\/noticias-de-hidalgo\/wp-json\/wp\/v2\/comments?post=466291"}],"version-history":[{"count":1,"href":"https:\/\/www.zunoticia.com\/noticias-de-hidalgo\/wp-json\/wp\/v2\/posts\/466291\/revisions"}],"predecessor-version":[{"id":466293,"href":"https:\/\/www.zunoticia.com\/noticias-de-hidalgo\/wp-json\/wp\/v2\/posts\/466291\/revisions\/466293"}],"wp:featuredmedia":[{"embeddable":true,"href":"https:\/\/www.zunoticia.com\/noticias-de-hidalgo\/wp-json\/wp\/v2\/media\/466292"}],"wp:attachment":[{"href":"https:\/\/www.zunoticia.com\/noticias-de-hidalgo\/wp-json\/wp\/v2\/media?parent=466291"}],"wp:term":[{"taxonomy":"category","embeddable":true,"href":"https:\/\/www.zunoticia.com\/noticias-de-hidalgo\/wp-json\/wp\/v2\/categories?post=466291"},{"taxonomy":"post_tag","embeddable":true,"href":"https:\/\/www.zunoticia.com\/noticias-de-hidalgo\/wp-json\/wp\/v2\/tags?post=466291"}],"curies":[{"name":"wp","href":"https:\/\/api.w.org\/{rel}","templated":true}]}}